{"id":1253,"date":"2012-10-20T17:15:35","date_gmt":"2012-10-20T16:15:35","guid":{"rendered":"http:\/\/blogs.diariovasco.com\/mascotas\/?p=1253"},"modified":"2012-10-20T17:15:35","modified_gmt":"2012-10-20T16:15:35","slug":"urgente-acogida-o-adopcion-antes-del-2-de-noviembre-o-iran-a-la-perrera","status":"publish","type":"post","link":"https:\/\/blogs.diariovasco.com\/mascotas\/2012\/10\/20\/urgente-acogida-o-adopcion-antes-del-2-de-noviembre-o-iran-a-la-perrera\/","title":{"rendered":"Urgente: acogida o adopci\u00f3n antes del 2 de Noviembre o ir\u00e1n a la perrera"},"content":{"rendered":"<div id=\"attachment_1255\" style=\"width: 410px\" class=\"wp-caption alignleft\"><a href=\"\/mascotas\/wp-content\/uploads\/sites\/15\/2012\/10\/cachorrito_macho2.jpg\"><img aria-describedby=\"caption-attachment-1255\" loading=\"lazy\" class=\"size-full wp-image-1255\" title=\"cachorrito_macho2\" src=\"\/mascotas\/wp-content\/uploads\/sites\/15\/2012\/10\/cachorrito_macho2-e1350749549748.jpg\" alt=\"\" width=\"400\" height=\"533\" srcset=\"https:\/\/static-blogs.diariovasco.com\/wp-content\/uploads\/sites\/15\/2012\/10\/cachorrito_macho2-e1350749549748.jpg 400w, https:\/\/static-blogs.diariovasco.com\/wp-content\/uploads\/sites\/15\/2012\/10\/cachorrito_macho2-e1350749549748-225x300.jpg 225w\" sizes=\"(max-width: 400px) 100vw, 400px\" \/><\/a><p id=\"caption-attachment-1255\" class=\"wp-caption-text\">Uno de los machitos<\/p><\/div>\n<p style=\"text-align: justify;\">Estos tres cachorritos de ratonero a\u00fan no han empezado como quien dice a vivir y su vida ya peligra. Hoy mismo cumplen 2 meses y si para el d\u00eda 2 de noviembre no les sale ninguna adopci\u00f3n o casa de acogida, ser\u00e1n llevados a la perrera. Son dos machos y una hembra fruto de una camada tenida por la falsa creencia de que una perra necesita tener al menos una camada en su vida. La chica que se est\u00e1 encargando de buscarles acogida o adopci\u00f3n no puede tampoco tenerlos en su casa, pero se compromete a seguir con el caso hasta que todos est\u00e9n adoptados en el caso de que alguien nos ayude acogiendo alguno.<\/p>\n<p style=\"text-align: justify;\">Como os he puesto m\u00e1s arriba, tienen dos mesecitos recien cumplidos. Su madre pesa 6 kg y el padre alrededor de 8kg, as\u00ed que se calcula que ellos de adultos pesar\u00e1n entre 8kg y 10kg. Ya comen solitos, as\u00ed que ya est\u00e1n preparados para irse a tu casa. Son demasiado peque\u00f1os para sobrevivir en una perrera, m\u00e1s con el fr\u00edo del invierno&#8230; Por favor, que alguien los acoja aunque sea, como os he contado, la chica que se encarga de su difusi\u00f3n va a seguir haci\u00e9ndolo pese a que alguien los acoja.<\/p>\n<p style=\"text-align: justify;\">Se entregan vacunados, con contrato de adopci\u00f3n y compromiso de esterilizaci\u00f3n cuando tengan la edad para ello. Si quieres una de estas bolitas en tu casa para siempre o si, por lo menos, puedes ayudarlos temporalmente para que no acaben en una perrera escribe <a href=\"mailto:elur2007@hotmail.com\" target=\"_blank\">elur2007@hotmail.com<\/a> o llama al\u00a0635-70-42-00.<\/p>\n\n\t\t<style type=\"text\/css\">\n\t\t\t#gallery-1 {\n\t\t\t\tmargin: auto;\n\t\t\t}\n\t\t\t#gallery-1 .gallery-item {\n\t\t\t\tfloat: left;\n\t\t\t\tmargin-top: 10px;\n\t\t\t\ttext-align: center;\n\t\t\t\twidth: 33%;\n\t\t\t}\n\t\t\t#gallery-1 img {\n\t\t\t\tborder: 2px solid #cfcfcf;\n\t\t\t}\n\t\t\t#gallery-1 .gallery-caption {\n\t\t\t\tmargin-left: 0;\n\t\t\t}\n\t\t\t\/* see gallery_shortcode() in wp-includes\/media.php *\/\n\t\t<\/style>\n\t\t<div id='gallery-1' class='gallery galleryid-1253 gallery-columns-3 gallery-size-thumbnail'><dl class='gallery-item'>\n\t\t\t<dt class='gallery-icon portrait'>\n\t\t\t\t<a href=\"https:\/\/static-blogs.diariovasco.com\/wp-content\/uploads\/sites\/15\/2012\/10\/cachorrito_macho-e1350749681404.jpg\"><img width=\"150\" height=\"150\" src=\"https:\/\/static-blogs.diariovasco.com\/wp-content\/uploads\/sites\/15\/2012\/10\/cachorrito_macho-e1350749681404-150x150.jpg\" class=\"attachment-thumbnail size-thumbnail\" alt=\"\" loading=\"lazy\" aria-describedby=\"gallery-1-1257\" \/><\/a>\n\t\t\t<\/dt>\n\t\t\t\t<dd class='wp-caption-text gallery-caption' id='gallery-1-1257'>\n\t\t\t\tEl otro macho\n\t\t\t\t<\/dd><\/dl><dl class='gallery-item'>\n\t\t\t<dt class='gallery-icon portrait'>\n\t\t\t\t<a href=\"https:\/\/static-blogs.diariovasco.com\/wp-content\/uploads\/sites\/15\/2012\/10\/cachorrito_hembra-e1350749623104.jpg\"><img width=\"150\" height=\"150\" src=\"https:\/\/static-blogs.diariovasco.com\/wp-content\/uploads\/sites\/15\/2012\/10\/cachorrito_hembra-e1350749623104-150x150.jpg\" class=\"attachment-thumbnail size-thumbnail\" alt=\"\" loading=\"lazy\" aria-describedby=\"gallery-1-1256\" \/><\/a>\n\t\t\t<\/dt>\n\t\t\t\t<dd class='wp-caption-text gallery-caption' id='gallery-1-1256'>\n\t\t\t\tCachorrito hembra\n\t\t\t\t<\/dd><\/dl><dl class='gallery-item'>\n\t\t\t<dt class='gallery-icon portrait'>\n\t\t\t\t<a href=\"https:\/\/static-blogs.diariovasco.com\/wp-content\/uploads\/sites\/15\/2012\/10\/cachorrito_macho2-e1350749549748.jpg\"><img width=\"150\" height=\"150\" src=\"https:\/\/static-blogs.diariovasco.com\/wp-content\/uploads\/sites\/15\/2012\/10\/cachorrito_macho2-e1350749549748-150x150.jpg\" class=\"attachment-thumbnail size-thumbnail\" alt=\"\" loading=\"lazy\" aria-describedby=\"gallery-1-1255\" \/><\/a>\n\t\t\t<\/dt>\n\t\t\t\t<dd class='wp-caption-text gallery-caption' id='gallery-1-1255'>\n\t\t\t\tUno de los machitos\n\t\t\t\t<\/dd><\/dl><br style=\"clear: both\" \/>\n\t\t<\/div>\n\n<!-- AddThis Advanced Settings generic via filter on the_content --><!-- AddThis Share Buttons generic via filter on the_content -->","protected":false},"excerpt":{"rendered":"<p>Estos tres cachorritos de ratonero a\u00fan no han empezado como quien dice a vivir y su vida ya peligra. Hoy mismo cumplen 2 meses y si para el d\u00eda 2 de noviembre no les sale ninguna adopci\u00f3n o casa de acogida, ser\u00e1n llevados a la perrera. Son dos machos y una hembra fruto de una [&hellip;]<!-- AddThis Advanced Settings generic via filter on get_the_excerpt --><!-- AddThis Share Buttons generic via filter on get_the_excerpt --><\/p>\n","protected":false},"author":28,"featured_media":0,"comment_status":"open","ping_status":"closed","sticky":false,"template":"","format":"standard","meta":[],"categories":[8],"tags":[],"_links":{"self":[{"href":"https:\/\/blogs.diariovasco.com\/mascotas\/wp-json\/wp\/v2\/posts\/1253"}],"collection":[{"href":"https:\/\/blogs.diariovasco.com\/mascotas\/wp-json\/wp\/v2\/posts"}],"about":[{"href":"https:\/\/blogs.diariovasco.com\/mascotas\/wp-json\/wp\/v2\/types\/post"}],"author":[{"embeddable":true,"href":"https:\/\/blogs.diariovasco.com\/mascotas\/wp-json\/wp\/v2\/users\/28"}],"replies":[{"embeddable":true,"href":"https:\/\/blogs.diariovasco.com\/mascotas\/wp-json\/wp\/v2\/comments?post=1253"}],"version-history":[{"count":0,"href":"https:\/\/blogs.diariovasco.com\/mascotas\/wp-json\/wp\/v2\/posts\/1253\/revisions"}],"wp:attachment":[{"href":"https:\/\/blogs.diariovasco.com\/mascotas\/wp-json\/wp\/v2\/media?parent=1253"}],"wp:term":[{"taxonomy":"category","embeddable":true,"href":"https:\/\/blogs.diariovasco.com\/mascotas\/wp-json\/wp\/v2\/categories?post=1253"},{"taxonomy":"post_tag","embeddable":true,"href":"https:\/\/blogs.diariovasco.com\/mascotas\/wp-json\/wp\/v2\/tags?post=1253"}],"curies":[{"name":"wp","href":"https:\/\/api.w.org\/{rel}","templated":true}]}}