{"id":1331,"date":"2012-11-22T00:52:09","date_gmt":"2012-11-21T23:52:09","guid":{"rendered":"http:\/\/blogs.diariovasco.com\/mascotas\/?p=1331"},"modified":"2012-11-22T00:52:09","modified_gmt":"2012-11-21T23:52:09","slug":"seminario-del-etologo-manuel-villar-en-las-i-jornadas-katamotz-como-puedo-mejorar-la-comunicacion-con-mi-mascota","status":"publish","type":"post","link":"https:\/\/blogs.diariovasco.com\/mascotas\/2012\/11\/22\/seminario-del-etologo-manuel-villar-en-las-i-jornadas-katamotz-como-puedo-mejorar-la-comunicacion-con-mi-mascota\/","title":{"rendered":"Seminario del et\u00f3logo Manuel Villar en las I. Jornadas Katamotz \u201c\u00bfC\u00f3mo puedo mejorar la comunicaci\u00f3n con mi mascota?\u201d"},"content":{"rendered":"<p style=\"text-align: justify;\"><a href=\"\/mascotas\/wp-content\/uploads\/sites\/15\/2012\/11\/Cartel-Monografica-1-2-Diciembre-Katamotz_opt.jpg\"><img loading=\"lazy\" class=\"alignleft size-full wp-image-1340\" title=\"Cartel Monografica 1-2 Diciembre Katamotz_opt\" src=\"\/mascotas\/wp-content\/uploads\/sites\/15\/2012\/11\/Cartel-Monografica-1-2-Diciembre-Katamotz_opt.jpg\" alt=\"\" width=\"400\" height=\"830\" srcset=\"https:\/\/static-blogs.diariovasco.com\/wp-content\/uploads\/sites\/15\/2012\/11\/Cartel-Monografica-1-2-Diciembre-Katamotz_opt.jpg 400w, https:\/\/static-blogs.diariovasco.com\/wp-content\/uploads\/sites\/15\/2012\/11\/Cartel-Monografica-1-2-Diciembre-Katamotz_opt-145x300.jpg 145w\" sizes=\"(max-width: 400px) 100vw, 400px\" \/><\/a>El et\u00f3logo canino Manuel Villar Dorado (biolog\u00eda, neuropsicolog\u00eda, zoolog\u00eda, etolog\u00eda y gen\u00e9tica conductual) ofrecer\u00e1 un seminario el pr\u00f3ximo mes de diciembre dentro de las I. Jornadas Katamotz &#8220;\u00bfC\u00f3mo puedo mejorar la comunicaci\u00f3n con mi mascota?&#8221;. El seminario tendr\u00e1 lugar los d\u00edas 1 y 2 de diciembre y tratar\u00e1 sobre el v\u00ednculo entre el perro y su propietario.<\/p>\n<p style=\"text-align: justify;\">Manuel Villar, et\u00f3logo de <a href=\"http:\/\/www.adiestramiento-canino-guipuzcoa.es\/\" target=\"_blank\" rel=\"external nofollow\">Etolcanin<\/a> acreditado y homologado por el Gobierno Vasco (Reg.N\u00ba:GI\/007), nos ayudar\u00e1 a conocer e interpretar el lenguaje propio de los perros, algo que har\u00e1 que nuestra convivencia con ellos sea la mejor posible.\u00a0Gracias a esta comprensi\u00f3n podremos interactuar con ellos m\u00e1s f\u00e1cilmente, con lo que disfrutaremos de ellos (y ellos de nosotros). Dentro de este seminario se cubrir\u00e1n cuatro grandes temas:<\/p>\n<ul style=\"text-align: justify;\">\n<li><strong>Tipolog\u00eda Biol\u00f3gica de las Relaciones en Especies:\u00a0<\/strong>Las diferentes relaciones de las especies con el ambiente.<\/li>\n<li><strong>El Perro como Etoespecie (Animal Gregario y Social):\u00a0<\/strong>El perro, una especie \u00fanica compartiendo instinto.<\/li>\n<li><strong>La Comunicaci\u00f3n: Inter e Intraespec\u00edfica:\u00a0<\/strong>Comunicaci\u00f3n no verbal, se\u00f1ales, posiciones y gestos que hablan.<\/li>\n<\/ul>\n<p style=\"text-align: justify;\">Las sesiones del s\u00e1bado 1 se llevar\u00e1n a cabo en <a href=\"http:\/\/www.katamotz.com\/\" target=\"_blank\" rel=\"external nofollow\">Katamotz<\/a>, calle Narrika 23, en horario de 10 a 19.30h. con 2,5 horas para comer.\u00a0El domingo la sesi\u00f3n ser\u00e1 pr\u00e1ctica, se quedar\u00e1 a las 10h en Katamotz para subir a Urgull cada uno con su perro, hasta las 14.30h.<\/p>\n<p style=\"text-align: justify;\">El precio del seminario es de 100\u20ac y el \u00faltimo d\u00eda para apuntarse es el pr\u00f3ximo lunes 26 de noviembre.<\/p>\n<p style=\"text-align: justify;\">Para reservar plaza es necesario anticipar 20\u20ac del precio total del curso en:<\/p>\n<p style=\"text-align: justify;\">Caja Laboral n\u00ba 3035 0149 42 1490031743 cuenta a nombre de Manuel Villar Dorado. En el concepto de la reserva indicar tu nombre y la fecha del curso.<\/p>\n<p style=\"text-align: justify;\">\u00bfTe lo vas a perder?<\/p>\n<!-- AddThis Advanced Settings generic via filter on the_content --><!-- AddThis Share Buttons generic via filter on the_content -->","protected":false},"excerpt":{"rendered":"<p>El et\u00f3logo canino Manuel Villar Dorado (biolog\u00eda, neuropsicolog\u00eda, zoolog\u00eda, etolog\u00eda y gen\u00e9tica conductual) ofrecer\u00e1 un seminario el pr\u00f3ximo mes de diciembre dentro de las I. Jornadas Katamotz &#8220;\u00bfC\u00f3mo puedo mejorar la comunicaci\u00f3n con mi mascota?&#8221;. El seminario tendr\u00e1 lugar los d\u00edas 1 y 2 de diciembre y tratar\u00e1 sobre el v\u00ednculo entre el perro y [&hellip;]<!-- AddThis Advanced Settings generic via filter on get_the_excerpt --><!-- AddThis Share Buttons generic via filter on get_the_excerpt --><\/p>\n","protected":false},"author":28,"featured_media":0,"comment_status":"open","ping_status":"closed","sticky":false,"template":"","format":"standard","meta":[],"categories":[6,7],"tags":[],"_links":{"self":[{"href":"https:\/\/blogs.diariovasco.com\/mascotas\/wp-json\/wp\/v2\/posts\/1331"}],"collection":[{"href":"https:\/\/blogs.diariovasco.com\/mascotas\/wp-json\/wp\/v2\/posts"}],"about":[{"href":"https:\/\/blogs.diariovasco.com\/mascotas\/wp-json\/wp\/v2\/types\/post"}],"author":[{"embeddable":true,"href":"https:\/\/blogs.diariovasco.com\/mascotas\/wp-json\/wp\/v2\/users\/28"}],"replies":[{"embeddable":true,"href":"https:\/\/blogs.diariovasco.com\/mascotas\/wp-json\/wp\/v2\/comments?post=1331"}],"version-history":[{"count":0,"href":"https:\/\/blogs.diariovasco.com\/mascotas\/wp-json\/wp\/v2\/posts\/1331\/revisions"}],"wp:attachment":[{"href":"https:\/\/blogs.diariovasco.com\/mascotas\/wp-json\/wp\/v2\/media?parent=1331"}],"wp:term":[{"taxonomy":"category","embeddable":true,"href":"https:\/\/blogs.diariovasco.com\/mascotas\/wp-json\/wp\/v2\/categories?post=1331"},{"taxonomy":"post_tag","embeddable":true,"href":"https:\/\/blogs.diariovasco.com\/mascotas\/wp-json\/wp\/v2\/tags?post=1331"}],"curies":[{"name":"wp","href":"https:\/\/api.w.org\/{rel}","templated":true}]}}