{"id":1877,"date":"2013-04-24T23:24:42","date_gmt":"2013-04-24T22:24:42","guid":{"rendered":"http:\/\/blogs.diariovasco.com\/mascotas\/?p=1877"},"modified":"2013-04-24T23:24:42","modified_gmt":"2013-04-24T22:24:42","slug":"el-fotografo-alfonso-zarranz-nuevo-colaborador-de-este-blog","status":"publish","type":"post","link":"https:\/\/blogs.diariovasco.com\/mascotas\/2013\/04\/24\/el-fotografo-alfonso-zarranz-nuevo-colaborador-de-este-blog\/","title":{"rendered":"El fot\u00f3grafo Alfonso Zarranz, nuevo colaborador de este blog"},"content":{"rendered":"<p style=\"text-align: justify;\"><a href=\"\/mascotas\/wp-content\/uploads\/sites\/15\/2013\/04\/02-lola-01.jpg\"><img loading=\"lazy\" class=\"alignleft size-full wp-image-1879\" title=\"02  lola 01\" src=\"\/mascotas\/wp-content\/uploads\/sites\/15\/2013\/04\/02-lola-01-e1366670702300.jpg\" alt=\"\" width=\"400\" height=\"400\" srcset=\"https:\/\/static-blogs.diariovasco.com\/wp-content\/uploads\/sites\/15\/2013\/04\/02-lola-01-e1366670702300.jpg 400w, https:\/\/static-blogs.diariovasco.com\/wp-content\/uploads\/sites\/15\/2013\/04\/02-lola-01-e1366670702300-150x150.jpg 150w, https:\/\/static-blogs.diariovasco.com\/wp-content\/uploads\/sites\/15\/2013\/04\/02-lola-01-e1366670702300-300x300.jpg 300w\" sizes=\"(max-width: 400px) 100vw, 400px\" \/><\/a>El equipo de colaboradores de este blog sigue creciendo y el profesional que se une ahora es un fot\u00f3grafo, <a href=\"http:\/\/www.alfonsozarranz.com\/\" target=\"_blank\" rel=\"external nofollow\">Alfonso Zarranz<\/a>\u00a0. Amante de los animales, Alfonso se puso en contacto conmigo y se ofreci\u00f3 para ayudar de alguna manera en este blog. Se nos ocurri\u00f3 que se encargase de sacar las fotos a los animales que salgan aqu\u00ed publicados en adopci\u00f3n (cualquiera que se mueva en este mundo de los animales en adopci\u00f3n, sabe cu\u00e1nto ayuda difundirlo con unas buenas fotos&#8230;).<\/p>\n<p style=\"text-align: justify;\">Alfonso Zarranz lleva m\u00e1s de 20 a\u00f1os dedicado al mundo de la fotograf\u00eda, como \u00e9l bien dice &#8220;fui beb\u00e9 y luego fot\u00f3grafo&#8221;. Se dedica a todo tipo de fotograf\u00eda, principalmente a la de boda, el retrato y la fotograf\u00eda industrial. Creo que una frase que me ha dicho sirve para definirle mejor que nada: &#8220;Y sigo siendo fot\u00f3grafo contra viento y marea porque, para m\u00ed, es como respirar&#8221;.<\/p>\n<p style=\"text-align: justify;\">A partir de ahora, los chicos del blog m\u00e1s guapos a\u00fan si cabe con la ayuda de Alfonso. \u00a1Bienvenido al blog!<\/p>\n<p style=\"text-align: justify;\">Ah\u00ed va una galer\u00eda con m\u00e1s fotos de perros hechas por este profesional (os recomiendo que clickeis en ellas para verlas en grande, no tienen desperdicio):<\/p>\n\n\t\t<style type=\"text\/css\">\n\t\t\t#gallery-1 {\n\t\t\t\tmargin: auto;\n\t\t\t}\n\t\t\t#gallery-1 .gallery-item {\n\t\t\t\tfloat: left;\n\t\t\t\tmargin-top: 10px;\n\t\t\t\ttext-align: center;\n\t\t\t\twidth: 33%;\n\t\t\t}\n\t\t\t#gallery-1 img {\n\t\t\t\tborder: 2px solid #cfcfcf;\n\t\t\t}\n\t\t\t#gallery-1 .gallery-caption {\n\t\t\t\tmargin-left: 0;\n\t\t\t}\n\t\t\t\/* see gallery_shortcode() in wp-includes\/media.php *\/\n\t\t<\/style>\n\t\t<div id='gallery-1' class='gallery galleryid-1877 gallery-columns-3 gallery-size-thumbnail'><dl class='gallery-item'>\n\t\t\t<dt class='gallery-icon landscape'>\n\t\t\t\t<a href=\"https:\/\/static-blogs.diariovasco.com\/wp-content\/uploads\/sites\/15\/2013\/04\/02-lola-01-e1366670702300.jpg\"><img width=\"150\" height=\"150\" src=\"https:\/\/static-blogs.diariovasco.com\/wp-content\/uploads\/sites\/15\/2013\/04\/02-lola-01-e1366670702300-150x150.jpg\" class=\"attachment-thumbnail size-thumbnail\" alt=\"\" loading=\"lazy\" srcset=\"https:\/\/static-blogs.diariovasco.com\/wp-content\/uploads\/sites\/15\/2013\/04\/02-lola-01-e1366670702300-150x150.jpg 150w, https:\/\/static-blogs.diariovasco.com\/wp-content\/uploads\/sites\/15\/2013\/04\/02-lola-01-e1366670702300-300x300.jpg 300w, https:\/\/static-blogs.diariovasco.com\/wp-content\/uploads\/sites\/15\/2013\/04\/02-lola-01-e1366670702300.jpg 400w\" sizes=\"(max-width: 150px) 100vw, 150px\" \/><\/a>\n\t\t\t<\/dt><\/dl><dl class='gallery-item'>\n\t\t\t<dt class='gallery-icon landscape'>\n\t\t\t\t<a href=\"https:\/\/static-blogs.diariovasco.com\/wp-content\/uploads\/sites\/15\/2013\/04\/08-Lolo-1.jpg\"><img width=\"150\" height=\"150\" src=\"https:\/\/static-blogs.diariovasco.com\/wp-content\/uploads\/sites\/15\/2013\/04\/08-Lolo-1-150x150.jpg\" class=\"attachment-thumbnail size-thumbnail\" alt=\"\" loading=\"lazy\" srcset=\"https:\/\/static-blogs.diariovasco.com\/wp-content\/uploads\/sites\/15\/2013\/04\/08-Lolo-1-150x150.jpg 150w, https:\/\/static-blogs.diariovasco.com\/wp-content\/uploads\/sites\/15\/2013\/04\/08-Lolo-1-300x300.jpg 300w, https:\/\/static-blogs.diariovasco.com\/wp-content\/uploads\/sites\/15\/2013\/04\/08-Lolo-1.jpg 600w\" sizes=\"(max-width: 150px) 100vw, 150px\" \/><\/a>\n\t\t\t<\/dt><\/dl><dl class='gallery-item'>\n\t\t\t<dt class='gallery-icon portrait'>\n\t\t\t\t<a href=\"https:\/\/static-blogs.diariovasco.com\/wp-content\/uploads\/sites\/15\/2013\/04\/04-Bull-I.jpg\"><img width=\"150\" height=\"150\" src=\"https:\/\/static-blogs.diariovasco.com\/wp-content\/uploads\/sites\/15\/2013\/04\/04-Bull-I-150x150.jpg\" class=\"attachment-thumbnail size-thumbnail\" alt=\"\" loading=\"lazy\" \/><\/a>\n\t\t\t<\/dt><\/dl><br style=\"clear: both\" \/><dl class='gallery-item'>\n\t\t\t<dt class='gallery-icon landscape'>\n\t\t\t\t<a href=\"https:\/\/static-blogs.diariovasco.com\/wp-content\/uploads\/sites\/15\/2013\/04\/10-Lolo-.jpg\"><img width=\"150\" height=\"150\" src=\"https:\/\/static-blogs.diariovasco.com\/wp-content\/uploads\/sites\/15\/2013\/04\/10-Lolo--150x150.jpg\" class=\"attachment-thumbnail size-thumbnail\" alt=\"\" loading=\"lazy\" \/><\/a>\n\t\t\t<\/dt><\/dl><dl class='gallery-item'>\n\t\t\t<dt class='gallery-icon landscape'>\n\t\t\t\t<a href=\"https:\/\/static-blogs.diariovasco.com\/wp-content\/uploads\/sites\/15\/2013\/04\/03-lola-02.jpg\"><img width=\"150\" height=\"150\" src=\"https:\/\/static-blogs.diariovasco.com\/wp-content\/uploads\/sites\/15\/2013\/04\/03-lola-02-150x150.jpg\" class=\"attachment-thumbnail size-thumbnail\" alt=\"\" loading=\"lazy\" srcset=\"https:\/\/static-blogs.diariovasco.com\/wp-content\/uploads\/sites\/15\/2013\/04\/03-lola-02-150x150.jpg 150w, https:\/\/static-blogs.diariovasco.com\/wp-content\/uploads\/sites\/15\/2013\/04\/03-lola-02-300x300.jpg 300w, https:\/\/static-blogs.diariovasco.com\/wp-content\/uploads\/sites\/15\/2013\/04\/03-lola-02.jpg 600w\" sizes=\"(max-width: 150px) 100vw, 150px\" \/><\/a>\n\t\t\t<\/dt><\/dl><dl class='gallery-item'>\n\t\t\t<dt class='gallery-icon landscape'>\n\t\t\t\t<a href=\"https:\/\/static-blogs.diariovasco.com\/wp-content\/uploads\/sites\/15\/2013\/04\/07-Lolo-.jpg\"><img width=\"150\" height=\"150\" src=\"https:\/\/static-blogs.diariovasco.com\/wp-content\/uploads\/sites\/15\/2013\/04\/07-Lolo--150x150.jpg\" class=\"attachment-thumbnail size-thumbnail\" alt=\"\" loading=\"lazy\" srcset=\"https:\/\/static-blogs.diariovasco.com\/wp-content\/uploads\/sites\/15\/2013\/04\/07-Lolo--150x150.jpg 150w, https:\/\/static-blogs.diariovasco.com\/wp-content\/uploads\/sites\/15\/2013\/04\/07-Lolo--300x300.jpg 300w, https:\/\/static-blogs.diariovasco.com\/wp-content\/uploads\/sites\/15\/2013\/04\/07-Lolo-.jpg 600w\" sizes=\"(max-width: 150px) 100vw, 150px\" \/><\/a>\n\t\t\t<\/dt><\/dl><br style=\"clear: both\" \/><dl class='gallery-item'>\n\t\t\t<dt class='gallery-icon landscape'>\n\t\t\t\t<a href=\"https:\/\/static-blogs.diariovasco.com\/wp-content\/uploads\/sites\/15\/2013\/04\/06-Bull-II.jpg\"><img width=\"150\" height=\"150\" src=\"https:\/\/static-blogs.diariovasco.com\/wp-content\/uploads\/sites\/15\/2013\/04\/06-Bull-II-150x150.jpg\" class=\"attachment-thumbnail size-thumbnail\" alt=\"\" loading=\"lazy\" \/><\/a>\n\t\t\t<\/dt><\/dl><dl class='gallery-item'>\n\t\t\t<dt class='gallery-icon landscape'>\n\t\t\t\t<a href=\"https:\/\/static-blogs.diariovasco.com\/wp-content\/uploads\/sites\/15\/2013\/04\/09-Lolo-.jpg\"><img width=\"150\" height=\"150\" src=\"https:\/\/static-blogs.diariovasco.com\/wp-content\/uploads\/sites\/15\/2013\/04\/09-Lolo--150x150.jpg\" class=\"attachment-thumbnail size-thumbnail\" alt=\"\" loading=\"lazy\" srcset=\"https:\/\/static-blogs.diariovasco.com\/wp-content\/uploads\/sites\/15\/2013\/04\/09-Lolo--150x150.jpg 150w, https:\/\/static-blogs.diariovasco.com\/wp-content\/uploads\/sites\/15\/2013\/04\/09-Lolo--300x300.jpg 300w, https:\/\/static-blogs.diariovasco.com\/wp-content\/uploads\/sites\/15\/2013\/04\/09-Lolo-.jpg 600w\" sizes=\"(max-width: 150px) 100vw, 150px\" \/><\/a>\n\t\t\t<\/dt><\/dl><dl class='gallery-item'>\n\t\t\t<dt class='gallery-icon landscape'>\n\t\t\t\t<a href=\"https:\/\/static-blogs.diariovasco.com\/wp-content\/uploads\/sites\/15\/2013\/04\/01-Gazelle-003.jpg\"><img width=\"150\" height=\"150\" src=\"https:\/\/static-blogs.diariovasco.com\/wp-content\/uploads\/sites\/15\/2013\/04\/01-Gazelle-003-150x150.jpg\" class=\"attachment-thumbnail size-thumbnail\" alt=\"\" loading=\"lazy\" srcset=\"https:\/\/static-blogs.diariovasco.com\/wp-content\/uploads\/sites\/15\/2013\/04\/01-Gazelle-003-150x150.jpg 150w, https:\/\/static-blogs.diariovasco.com\/wp-content\/uploads\/sites\/15\/2013\/04\/01-Gazelle-003-300x300.jpg 300w, https:\/\/static-blogs.diariovasco.com\/wp-content\/uploads\/sites\/15\/2013\/04\/01-Gazelle-003.jpg 600w\" sizes=\"(max-width: 150px) 100vw, 150px\" \/><\/a>\n\t\t\t<\/dt><\/dl><br style=\"clear: both\" \/>\n\t\t<\/div>\n\n<p style=\"text-align: justify;\">\n<!-- AddThis Advanced Settings generic via filter on the_content --><!-- AddThis Share Buttons generic via filter on the_content -->","protected":false},"excerpt":{"rendered":"<p>El equipo de colaboradores de este blog sigue creciendo y el profesional que se une ahora es un fot\u00f3grafo, Alfonso Zarranz\u00a0. Amante de los animales, Alfonso se puso en contacto conmigo y se ofreci\u00f3 para ayudar de alguna manera en este blog. Se nos ocurri\u00f3 que se encargase de sacar las fotos a los animales [&hellip;]<!-- AddThis Advanced Settings generic via filter on get_the_excerpt --><!-- AddThis Share Buttons generic via filter on get_the_excerpt --><\/p>\n","protected":false},"author":28,"featured_media":0,"comment_status":"open","ping_status":"closed","sticky":false,"template":"","format":"standard","meta":[],"categories":[4],"tags":[],"_links":{"self":[{"href":"https:\/\/blogs.diariovasco.com\/mascotas\/wp-json\/wp\/v2\/posts\/1877"}],"collection":[{"href":"https:\/\/blogs.diariovasco.com\/mascotas\/wp-json\/wp\/v2\/posts"}],"about":[{"href":"https:\/\/blogs.diariovasco.com\/mascotas\/wp-json\/wp\/v2\/types\/post"}],"author":[{"embeddable":true,"href":"https:\/\/blogs.diariovasco.com\/mascotas\/wp-json\/wp\/v2\/users\/28"}],"replies":[{"embeddable":true,"href":"https:\/\/blogs.diariovasco.com\/mascotas\/wp-json\/wp\/v2\/comments?post=1877"}],"version-history":[{"count":0,"href":"https:\/\/blogs.diariovasco.com\/mascotas\/wp-json\/wp\/v2\/posts\/1877\/revisions"}],"wp:attachment":[{"href":"https:\/\/blogs.diariovasco.com\/mascotas\/wp-json\/wp\/v2\/media?parent=1877"}],"wp:term":[{"taxonomy":"category","embeddable":true,"href":"https:\/\/blogs.diariovasco.com\/mascotas\/wp-json\/wp\/v2\/categories?post=1877"},{"taxonomy":"post_tag","embeddable":true,"href":"https:\/\/blogs.diariovasco.com\/mascotas\/wp-json\/wp\/v2\/tags?post=1877"}],"curies":[{"name":"wp","href":"https:\/\/api.w.org\/{rel}","templated":true}]}}