{"id":1996,"date":"2013-05-21T23:20:36","date_gmt":"2013-05-21T22:20:36","guid":{"rendered":"http:\/\/blogs.diariovasco.com\/mascotas\/?p=1996"},"modified":"2013-05-21T23:20:36","modified_gmt":"2013-05-21T22:20:36","slug":"consulta-sobre-tortugas-apalone-ferox","status":"publish","type":"post","link":"https:\/\/blogs.diariovasco.com\/mascotas\/2013\/05\/21\/consulta-sobre-tortugas-apalone-ferox\/","title":{"rendered":"Consulta sobre tortugas Apalone Ferox"},"content":{"rendered":"<p style=\"text-align: justify;\"><a href=\"\/mascotas\/wp-content\/uploads\/sites\/15\/2013\/05\/apalone_ferox.jpg\"><img loading=\"lazy\" class=\"alignleft size-full wp-image-1997\" title=\"apalone_ferox\" src=\"\/mascotas\/wp-content\/uploads\/sites\/15\/2013\/05\/apalone_ferox.jpg\" alt=\"\" width=\"259\" height=\"194\" \/><\/a>Los veterinarios de la <a href=\"http:\/\/www.lardy.es\/\" target=\"_blank\" rel=\"external nofollow\">Cl\u00ednica Lardy<\/a>\u00a0responden esta semana a la consulta de Karla, propietaria de tortugas Apalone ferox preocupada por su estado de salud.<\/p>\n<p style=\"text-align: justify;\"><em>Hola,\u00a0<\/em><\/p>\n<p style=\"text-align: justify;\"><em>He encontrado esta p\u00e1gina buscando informaci\u00f3n acerca de la enfermedad que pudieran tener mis tortugas de caparaz\u00f3n blando. Estoy muy triste y preocupada, no quiero ni puedo perder m\u00e1s tiempo para ponerlas en tratamiento, s\u00f3lo que no s\u00e9 qu\u00e9 debo hacer. Eran tres tortuguitas, las compr\u00e9 y me dijeron que ten\u00edan un a\u00f1o. La m\u00e1s peque\u00f1a ya se me ha muerto (med\u00eda unos 5 cm), las otras dos han de medir unos \u00a07 cm. Los cuidados que les d\u00ed no fueron los adecuados: no las sacaba al sol, no las tengo con filtro ni calentador, las alimentaba con pescado y camar\u00f3n crudo\u2026 Despu\u00e9s ya no quisieron comer y cre\u00ed que se hab\u00edan enfadado de la comida. La que muri\u00f3 pasaba mucho tiempo fuera del agua y solamente flotaba su caparaz\u00f3n. Adelgaz\u00f3 notablemente y me preocup\u00e9 mucho, la separ\u00e9 de las otras para evitar contagio pero creo que no lo logr\u00e9. Una noche llegu\u00e9 a casa y la m\u00e1s peque\u00f1a ya hab\u00eda muerto. Las otras dos ya no quieren comer, les he cambiado la dieta por pulpo, salm\u00f3n, carne de res, pellets y nada, no comen. Ya las he sacado al sol, en mi casa solo pega por la ma\u00f1ana pero s\u00ed est\u00e1n unas dos horas tom\u00e1ndolo. A quien se las compr\u00e9 me dijo que era septicemia. He ido a una veterinaria y me dijo que mejor las durmiera, que ya no tienen remedio, pero buscando en Internet encontr\u00e9 que s\u00ed se puede tratar con unas inyecciones y no s\u00e9 qu\u00e9 otras cosas. Entonces les pido ayuda a ustedes porque quiero que mis tortugas se recuperen, ya les puedo ver sus huesitos por medio de la concha (que est\u00e1 muy delgada), una de las tortugas ya tiene algunas manchas en el caparaz\u00f3n y solamente flota, la otra parece un poco m\u00e1s sana aunque tambi\u00e9n con su concha delgada\u2026 \u00bfqu\u00e9 me recomiendan hacer? No quiero dormirlas, quiero que se recuperen, \u00bfqu\u00e9 antibi\u00f3ticos tengo que ir a comprar? \u00bfO ser\u00e1 que est\u00e1n enfermas de otra cosa y no de septicemia? Muchas gracias, espero su respuesta.<\/em><\/p>\n<p style=\"text-align: justify;\">Ah\u00ed va la respuesta de los profesionales de Lardy:<\/p>\n<p style=\"text-align: justify;\">&#8220;Hola Karla,<\/p>\n<p style=\"text-align: justify;\">No tengo datos sobre cu\u00e1nto tiempo llevan tus tortugas con un manejo no adecuado y sin verlas no puedo saber\u00a0 el estado de salud en el que se encuentran. Desgraciadamente, a veces llegan a las consultas ejemplares con tal estado de enfermedad y consumici\u00f3n que nos es imposible revertir. Probablemente, las tortugas padezcan de septicemia\u00a0\u00a0 (infecci\u00f3n bacteriana y f\u00fangica) y enfermedad \u00f3seo metab\u00f3lica (alteraci\u00f3n del metabolismo del calcio por falta de vitamina D3). Todo esto suele ser debido a fallos en el mantenimiento de la temperatura, luz UVB y dieta poco equilibrada.<\/p>\n<p style=\"text-align: justify;\">Si quieres intentarlo, deber\u00edas mejorar las condiciones del acuario, darles complejos vitam\u00ednicos- minerales y tratarles con antibi\u00f3tico (por ejemplo enrofloxacina) y antis\u00e9pticos t\u00f3picos como clorhexidina.&#8221;<\/p>\n<p style=\"text-align: justify;\">Si ten\u00e9is cualquier duda sobre este tema, quer\u00e9is hacer alguna consulta sobre la salud de vuestro peludito o quer\u00e9is que los veterinarios de Lardy hablen sobre alg\u00fan tema en concreto, s\u00f3lo ten\u00e9is que escribir un correo a\u00a0<a href=\"mailto:unomasenlafamiliablog@gmail.com\" target=\"_blank\">unomasenlafamiliablog@gmail.com<\/a>, yo se lo pasar\u00e9 inmediatamente a ellos y en unos d\u00edas tendr\u00e9is vuestra respuesta a trav\u00e9s de este blog. Animaos, tantos ellos como yo estaremos encantados de ayudaros.<\/p>\n<p>&nbsp;<\/p>\n<!-- AddThis Advanced Settings generic via filter on the_content --><!-- AddThis Share Buttons generic via filter on the_content -->","protected":false},"excerpt":{"rendered":"<p>Los veterinarios de la Cl\u00ednica Lardy\u00a0responden esta semana a la consulta de Karla, propietaria de tortugas Apalone ferox preocupada por su estado de salud. Hola,\u00a0 He encontrado esta p\u00e1gina buscando informaci\u00f3n acerca de la enfermedad que pudieran tener mis tortugas de caparaz\u00f3n blando. Estoy muy triste y preocupada, no quiero ni puedo perder m\u00e1s tiempo [&hellip;]<!-- AddThis Advanced Settings generic via filter on get_the_excerpt --><!-- AddThis Share Buttons generic via filter on get_the_excerpt --><\/p>\n","protected":false},"author":28,"featured_media":0,"comment_status":"open","ping_status":"closed","sticky":false,"template":"","format":"standard","meta":[],"categories":[5,12],"tags":[],"_links":{"self":[{"href":"https:\/\/blogs.diariovasco.com\/mascotas\/wp-json\/wp\/v2\/posts\/1996"}],"collection":[{"href":"https:\/\/blogs.diariovasco.com\/mascotas\/wp-json\/wp\/v2\/posts"}],"about":[{"href":"https:\/\/blogs.diariovasco.com\/mascotas\/wp-json\/wp\/v2\/types\/post"}],"author":[{"embeddable":true,"href":"https:\/\/blogs.diariovasco.com\/mascotas\/wp-json\/wp\/v2\/users\/28"}],"replies":[{"embeddable":true,"href":"https:\/\/blogs.diariovasco.com\/mascotas\/wp-json\/wp\/v2\/comments?post=1996"}],"version-history":[{"count":0,"href":"https:\/\/blogs.diariovasco.com\/mascotas\/wp-json\/wp\/v2\/posts\/1996\/revisions"}],"wp:attachment":[{"href":"https:\/\/blogs.diariovasco.com\/mascotas\/wp-json\/wp\/v2\/media?parent=1996"}],"wp:term":[{"taxonomy":"category","embeddable":true,"href":"https:\/\/blogs.diariovasco.com\/mascotas\/wp-json\/wp\/v2\/categories?post=1996"},{"taxonomy":"post_tag","embeddable":true,"href":"https:\/\/blogs.diariovasco.com\/mascotas\/wp-json\/wp\/v2\/tags?post=1996"}],"curies":[{"name":"wp","href":"https:\/\/api.w.org\/{rel}","templated":true}]}}