{"id":3052,"date":"2014-10-01T07:35:52","date_gmt":"2014-10-01T06:35:52","guid":{"rendered":"http:\/\/blogs.diariovasco.com\/mascotas\/?p=3052"},"modified":"2014-10-01T07:35:52","modified_gmt":"2014-10-01T06:35:52","slug":"mi-caniche-de-14-anos-tiene-enfermedad-periodontal-que-puedo-hacer","status":"publish","type":"post","link":"https:\/\/blogs.diariovasco.com\/mascotas\/2014\/10\/01\/mi-caniche-de-14-anos-tiene-enfermedad-periodontal-que-puedo-hacer\/","title":{"rendered":"\u201cMi caniche de 14 a\u00f1os tiene enfermedad periodontal, \u00bfqu\u00e9 puedo hacer?\u201d"},"content":{"rendered":"<p style=\"text-align: justify;\"><a href=\"\/mascotas\/wp-content\/uploads\/sites\/15\/2014\/09\/enfermedad_periodontal_canina.jpg\"><img loading=\"lazy\" class=\"alignleft size-medium wp-image-3053\" title=\"enfermedad_periodontal_canina\" src=\"\/mascotas\/wp-content\/uploads\/sites\/15\/2014\/09\/enfermedad_periodontal_canina.jpg\" alt=\"\" width=\"300\" height=\"150\" srcset=\"https:\/\/static-blogs.diariovasco.com\/wp-content\/uploads\/sites\/15\/2014\/09\/enfermedad_periodontal_canina.jpg 318w, https:\/\/static-blogs.diariovasco.com\/wp-content\/uploads\/sites\/15\/2014\/09\/enfermedad_periodontal_canina-300x150.jpg 300w\" sizes=\"(max-width: 300px) 100vw, 300px\" \/><\/a>Carolina escribe porque su perra, una caniche de 14 a\u00f1os, tiene la boca en muy mal estado por el sarro. Los veterinarios de la <a href=\"http:\/\/www.lardy.es\/\" target=\"_blank\" rel=\"external nofollow\">Cl\u00ednica Lardy<\/a> responden a esta consulta:<\/p>\n<p style=\"text-align: justify;\"><em>Hola,\u00a0<\/em><\/p>\n<p style=\"text-align: justify;\"><em>Tengo un caniche de 14 a\u00f1os y tiene los dientes en terrible estado de sarro. La veterinaria me dijo que no se puede hacer nada, solo le damos antibi\u00f3ticos. Pero yo veo que mi perrita sufre mucho de dolor y quisiera hacer algo por ella ya que casi no se le puede ni tocar la boca.\u00a0<\/em><\/p>\n<p style=\"text-align: justify;\"><em>Gracias y espero una respuesta.\u00a0<\/em><\/p>\n<p style=\"text-align: justify;\"><em>Carolina<\/em><\/p>\n<p style=\"text-align: justify;\">Ah\u00ed va la respuesta de los profesionales de Lardy:<\/p>\n<p style=\"text-align: justify;\">&#8220;Hola Carolina,<\/p>\n<p style=\"text-align: justify;\">La enfermedad periodontal\u00a0es una patolog\u00eda que desgraciadamente los caniches padecen con mucha frecuencia. Esta enfermedad, aparte de producir dolor e infecciones bucales, puede provocar patolog\u00edas sist\u00e9micas como son una endocarditis o una pielonefritis debidas a la eliminaci\u00f3n de toxinas por parte de la gran carga bacteriana que poseen en la boca.<\/p>\n<p style=\"text-align: justify;\">La soluci\u00f3n es hacer una buena limpieza dental con extracci\u00f3n de todas las piezas que haga falta ya que son la fuente de la infecci\u00f3n. \u00a0Para ello, es necesaria una anestesia general del animal por lo que al ser una animal geri\u00e1trico\u00a0convendr\u00e1 hacerle un chequeo preoperatorio para saber c\u00f3mo est\u00e1 de salud general y tomar las medidas necesarias para que todo vaya bien. Aunque siempre al anestesiarlos haya que asumir un riesgo de complicaciones, te animo a hac\u00e9rselo porque te lo agradecer\u00e1 ya que no hay nada peor que vivir con dolor<\/p>\n<p style=\"text-align: justify;\">Un saludo y espero haberte\u00a0 ayudado.<\/p>\n<p style=\"text-align: justify;\">C.V. Lardy&#8221;<\/p>\n<p style=\"text-align: justify;\">Si ten\u00e9is cualquier duda sobre este tema, quer\u00e9is hacer alguna consulta sobre la salud de vuestro peludito o quer\u00e9is que los veterinarios de Lardy hablen sobre alg\u00fan tema en concreto, s\u00f3lo ten\u00e9is que escribir un correo a\u00a0<a href=\"mailto:unomasenlafamiliablog@gmail.com\" target=\"_blank\">unomasenlafamiliablog@gmail.com<\/a>, yo se lo pasar\u00e9 inmediatamente a ellos y en unos d\u00edas tendr\u00e9is vuestra respuesta a trav\u00e9s de este blog. Animaos, tantos ellos como yo estaremos encantados de ayudaros. Por favor, antes de enviar la consulta, leer este texto:\u00a0<a href=\"https:\/\/blogs.diariovasco.com\/mascotas\/2014\/05\/08\/leer-por-favor-antes-de-mandar-una-consulta-para-los-veterinarios-o-etologos\/\" target=\"_blank\">https:\/\/blogs.diariovasco.com\/mascotas\/2014\/05\/08\/leer-por-favor-antes-de-mandar-una-consulta-para-los-veterinarios-o-etologos\/<\/a><\/p>\n<p style=\"text-align: justify;\">\n<!-- AddThis Advanced Settings generic via filter on the_content --><!-- AddThis Share Buttons generic via filter on the_content -->","protected":false},"excerpt":{"rendered":"<p>Carolina escribe porque su perra, una caniche de 14 a\u00f1os, tiene la boca en muy mal estado por el sarro. Los veterinarios de la Cl\u00ednica Lardy responden a esta consulta: Hola,\u00a0 Tengo un caniche de 14 a\u00f1os y tiene los dientes en terrible estado de sarro. La veterinaria me dijo que no se puede hacer [&hellip;]<!-- AddThis Advanced Settings generic via filter on get_the_excerpt --><!-- AddThis Share Buttons generic via filter on get_the_excerpt --><\/p>\n","protected":false},"author":28,"featured_media":0,"comment_status":"open","ping_status":"closed","sticky":false,"template":"","format":"standard","meta":[],"categories":[5,12],"tags":[],"_links":{"self":[{"href":"https:\/\/blogs.diariovasco.com\/mascotas\/wp-json\/wp\/v2\/posts\/3052"}],"collection":[{"href":"https:\/\/blogs.diariovasco.com\/mascotas\/wp-json\/wp\/v2\/posts"}],"about":[{"href":"https:\/\/blogs.diariovasco.com\/mascotas\/wp-json\/wp\/v2\/types\/post"}],"author":[{"embeddable":true,"href":"https:\/\/blogs.diariovasco.com\/mascotas\/wp-json\/wp\/v2\/users\/28"}],"replies":[{"embeddable":true,"href":"https:\/\/blogs.diariovasco.com\/mascotas\/wp-json\/wp\/v2\/comments?post=3052"}],"version-history":[{"count":0,"href":"https:\/\/blogs.diariovasco.com\/mascotas\/wp-json\/wp\/v2\/posts\/3052\/revisions"}],"wp:attachment":[{"href":"https:\/\/blogs.diariovasco.com\/mascotas\/wp-json\/wp\/v2\/media?parent=3052"}],"wp:term":[{"taxonomy":"category","embeddable":true,"href":"https:\/\/blogs.diariovasco.com\/mascotas\/wp-json\/wp\/v2\/categories?post=3052"},{"taxonomy":"post_tag","embeddable":true,"href":"https:\/\/blogs.diariovasco.com\/mascotas\/wp-json\/wp\/v2\/tags?post=3052"}],"curies":[{"name":"wp","href":"https:\/\/api.w.org\/{rel}","templated":true}]}}