{"id":3209,"date":"2014-11-20T00:19:47","date_gmt":"2014-11-19T23:19:47","guid":{"rendered":"http:\/\/blogs.diariovasco.com\/mascotas\/?p=3209"},"modified":"2014-11-20T00:19:47","modified_gmt":"2014-11-19T23:19:47","slug":"oliver-gatito-de-2-meses-y-medio-en-busca-de-un-hogar","status":"publish","type":"post","link":"https:\/\/blogs.diariovasco.com\/mascotas\/2014\/11\/20\/oliver-gatito-de-2-meses-y-medio-en-busca-de-un-hogar\/","title":{"rendered":"Oliver, gatito de 2 meses y medio en busca de un hogar"},"content":{"rendered":"<div id=\"attachment_3220\" style=\"width: 310px\" class=\"wp-caption alignleft\"><a href=\"\/mascotas\/wp-content\/uploads\/sites\/15\/2014\/11\/oli22.jpg\"><img aria-describedby=\"caption-attachment-3220\" loading=\"lazy\" class=\"size-medium wp-image-3220\" title=\"oli2\" src=\"\/mascotas\/wp-content\/uploads\/sites\/15\/2014\/11\/oli22.jpg\" alt=\"\" width=\"300\" height=\"168\" srcset=\"https:\/\/static-blogs.diariovasco.com\/wp-content\/uploads\/sites\/15\/2014\/11\/oli22.jpg 640w, https:\/\/static-blogs.diariovasco.com\/wp-content\/uploads\/sites\/15\/2014\/11\/oli22-300x169.jpg 300w\" sizes=\"(max-width: 300px) 100vw, 300px\" \/><\/a><p id=\"caption-attachment-3220\" class=\"wp-caption-text\">Hola, soy Oliver, \u00bfme haces un sitio en tu casa?<\/p><\/div>\n<p style=\"text-align: justify;\">Este peque\u00f1\u00edn es Oliver, un precioso gatito de 2 meses y medio que busca un hogar. Oliver naci\u00f3 por un &#8220;accidente&#8221;: su madre, Luna, fue adoptada y se escap\u00f3 de casa antes de que la familia tuviese tiempo de esterilizar. Luna volvi\u00f3 a casa con &#8220;regalitos&#8221;. De ese embarazo nacieron 3 gatitos: 2 machos (Horus y Oliver) y una hembra. La familia de Luna no puede hacerse cargo de todos y, puesto que la hembra naci\u00f3 m\u00e1s d\u00e9bil y ha dado m\u00e1s problemas, decidieron qued\u00e1rsela y dar a los dos machos, perfectamente sanos, en adopci\u00f3n. Horus ya encontr\u00f3 familia y falta nuestro protagonista de hoy: Oliver.<\/p>\n<div id=\"attachment_3215\" style=\"width: 310px\" class=\"wp-caption alignright\"><a href=\"\/mascotas\/wp-content\/uploads\/sites\/15\/2014\/11\/oli_madre2.jpg\"><img aria-describedby=\"caption-attachment-3215\" loading=\"lazy\" class=\"size-medium wp-image-3215\" title=\"oli_madre2\" src=\"\/mascotas\/wp-content\/uploads\/sites\/15\/2014\/11\/oli_madre2.jpg\" alt=\"\" width=\"300\" height=\"225\" srcset=\"https:\/\/static-blogs.diariovasco.com\/wp-content\/uploads\/sites\/15\/2014\/11\/oli_madre2.jpg 640w, https:\/\/static-blogs.diariovasco.com\/wp-content\/uploads\/sites\/15\/2014\/11\/oli_madre2-300x225.jpg 300w\" sizes=\"(max-width: 300px) 100vw, 300px\" \/><\/a><p id=\"caption-attachment-3215\" class=\"wp-caption-text\">Luna, la madre de Oli, es una preciosa Carey<\/p><\/div>\n<p style=\"text-align: justify;\">Oliver naci\u00f3 el 31 de agosto. Es un gatito cari\u00f1oso y que est\u00e1 m\u00e1s que acostumbrado a que se le coja en brazos, den mimos y todo tipo de manipulaci\u00f3n. Come ya pienso para gatitos y hace sus necesidades en las piedras. Como se explica arriba, Oliver est\u00e1 completamente sano y, adem\u00e1s, se entrega vacunado y desparasitado interna y externamente. Y guapo a rabiar como se puede ver en las fotos&#8230;\u00bfqu\u00e9 m\u00e1s se le puede pedir? Oliver est\u00e1 en Gipuzkoa. Se da en adopci\u00f3n con contrato y compromiso de esterilizaci\u00f3n (obligatoria en cuanto tenga edad para ello).<\/p>\n<p style=\"text-align: justify;\">Si quieres adoptar a este peque\u00f1ajo, escribe a <a href=\"mailto:unomasenlafamiliablog@gmail.com\" target=\"_blank\">unomasenlafamiliablog@gmail.com<\/a>. Corre, no te pierdas ni un d\u00eda m\u00e1s de ver c\u00f3mo crece este guapet\u00f3n.<\/p>\n\n\t\t<style type=\"text\/css\">\n\t\t\t#gallery-1 {\n\t\t\t\tmargin: auto;\n\t\t\t}\n\t\t\t#gallery-1 .gallery-item {\n\t\t\t\tfloat: left;\n\t\t\t\tmargin-top: 10px;\n\t\t\t\ttext-align: center;\n\t\t\t\twidth: 25%;\n\t\t\t}\n\t\t\t#gallery-1 img {\n\t\t\t\tborder: 2px solid #cfcfcf;\n\t\t\t}\n\t\t\t#gallery-1 .gallery-caption {\n\t\t\t\tmargin-left: 0;\n\t\t\t}\n\t\t\t\/* see gallery_shortcode() in wp-includes\/media.php *\/\n\t\t<\/style>\n\t\t<div id='gallery-1' class='gallery galleryid-3209 gallery-columns-4 gallery-size-thumbnail'><dl class='gallery-item'>\n\t\t\t<dt class='gallery-icon portrait'>\n\t\t\t\t<a href=\"https:\/\/static-blogs.diariovasco.com\/wp-content\/uploads\/sites\/15\/2014\/11\/oli9.jpg\"><img width=\"150\" height=\"150\" src=\"https:\/\/static-blogs.diariovasco.com\/wp-content\/uploads\/sites\/15\/2014\/11\/oli9-150x150.jpg\" class=\"attachment-thumbnail size-thumbnail\" alt=\"\" loading=\"lazy\" \/><\/a>\n\t\t\t<\/dt><\/dl><dl class='gallery-item'>\n\t\t\t<dt class='gallery-icon portrait'>\n\t\t\t\t<a href=\"https:\/\/static-blogs.diariovasco.com\/wp-content\/uploads\/sites\/15\/2014\/11\/oli10.jpg\"><img width=\"150\" height=\"150\" src=\"https:\/\/static-blogs.diariovasco.com\/wp-content\/uploads\/sites\/15\/2014\/11\/oli10-150x150.jpg\" class=\"attachment-thumbnail size-thumbnail\" alt=\"\" loading=\"lazy\" \/><\/a>\n\t\t\t<\/dt><\/dl><dl class='gallery-item'>\n\t\t\t<dt class='gallery-icon portrait'>\n\t\t\t\t<a href=\"https:\/\/static-blogs.diariovasco.com\/wp-content\/uploads\/sites\/15\/2014\/11\/oli7.jpg\"><img width=\"150\" height=\"150\" src=\"https:\/\/static-blogs.diariovasco.com\/wp-content\/uploads\/sites\/15\/2014\/11\/oli7-150x150.jpg\" class=\"attachment-thumbnail size-thumbnail\" alt=\"\" loading=\"lazy\" aria-describedby=\"gallery-1-3216\" \/><\/a>\n\t\t\t<\/dt>\n\t\t\t\t<dd class='wp-caption-text gallery-caption' id='gallery-1-3216'>\n\t\t\t\tOli en la actualidad\n\t\t\t\t<\/dd><\/dl><dl class='gallery-item'>\n\t\t\t<dt class='gallery-icon landscape'>\n\t\t\t\t<a href=\"https:\/\/static-blogs.diariovasco.com\/wp-content\/uploads\/sites\/15\/2014\/11\/oli_peque.jpg\"><img width=\"150\" height=\"150\" src=\"https:\/\/static-blogs.diariovasco.com\/wp-content\/uploads\/sites\/15\/2014\/11\/oli_peque-150x150.jpg\" class=\"attachment-thumbnail size-thumbnail\" alt=\"\" loading=\"lazy\" aria-describedby=\"gallery-1-3214\" \/><\/a>\n\t\t\t<\/dt>\n\t\t\t\t<dd class='wp-caption-text gallery-caption' id='gallery-1-3214'>\n\t\t\t\tOliver cuando ten\u00eda 12 d\u00edas de vida\n\t\t\t\t<\/dd><\/dl><br style=\"clear: both\" \/><dl class='gallery-item'>\n\t\t\t<dt class='gallery-icon landscape'>\n\t\t\t\t<a href=\"https:\/\/static-blogs.diariovasco.com\/wp-content\/uploads\/sites\/15\/2014\/11\/oli_madre2.jpg\"><img width=\"150\" height=\"150\" src=\"https:\/\/static-blogs.diariovasco.com\/wp-content\/uploads\/sites\/15\/2014\/11\/oli_madre2-150x150.jpg\" class=\"attachment-thumbnail size-thumbnail\" alt=\"\" loading=\"lazy\" aria-describedby=\"gallery-1-3215\" \/><\/a>\n\t\t\t<\/dt>\n\t\t\t\t<dd class='wp-caption-text gallery-caption' id='gallery-1-3215'>\n\t\t\t\tLuna, la madre de Oli, es una preciosa Carey\n\t\t\t\t<\/dd><\/dl><dl class='gallery-item'>\n\t\t\t<dt class='gallery-icon landscape'>\n\t\t\t\t<a href=\"https:\/\/static-blogs.diariovasco.com\/wp-content\/uploads\/sites\/15\/2014\/11\/oliver_hermanitos2.jpg\"><img width=\"150\" height=\"150\" src=\"https:\/\/static-blogs.diariovasco.com\/wp-content\/uploads\/sites\/15\/2014\/11\/oliver_hermanitos2-150x150.jpg\" class=\"attachment-thumbnail size-thumbnail\" alt=\"\" loading=\"lazy\" aria-describedby=\"gallery-1-3226\" \/><\/a>\n\t\t\t<\/dt>\n\t\t\t\t<dd class='wp-caption-text gallery-caption' id='gallery-1-3226'>\n\t\t\t\tOliver, a la derecha, con un mes de vida\n\t\t\t\t<\/dd><\/dl><dl class='gallery-item'>\n\t\t\t<dt class='gallery-icon landscape'>\n\t\t\t\t<a href=\"https:\/\/static-blogs.diariovasco.com\/wp-content\/uploads\/sites\/15\/2014\/11\/oliver_hermanitos.jpg\"><img width=\"150\" height=\"150\" src=\"https:\/\/static-blogs.diariovasco.com\/wp-content\/uploads\/sites\/15\/2014\/11\/oliver_hermanitos-150x150.jpg\" class=\"attachment-thumbnail size-thumbnail\" alt=\"\" loading=\"lazy\" aria-describedby=\"gallery-1-3225\" \/><\/a>\n\t\t\t<\/dt>\n\t\t\t\t<dd class='wp-caption-text gallery-caption' id='gallery-1-3225'>\n\t\t\t\tOliver, a la izquierda, con sus hermanitos con 9 d\u00edas de vida\n\t\t\t\t<\/dd><\/dl><dl class='gallery-item'>\n\t\t\t<dt class='gallery-icon landscape'>\n\t\t\t\t<a href=\"https:\/\/static-blogs.diariovasco.com\/wp-content\/uploads\/sites\/15\/2014\/11\/oli22.jpg\"><img width=\"150\" height=\"150\" src=\"https:\/\/static-blogs.diariovasco.com\/wp-content\/uploads\/sites\/15\/2014\/11\/oli22-150x150.jpg\" class=\"attachment-thumbnail size-thumbnail\" alt=\"\" loading=\"lazy\" \/><\/a>\n\t\t\t<\/dt><\/dl><br style=\"clear: both\" \/>\n\t\t<\/div>\n\n<!-- AddThis Advanced Settings generic via filter on the_content --><!-- AddThis Share Buttons generic via filter on the_content -->","protected":false},"excerpt":{"rendered":"<p>Este peque\u00f1\u00edn es Oliver, un precioso gatito de 2 meses y medio que busca un hogar. Oliver naci\u00f3 por un &#8220;accidente&#8221;: su madre, Luna, fue adoptada y se escap\u00f3 de casa antes de que la familia tuviese tiempo de esterilizar. Luna volvi\u00f3 a casa con &#8220;regalitos&#8221;. De ese embarazo nacieron 3 gatitos: 2 machos (Horus [&hellip;]<!-- AddThis Advanced Settings generic via filter on get_the_excerpt --><!-- AddThis Share Buttons generic via filter on get_the_excerpt --><\/p>\n","protected":false},"author":28,"featured_media":0,"comment_status":"open","ping_status":"closed","sticky":false,"template":"","format":"standard","meta":[],"categories":[8],"tags":[],"_links":{"self":[{"href":"https:\/\/blogs.diariovasco.com\/mascotas\/wp-json\/wp\/v2\/posts\/3209"}],"collection":[{"href":"https:\/\/blogs.diariovasco.com\/mascotas\/wp-json\/wp\/v2\/posts"}],"about":[{"href":"https:\/\/blogs.diariovasco.com\/mascotas\/wp-json\/wp\/v2\/types\/post"}],"author":[{"embeddable":true,"href":"https:\/\/blogs.diariovasco.com\/mascotas\/wp-json\/wp\/v2\/users\/28"}],"replies":[{"embeddable":true,"href":"https:\/\/blogs.diariovasco.com\/mascotas\/wp-json\/wp\/v2\/comments?post=3209"}],"version-history":[{"count":0,"href":"https:\/\/blogs.diariovasco.com\/mascotas\/wp-json\/wp\/v2\/posts\/3209\/revisions"}],"wp:attachment":[{"href":"https:\/\/blogs.diariovasco.com\/mascotas\/wp-json\/wp\/v2\/media?parent=3209"}],"wp:term":[{"taxonomy":"category","embeddable":true,"href":"https:\/\/blogs.diariovasco.com\/mascotas\/wp-json\/wp\/v2\/categories?post=3209"},{"taxonomy":"post_tag","embeddable":true,"href":"https:\/\/blogs.diariovasco.com\/mascotas\/wp-json\/wp\/v2\/tags?post=3209"}],"curies":[{"name":"wp","href":"https:\/\/api.w.org\/{rel}","templated":true}]}}