{"id":3265,"date":"2014-12-02T00:08:15","date_gmt":"2014-12-01T23:08:15","guid":{"rendered":"http:\/\/blogs.diariovasco.com\/mascotas\/?p=3265"},"modified":"2014-12-02T00:08:15","modified_gmt":"2014-12-01T23:08:15","slug":"a-jose-lo-abandonaron-y-nadie-se-fija-en-el","status":"publish","type":"post","link":"https:\/\/blogs.diariovasco.com\/mascotas\/2014\/12\/02\/a-jose-lo-abandonaron-y-nadie-se-fija-en-el\/","title":{"rendered":"A Jose lo abandonaron y nadie se fija en \u00e9l"},"content":{"rendered":"<p style=\"text-align: justify;\"><a href=\"\/mascotas\/wp-content\/uploads\/sites\/15\/2014\/12\/jose.jpg\"><img loading=\"lazy\" class=\"alignleft size-medium wp-image-3266\" title=\"jose\" src=\"\/mascotas\/wp-content\/uploads\/sites\/15\/2014\/12\/jose.jpg\" alt=\"\" width=\"219\" height=\"300\" srcset=\"https:\/\/static-blogs.diariovasco.com\/wp-content\/uploads\/sites\/15\/2014\/12\/jose.jpg 357w, https:\/\/static-blogs.diariovasco.com\/wp-content\/uploads\/sites\/15\/2014\/12\/jose-219x300.jpg 219w\" sizes=\"(max-width: 219px) 100vw, 219px\" \/><\/a>Este guapet\u00f3n es Jose, un bret\u00f3n de a\u00f1o y medio que apareci\u00f3 abandonado en Errenteria (Gipuzkoa) hace ya dos meses. No ten\u00eda chip y lo recogieron en la residencia Kireba de Lezo. Nadie lo ha reclamado y los responsable de Kireba decidieron tenerlo en acogida hasta que encontrase una familia que lo quisiese adoptar. Desde entonces lo est\u00e1n cuidando como un rey y difundiendo a tope pero no se ha interesado ni una persona en Jose. Lo est\u00e1n cuidando genial, pero no deja de ser una residencia canina, no puede vivir toda la vida ah\u00ed, necesita su propio hogar.<\/p>\n<p style=\"text-align: justify;\">Es un bret\u00f3n puro, guap\u00edsimo, de a\u00f1o y medio. Jose es s\u00faper cari\u00f1oso, obediente y sociable con otros perros (tanto machos como hembras). No es compatible con gatos.<\/p>\n<p style=\"text-align: justify;\">Merece ya tener un hogar propio y una familia que lo quiera para siempre. \u00bfQuieres d\u00e1rselo t\u00fa? Si quieres adoptar a Jose, llama al 677-777-712 o escribe a <a href=\"mailto:info@kireba.com\" target=\"_blank\">info@kireba.com<\/a>. No hagas esperar m\u00e1s a Jose.<\/p>\n<p style=\"text-align: justify;\">Por si a\u00fan te lo est\u00e1s pensando, ah\u00ed van m\u00e1s fotillos de Jose:<\/p>\n\n\t\t<style type=\"text\/css\">\n\t\t\t#gallery-1 {\n\t\t\t\tmargin: auto;\n\t\t\t}\n\t\t\t#gallery-1 .gallery-item {\n\t\t\t\tfloat: left;\n\t\t\t\tmargin-top: 10px;\n\t\t\t\ttext-align: center;\n\t\t\t\twidth: 25%;\n\t\t\t}\n\t\t\t#gallery-1 img {\n\t\t\t\tborder: 2px solid #cfcfcf;\n\t\t\t}\n\t\t\t#gallery-1 .gallery-caption {\n\t\t\t\tmargin-left: 0;\n\t\t\t}\n\t\t\t\/* see gallery_shortcode() in wp-includes\/media.php *\/\n\t\t<\/style>\n\t\t<div id='gallery-1' class='gallery galleryid-3265 gallery-columns-4 gallery-size-thumbnail'><dl class='gallery-item'>\n\t\t\t<dt class='gallery-icon portrait'>\n\t\t\t\t<a href=\"https:\/\/static-blogs.diariovasco.com\/wp-content\/uploads\/sites\/15\/2014\/12\/jose.jpg\"><img width=\"150\" height=\"150\" src=\"https:\/\/static-blogs.diariovasco.com\/wp-content\/uploads\/sites\/15\/2014\/12\/jose-150x150.jpg\" class=\"attachment-thumbnail size-thumbnail\" alt=\"\" loading=\"lazy\" \/><\/a>\n\t\t\t<\/dt><\/dl><dl class='gallery-item'>\n\t\t\t<dt class='gallery-icon portrait'>\n\t\t\t\t<a href=\"https:\/\/static-blogs.diariovasco.com\/wp-content\/uploads\/sites\/15\/2014\/12\/jose_brazos.jpg\"><img width=\"150\" height=\"150\" src=\"https:\/\/static-blogs.diariovasco.com\/wp-content\/uploads\/sites\/15\/2014\/12\/jose_brazos-150x150.jpg\" class=\"attachment-thumbnail size-thumbnail\" alt=\"\" loading=\"lazy\" \/><\/a>\n\t\t\t<\/dt><\/dl><dl class='gallery-item'>\n\t\t\t<dt class='gallery-icon portrait'>\n\t\t\t\t<a href=\"https:\/\/static-blogs.diariovasco.com\/wp-content\/uploads\/sites\/15\/2014\/12\/jose_mira.jpg\"><img width=\"150\" height=\"150\" src=\"https:\/\/static-blogs.diariovasco.com\/wp-content\/uploads\/sites\/15\/2014\/12\/jose_mira-150x150.jpg\" class=\"attachment-thumbnail size-thumbnail\" alt=\"\" loading=\"lazy\" \/><\/a>\n\t\t\t<\/dt><\/dl><dl class='gallery-item'>\n\t\t\t<dt class='gallery-icon portrait'>\n\t\t\t\t<a href=\"https:\/\/static-blogs.diariovasco.com\/wp-content\/uploads\/sites\/15\/2014\/12\/jose_tumbado.jpg\"><img width=\"150\" height=\"150\" src=\"https:\/\/static-blogs.diariovasco.com\/wp-content\/uploads\/sites\/15\/2014\/12\/jose_tumbado-150x150.jpg\" class=\"attachment-thumbnail size-thumbnail\" alt=\"\" loading=\"lazy\" \/><\/a>\n\t\t\t<\/dt><\/dl><br style=\"clear: both\" \/><dl class='gallery-item'>\n\t\t\t<dt class='gallery-icon portrait'>\n\t\t\t\t<a href=\"https:\/\/static-blogs.diariovasco.com\/wp-content\/uploads\/sites\/15\/2014\/12\/jose_brazos3.jpg\"><img width=\"150\" height=\"150\" src=\"https:\/\/static-blogs.diariovasco.com\/wp-content\/uploads\/sites\/15\/2014\/12\/jose_brazos3-150x150.jpg\" class=\"attachment-thumbnail size-thumbnail\" alt=\"\" loading=\"lazy\" \/><\/a>\n\t\t\t<\/dt><\/dl><dl class='gallery-item'>\n\t\t\t<dt class='gallery-icon portrait'>\n\t\t\t\t<a href=\"https:\/\/static-blogs.diariovasco.com\/wp-content\/uploads\/sites\/15\/2014\/12\/jose_carita.jpg\"><img width=\"150\" height=\"150\" src=\"https:\/\/static-blogs.diariovasco.com\/wp-content\/uploads\/sites\/15\/2014\/12\/jose_carita-150x150.jpg\" class=\"attachment-thumbnail size-thumbnail\" alt=\"\" loading=\"lazy\" \/><\/a>\n\t\t\t<\/dt><\/dl><dl class='gallery-item'>\n\t\t\t<dt class='gallery-icon portrait'>\n\t\t\t\t<a href=\"https:\/\/static-blogs.diariovasco.com\/wp-content\/uploads\/sites\/15\/2014\/12\/jose_corre.jpg\"><img width=\"150\" height=\"150\" src=\"https:\/\/static-blogs.diariovasco.com\/wp-content\/uploads\/sites\/15\/2014\/12\/jose_corre-150x150.jpg\" class=\"attachment-thumbnail size-thumbnail\" alt=\"\" loading=\"lazy\" \/><\/a>\n\t\t\t<\/dt><\/dl>\n\t\t\t<br style='clear: both' \/>\n\t\t<\/div>\n\n<!-- AddThis Advanced Settings generic via filter on the_content --><!-- AddThis Share Buttons generic via filter on the_content -->","protected":false},"excerpt":{"rendered":"<p>Este guapet\u00f3n es Jose, un bret\u00f3n de a\u00f1o y medio que apareci\u00f3 abandonado en Errenteria (Gipuzkoa) hace ya dos meses. No ten\u00eda chip y lo recogieron en la residencia Kireba de Lezo. Nadie lo ha reclamado y los responsable de Kireba decidieron tenerlo en acogida hasta que encontrase una familia que lo quisiese adoptar. Desde [&hellip;]<!-- AddThis Advanced Settings generic via filter on get_the_excerpt --><!-- AddThis Share Buttons generic via filter on get_the_excerpt --><\/p>\n","protected":false},"author":28,"featured_media":0,"comment_status":"open","ping_status":"closed","sticky":false,"template":"","format":"standard","meta":[],"categories":[8],"tags":[],"_links":{"self":[{"href":"https:\/\/blogs.diariovasco.com\/mascotas\/wp-json\/wp\/v2\/posts\/3265"}],"collection":[{"href":"https:\/\/blogs.diariovasco.com\/mascotas\/wp-json\/wp\/v2\/posts"}],"about":[{"href":"https:\/\/blogs.diariovasco.com\/mascotas\/wp-json\/wp\/v2\/types\/post"}],"author":[{"embeddable":true,"href":"https:\/\/blogs.diariovasco.com\/mascotas\/wp-json\/wp\/v2\/users\/28"}],"replies":[{"embeddable":true,"href":"https:\/\/blogs.diariovasco.com\/mascotas\/wp-json\/wp\/v2\/comments?post=3265"}],"version-history":[{"count":0,"href":"https:\/\/blogs.diariovasco.com\/mascotas\/wp-json\/wp\/v2\/posts\/3265\/revisions"}],"wp:attachment":[{"href":"https:\/\/blogs.diariovasco.com\/mascotas\/wp-json\/wp\/v2\/media?parent=3265"}],"wp:term":[{"taxonomy":"category","embeddable":true,"href":"https:\/\/blogs.diariovasco.com\/mascotas\/wp-json\/wp\/v2\/categories?post=3265"},{"taxonomy":"post_tag","embeddable":true,"href":"https:\/\/blogs.diariovasco.com\/mascotas\/wp-json\/wp\/v2\/tags?post=3265"}],"curies":[{"name":"wp","href":"https:\/\/api.w.org\/{rel}","templated":true}]}}