{"id":3283,"date":"2014-12-05T00:21:50","date_gmt":"2014-12-04T23:21:50","guid":{"rendered":"http:\/\/blogs.diariovasco.com\/mascotas\/?p=3283"},"modified":"2014-12-05T00:21:50","modified_gmt":"2014-12-04T23:21:50","slug":"oliver-la-belleza-de-un-gato-con-el-caracter-de-un-perro-en-el-cuerpo-de-un-bebe","status":"publish","type":"post","link":"https:\/\/blogs.diariovasco.com\/mascotas\/2014\/12\/05\/oliver-la-belleza-de-un-gato-con-el-caracter-de-un-perro-en-el-cuerpo-de-un-bebe\/","title":{"rendered":"Oliver: la belleza de un gato con el car\u00e1cter de un perro en el cuerpo de un beb\u00e9"},"content":{"rendered":"<div class=\"mceTemp\"><\/div>\n<div id=\"attachment_3284\" style=\"width: 310px\" class=\"wp-caption alignleft\"><a href=\"\/mascotas\/wp-content\/uploads\/sites\/15\/2014\/12\/oliver_yo_beso.jpg\"><img aria-describedby=\"caption-attachment-3284\" loading=\"lazy\" class=\"size-medium wp-image-3284\" title=\"oliver_yo_beso\" src=\"\/mascotas\/wp-content\/uploads\/sites\/15\/2014\/12\/oliver_yo_beso.jpg\" alt=\"\" width=\"300\" height=\"199\" srcset=\"https:\/\/static-blogs.diariovasco.com\/wp-content\/uploads\/sites\/15\/2014\/12\/oliver_yo_beso.jpg 640w, https:\/\/static-blogs.diariovasco.com\/wp-content\/uploads\/sites\/15\/2014\/12\/oliver_yo_beso-300x200.jpg 300w\" sizes=\"(max-width: 300px) 100vw, 300px\" \/><\/a><p id=\"caption-attachment-3284\" class=\"wp-caption-text\">Comi\u00e9ndomelo a besos y c\u00f3mo se dejaba...\u00a1sin conocerme de nada!<\/p><\/div>\n<p style=\"text-align: justify;\">Hace unas semanas sac\u00e1bamos aqu\u00ed a Oliver, un gatito con 3 meses reci\u00e9n cumplidos que busca un hogar (<a href=\"https:\/\/blogs.diariovasco.com\/mascotas\/2014\/11\/20\/oliver-gatito-de-2-meses-y-medio-en-busca-de-un-hogar\/\" target=\"_blank\">pod\u00e9is leer su historia pinchando aqu\u00ed<\/a>). Ni una persona se ha interesado en \u00e9l y, una vez m\u00e1s, <a href=\"http:\/\/alfonsozarranz.com\/\" target=\"_blank\" rel=\"external nofollow\">Alfonso Zarranz<\/a> nos ha querido echar una mano sac\u00e1ndole unas fotos que reflejasen lo bonito y cari\u00f1oso que es.<\/p>\n<p style=\"text-align: justify;\"><a href=\"\/mascotas\/wp-content\/uploads\/sites\/15\/2014\/12\/oliver2.jpg\"><img loading=\"lazy\" class=\"alignright size-medium wp-image-3285\" title=\"oliver2\" src=\"\/mascotas\/wp-content\/uploads\/sites\/15\/2014\/12\/oliver2.jpg\" alt=\"\" width=\"199\" height=\"300\" srcset=\"https:\/\/static-blogs.diariovasco.com\/wp-content\/uploads\/sites\/15\/2014\/12\/oliver2.jpg 426w, https:\/\/static-blogs.diariovasco.com\/wp-content\/uploads\/sites\/15\/2014\/12\/oliver2-200x300.jpg 200w\" sizes=\"(max-width: 199px) 100vw, 199px\" \/><\/a>Oliver a\u00fana la belleza felina y el car\u00e1cter de un perro. Much\u00edsima gente quiere adoptar lo que yo llamo siempre un \u201cgato-perro\u201d: un gato que se deje achuchar, que sea cari\u00f1oso\u2026 El lunes estuve en casa de Oliver para que Alfonso le hiciese las fotos y alucin\u00e9: le cog\u00ed en brazos seg\u00fan entre en la casa y no hizo ni un mal gesto. A lo largo de la tarde, lo tuvimos que coger en diferentes ocasiones para las fotos (ponlo aqu\u00ed, suj\u00e9talo all\u00ed\u2026) y no sac\u00f3 las u\u00f1as ni hizo ning\u00fan amago de nada en ning\u00fan momento. Lourdes, la due\u00f1a de la mama de Oli, nos cuenta que desde que naci\u00f3 le han acostumbrado a cogerlo, manipularlo y, pese a que haya momentos en los que pueda no apetecerle que le cojas, no saca las u\u00f1as ya que sabe que nunca se le va a hacer nada malo.<\/p>\n<p style=\"text-align: justify;\">Oliver es precioso, solo 3 mesecitos, un car\u00e1cter divino\u2026\u00bfqu\u00e9 m\u00e1s se le puede pedir? Busca una familia, \u00bflo quieres en la tuya? Si quieres adoptar a Oliver, escribe a <a href=\"mailto:unomasenlafamiliablog@gmail.com\" target=\"_blank\">unomasenlafamiliablog@gmail.com<\/a>.<\/p>\n\n\t\t<style type=\"text\/css\">\n\t\t\t#gallery-1 {\n\t\t\t\tmargin: auto;\n\t\t\t}\n\t\t\t#gallery-1 .gallery-item {\n\t\t\t\tfloat: left;\n\t\t\t\tmargin-top: 10px;\n\t\t\t\ttext-align: center;\n\t\t\t\twidth: 25%;\n\t\t\t}\n\t\t\t#gallery-1 img {\n\t\t\t\tborder: 2px solid #cfcfcf;\n\t\t\t}\n\t\t\t#gallery-1 .gallery-caption {\n\t\t\t\tmargin-left: 0;\n\t\t\t}\n\t\t\t\/* see gallery_shortcode() in wp-includes\/media.php *\/\n\t\t<\/style>\n\t\t<div id='gallery-1' class='gallery galleryid-3283 gallery-columns-4 gallery-size-thumbnail'><dl class='gallery-item'>\n\t\t\t<dt class='gallery-icon landscape'>\n\t\t\t\t<a href=\"https:\/\/static-blogs.diariovasco.com\/wp-content\/uploads\/sites\/15\/2014\/12\/oliver_yo_beso.jpg\"><img width=\"150\" height=\"150\" src=\"https:\/\/static-blogs.diariovasco.com\/wp-content\/uploads\/sites\/15\/2014\/12\/oliver_yo_beso-150x150.jpg\" class=\"attachment-thumbnail size-thumbnail\" alt=\"\" loading=\"lazy\" aria-describedby=\"gallery-1-3284\" \/><\/a>\n\t\t\t<\/dt>\n\t\t\t\t<dd class='wp-caption-text gallery-caption' id='gallery-1-3284'>\n\t\t\t\tComi\u00e9ndomelo a besos y c\u00f3mo se dejaba&#8230;\u00a1sin conocerme de nada!\n\t\t\t\t<\/dd><\/dl><dl class='gallery-item'>\n\t\t\t<dt class='gallery-icon portrait'>\n\t\t\t\t<a href=\"https:\/\/static-blogs.diariovasco.com\/wp-content\/uploads\/sites\/15\/2014\/12\/oliver2.jpg\"><img width=\"150\" height=\"150\" src=\"https:\/\/static-blogs.diariovasco.com\/wp-content\/uploads\/sites\/15\/2014\/12\/oliver2-150x150.jpg\" class=\"attachment-thumbnail size-thumbnail\" alt=\"\" loading=\"lazy\" \/><\/a>\n\t\t\t<\/dt><\/dl><dl class='gallery-item'>\n\t\t\t<dt class='gallery-icon portrait'>\n\t\t\t\t<a href=\"https:\/\/static-blogs.diariovasco.com\/wp-content\/uploads\/sites\/15\/2014\/12\/oliver.jpg\"><img width=\"150\" height=\"150\" src=\"https:\/\/static-blogs.diariovasco.com\/wp-content\/uploads\/sites\/15\/2014\/12\/oliver-150x150.jpg\" class=\"attachment-thumbnail size-thumbnail\" alt=\"\" loading=\"lazy\" \/><\/a>\n\t\t\t<\/dt><\/dl><dl class='gallery-item'>\n\t\t\t<dt class='gallery-icon portrait'>\n\t\t\t\t<a href=\"https:\/\/static-blogs.diariovasco.com\/wp-content\/uploads\/sites\/15\/2014\/12\/oliver_patita.jpg\"><img width=\"150\" height=\"150\" src=\"https:\/\/static-blogs.diariovasco.com\/wp-content\/uploads\/sites\/15\/2014\/12\/oliver_patita-150x150.jpg\" class=\"attachment-thumbnail size-thumbnail\" alt=\"\" loading=\"lazy\" \/><\/a>\n\t\t\t<\/dt><\/dl><br style=\"clear: both\" \/><dl class='gallery-item'>\n\t\t\t<dt class='gallery-icon landscape'>\n\t\t\t\t<a href=\"https:\/\/static-blogs.diariovasco.com\/wp-content\/uploads\/sites\/15\/2014\/12\/isis_oliver_brazos.jpg\"><img width=\"150\" height=\"150\" src=\"https:\/\/static-blogs.diariovasco.com\/wp-content\/uploads\/sites\/15\/2014\/12\/isis_oliver_brazos-150x150.jpg\" class=\"attachment-thumbnail size-thumbnail\" alt=\"\" loading=\"lazy\" \/><\/a>\n\t\t\t<\/dt><\/dl><dl class='gallery-item'>\n\t\t\t<dt class='gallery-icon landscape'>\n\t\t\t\t<a href=\"https:\/\/static-blogs.diariovasco.com\/wp-content\/uploads\/sites\/15\/2014\/12\/oliver_premio.jpg\"><img width=\"150\" height=\"150\" src=\"https:\/\/static-blogs.diariovasco.com\/wp-content\/uploads\/sites\/15\/2014\/12\/oliver_premio-150x150.jpg\" class=\"attachment-thumbnail size-thumbnail\" alt=\"\" loading=\"lazy\" \/><\/a>\n\t\t\t<\/dt><\/dl><dl class='gallery-item'>\n\t\t\t<dt class='gallery-icon landscape'>\n\t\t\t\t<a href=\"https:\/\/static-blogs.diariovasco.com\/wp-content\/uploads\/sites\/15\/2014\/12\/oliver_premio2.jpg\"><img width=\"150\" height=\"150\" src=\"https:\/\/static-blogs.diariovasco.com\/wp-content\/uploads\/sites\/15\/2014\/12\/oliver_premio2-150x150.jpg\" class=\"attachment-thumbnail size-thumbnail\" alt=\"\" loading=\"lazy\" \/><\/a>\n\t\t\t<\/dt><\/dl><dl class='gallery-item'>\n\t\t\t<dt class='gallery-icon portrait'>\n\t\t\t\t<a href=\"https:\/\/static-blogs.diariovasco.com\/wp-content\/uploads\/sites\/15\/2014\/12\/oliver_yo.jpg\"><img width=\"150\" height=\"150\" src=\"https:\/\/static-blogs.diariovasco.com\/wp-content\/uploads\/sites\/15\/2014\/12\/oliver_yo-150x150.jpg\" class=\"attachment-thumbnail size-thumbnail\" alt=\"\" loading=\"lazy\" \/><\/a>\n\t\t\t<\/dt><\/dl><br style=\"clear: both\" \/><dl class='gallery-item'>\n\t\t\t<dt class='gallery-icon landscape'>\n\t\t\t\t<a href=\"https:\/\/static-blogs.diariovasco.com\/wp-content\/uploads\/sites\/15\/2014\/12\/oliver3.jpg\"><img width=\"150\" height=\"150\" src=\"https:\/\/static-blogs.diariovasco.com\/wp-content\/uploads\/sites\/15\/2014\/12\/oliver3-150x150.jpg\" class=\"attachment-thumbnail size-thumbnail\" alt=\"\" loading=\"lazy\" \/><\/a>\n\t\t\t<\/dt><\/dl><dl class='gallery-item'>\n\t\t\t<dt class='gallery-icon portrait'>\n\t\t\t\t<a href=\"https:\/\/static-blogs.diariovasco.com\/wp-content\/uploads\/sites\/15\/2014\/12\/oliver4.jpg\"><img width=\"150\" height=\"150\" src=\"https:\/\/static-blogs.diariovasco.com\/wp-content\/uploads\/sites\/15\/2014\/12\/oliver4-150x150.jpg\" class=\"attachment-thumbnail size-thumbnail\" alt=\"\" loading=\"lazy\" \/><\/a>\n\t\t\t<\/dt><\/dl><dl class='gallery-item'>\n\t\t\t<dt class='gallery-icon landscape'>\n\t\t\t\t<a href=\"https:\/\/static-blogs.diariovasco.com\/wp-content\/uploads\/sites\/15\/2014\/12\/isis_oliver.jpg\"><img width=\"150\" height=\"150\" src=\"https:\/\/static-blogs.diariovasco.com\/wp-content\/uploads\/sites\/15\/2014\/12\/isis_oliver-150x150.jpg\" class=\"attachment-thumbnail size-thumbnail\" alt=\"\" loading=\"lazy\" aria-describedby=\"gallery-1-3286\" \/><\/a>\n\t\t\t<\/dt>\n\t\t\t\t<dd class='wp-caption-text gallery-caption' id='gallery-1-3286'>\n\t\t\t\tIsis y Oliver (hermanitos)\n\t\t\t\t<\/dd><\/dl><dl class='gallery-item'>\n\t\t\t<dt class='gallery-icon landscape'>\n\t\t\t\t<a href=\"https:\/\/static-blogs.diariovasco.com\/wp-content\/uploads\/sites\/15\/2014\/12\/oliver5.jpg\"><img width=\"150\" height=\"150\" src=\"https:\/\/static-blogs.diariovasco.com\/wp-content\/uploads\/sites\/15\/2014\/12\/oliver5-150x150.jpg\" class=\"attachment-thumbnail size-thumbnail\" alt=\"\" loading=\"lazy\" \/><\/a>\n\t\t\t<\/dt><\/dl><br style=\"clear: both\" \/>\n\t\t<\/div>\n\n<!-- AddThis Advanced Settings generic via filter on the_content --><!-- AddThis Share Buttons generic via filter on the_content -->","protected":false},"excerpt":{"rendered":"<p>Hace unas semanas sac\u00e1bamos aqu\u00ed a Oliver, un gatito con 3 meses reci\u00e9n cumplidos que busca un hogar (pod\u00e9is leer su historia pinchando aqu\u00ed). Ni una persona se ha interesado en \u00e9l y, una vez m\u00e1s, Alfonso Zarranz nos ha querido echar una mano sac\u00e1ndole unas fotos que reflejasen lo bonito y cari\u00f1oso que es. [&hellip;]<!-- AddThis Advanced Settings generic via filter on get_the_excerpt --><!-- AddThis Share Buttons generic via filter on get_the_excerpt --><\/p>\n","protected":false},"author":28,"featured_media":0,"comment_status":"open","ping_status":"closed","sticky":false,"template":"","format":"standard","meta":[],"categories":[8],"tags":[],"_links":{"self":[{"href":"https:\/\/blogs.diariovasco.com\/mascotas\/wp-json\/wp\/v2\/posts\/3283"}],"collection":[{"href":"https:\/\/blogs.diariovasco.com\/mascotas\/wp-json\/wp\/v2\/posts"}],"about":[{"href":"https:\/\/blogs.diariovasco.com\/mascotas\/wp-json\/wp\/v2\/types\/post"}],"author":[{"embeddable":true,"href":"https:\/\/blogs.diariovasco.com\/mascotas\/wp-json\/wp\/v2\/users\/28"}],"replies":[{"embeddable":true,"href":"https:\/\/blogs.diariovasco.com\/mascotas\/wp-json\/wp\/v2\/comments?post=3283"}],"version-history":[{"count":0,"href":"https:\/\/blogs.diariovasco.com\/mascotas\/wp-json\/wp\/v2\/posts\/3283\/revisions"}],"wp:attachment":[{"href":"https:\/\/blogs.diariovasco.com\/mascotas\/wp-json\/wp\/v2\/media?parent=3283"}],"wp:term":[{"taxonomy":"category","embeddable":true,"href":"https:\/\/blogs.diariovasco.com\/mascotas\/wp-json\/wp\/v2\/categories?post=3283"},{"taxonomy":"post_tag","embeddable":true,"href":"https:\/\/blogs.diariovasco.com\/mascotas\/wp-json\/wp\/v2\/tags?post=3283"}],"curies":[{"name":"wp","href":"https:\/\/api.w.org\/{rel}","templated":true}]}}