{"id":3343,"date":"2014-12-22T00:41:15","date_gmt":"2014-12-21T23:41:15","guid":{"rendered":"http:\/\/blogs.diariovasco.com\/mascotas\/?p=3343"},"modified":"2014-12-22T00:41:15","modified_gmt":"2014-12-21T23:41:15","slug":"mi-perro-se-lanza-sobre-la-gente-desconocida-de-manera-agresiva-cuando-va-suelto","status":"publish","type":"post","link":"https:\/\/blogs.diariovasco.com\/mascotas\/2014\/12\/22\/mi-perro-se-lanza-sobre-la-gente-desconocida-de-manera-agresiva-cuando-va-suelto\/","title":{"rendered":"\u201cMi perro se lanza sobre la gente desconocida de manera agresiva cuando va suelto\u201d"},"content":{"rendered":"<p style=\"text-align: justify;\"><a href=\"\/mascotas\/wp-content\/uploads\/sites\/15\/2014\/12\/perro_lanza_personas.jpg\"><img loading=\"lazy\" class=\"alignleft size-medium wp-image-3344\" title=\"perro_lanza_personas\" src=\"\/mascotas\/wp-content\/uploads\/sites\/15\/2014\/12\/perro_lanza_personas.jpg\" alt=\"\" width=\"300\" height=\"198\" srcset=\"https:\/\/static-blogs.diariovasco.com\/wp-content\/uploads\/sites\/15\/2014\/12\/perro_lanza_personas.jpg 303w, https:\/\/static-blogs.diariovasco.com\/wp-content\/uploads\/sites\/15\/2014\/12\/perro_lanza_personas-300x198.jpg 300w\" sizes=\"(max-width: 300px) 100vw, 300px\" \/><\/a>La consulta para Julia Rey (*), nuestra et\u00f3loga, la env\u00eda hoy el propietario de Artzai, un mestizo de pastor vasco con border collie que, al parecer, se lanza de manera agresiva sobre las personas cuando va suelto, habiendo llegado incluso a morder prendas de ropa de dichas personas. Ah\u00ed va la respuesta de Julia a su consulta:<\/p>\n<p style=\"text-align: justify;\">&#8220;Hay una etapa en la vida del perro (etapa de socializaci\u00f3n) que es importante ya que el perro aprende a gestionar el miedo. La etapa de socializaci\u00f3n es una fase en la vida del perro muy peque\u00f1a, puesto que abarca desde las tres semanas de vida de un perro hasta los tres meses. En este ciclo al perro hay que exponerle a todo tipo de est\u00edmulos, tanto auditivos como visuales o del tacto para que, en el transcurso de etapa cachorro a anciano, no presente ning\u00fan miedo a nada o que simplemente consiga gestionarlo sin crear en \u00e9l un problema.<\/p>\n<p style=\"text-align: justify;\">Es importante concretar que no solo realizando una buena socializaci\u00f3n un perro va a dejar de tener miedo ya que, tanto el manejo como las experiencias negativas, har\u00e1n que se potencien o que aparezcan dichos trastornos del miedo.<\/p>\n<p style=\"text-align: justify;\">Por todo ello, desde el primer momento que se tiene un perro, se debe trabajar los posibles trastornos del miedo (personas, ni\u00f1os, objetos m\u00f3viles, ruidos ambientales, sustos por sorpresa, etc\u2026) porque normalmente un perro que tiene miedo a la larga demostrar\u00e1 s\u00edntomas de agresividad en su comportamiento hacia lo desconocido o lo que le d\u00e9 miedo.<\/p>\n<p style=\"text-align: justify;\"><a href=\"\/mascotas\/wp-content\/uploads\/sites\/15\/2014\/12\/perro_muerde_personas.jpg\"><img loading=\"lazy\" class=\"alignright size-medium wp-image-3345\" title=\"perro_muerde_personas\" src=\"\/mascotas\/wp-content\/uploads\/sites\/15\/2014\/12\/perro_muerde_personas.jpg\" alt=\"\" width=\"300\" height=\"198\" srcset=\"https:\/\/static-blogs.diariovasco.com\/wp-content\/uploads\/sites\/15\/2014\/12\/perro_muerde_personas.jpg 303w, https:\/\/static-blogs.diariovasco.com\/wp-content\/uploads\/sites\/15\/2014\/12\/perro_muerde_personas-300x198.jpg 300w\" sizes=\"(max-width: 300px) 100vw, 300px\" \/><\/a>Tambi\u00e9n hay que aclarar que, en este caso, es muy posible que aumente la agresividad cuando est\u00e1 suelto debido a que se encuentra m\u00e1s seguro y tiene m\u00e1s posibilidad de escapatoria.<\/p>\n<p style=\"text-align: justify;\">En alusi\u00f3n a la castraci\u00f3n, hay que aclarar que solo es efectiva, bas\u00e1ndonos en el comportamiento etol\u00f3gicamente, no f\u00edsicamente, en trastornos relacionados con la sexualidad (peleas con otros cong\u00e9neres machos por hembras, escapadas por rastros sexuales o falta de obediencia por seguimiento de rastro de celo). La castraci\u00f3n no es un componente por el cual haya un aumento de la agresividad, m\u00e1s bien es todo lo contrario.<\/p>\n<p style=\"text-align: justify;\">En este caso, el aumento de la agresividad posiblemnte sea a causa del manejo y a la etapa de vida que tiene el perro, puesto que est\u00e1 en la llamada adolescencia (que dura hasta los dos a\u00f1os dependiendo del perro, sus experiencias, su car\u00e1cter, y el manejo que se le realice, aparte de lo anteriormente expuesto).<\/p>\n<p style=\"text-align: justify;\">Por tanto, para que su agresividad no empeore y disminuya, lo mejor que se pude hacer es ponerlo en un tratamiento etol\u00f3gico y educativo para un mayor control del problema.&#8221;<\/p>\n<p style=\"text-align: justify;\">(*) Julia Rey es et\u00f3loga de\u00a0<a href=\"http:\/\/www.kokotea.blogspot.com.es\/\" rel=\"external nofollow\" target=\"_blank\">Kokotea Etolog\u00eda<\/a><\/p>\n<p style=\"text-align: justify;\">(**) Si quieres que nuestro et\u00f3logo te ayude con tu mascota, recuerda rellenar\u00a0<a href=\"http:\/\/canales.diariovasco.com\/documentos\/mascotas\/consultorio.doc\" target=\"_blank\" rel=\"external nofollow\">este cuestionario<\/a>\u00a0y enviarlo a\u00a0<a href=\"mailto:unomasenlafamiliablog@gmail.com\" target=\"_blank\">unomasenlafamiliablog@gmail.com<\/a>. Por favor, antes de rellenar y mandar el cuestionario, leer la secci\u00f3n de etolog\u00eda para comprobar que el problema de su perro no ha sido ya consultado por otra persona.<\/p>\n<p style=\"text-align: justify;\">(***) Si est\u00e1s pensando en mandarnos una consulta,\u00a0<a href=\"https:\/\/blogs.diariovasco.com\/mascotas\/2014\/05\/08\/leer-por-favor-antes-de-mandar-una-consulta-para-los-veterinarios-o-etologos\/\" target=\"_blank\">pincha aqu\u00ed y lee esto antes, por favor<\/a><\/p>\n<p style=\"text-align: justify;\">(****) Tened en cuenta que los consejos se dan habiendo le\u00eddo el cuestionario rellenado por la persona que hace la consulta, por lo que el et\u00f3logo cuenta con muchos m\u00e1s datos de los que aqu\u00ed se comentan.<\/p>\n<!-- AddThis Advanced Settings generic via filter on the_content --><!-- AddThis Share Buttons generic via filter on the_content -->","protected":false},"excerpt":{"rendered":"<p>La consulta para Julia Rey (*), nuestra et\u00f3loga, la env\u00eda hoy el propietario de Artzai, un mestizo de pastor vasco con border collie que, al parecer, se lanza de manera agresiva sobre las personas cuando va suelto, habiendo llegado incluso a morder prendas de ropa de dichas personas. Ah\u00ed va la respuesta de Julia a [&hellip;]<!-- AddThis Advanced Settings generic via filter on get_the_excerpt --><!-- AddThis Share Buttons generic via filter on get_the_excerpt --><\/p>\n","protected":false},"author":28,"featured_media":0,"comment_status":"open","ping_status":"closed","sticky":false,"template":"","format":"standard","meta":[],"categories":[5,7],"tags":[],"_links":{"self":[{"href":"https:\/\/blogs.diariovasco.com\/mascotas\/wp-json\/wp\/v2\/posts\/3343"}],"collection":[{"href":"https:\/\/blogs.diariovasco.com\/mascotas\/wp-json\/wp\/v2\/posts"}],"about":[{"href":"https:\/\/blogs.diariovasco.com\/mascotas\/wp-json\/wp\/v2\/types\/post"}],"author":[{"embeddable":true,"href":"https:\/\/blogs.diariovasco.com\/mascotas\/wp-json\/wp\/v2\/users\/28"}],"replies":[{"embeddable":true,"href":"https:\/\/blogs.diariovasco.com\/mascotas\/wp-json\/wp\/v2\/comments?post=3343"}],"version-history":[{"count":0,"href":"https:\/\/blogs.diariovasco.com\/mascotas\/wp-json\/wp\/v2\/posts\/3343\/revisions"}],"wp:attachment":[{"href":"https:\/\/blogs.diariovasco.com\/mascotas\/wp-json\/wp\/v2\/media?parent=3343"}],"wp:term":[{"taxonomy":"category","embeddable":true,"href":"https:\/\/blogs.diariovasco.com\/mascotas\/wp-json\/wp\/v2\/categories?post=3343"},{"taxonomy":"post_tag","embeddable":true,"href":"https:\/\/blogs.diariovasco.com\/mascotas\/wp-json\/wp\/v2\/tags?post=3343"}],"curies":[{"name":"wp","href":"https:\/\/api.w.org\/{rel}","templated":true}]}}