{"id":3391,"date":"2015-01-07T00:06:17","date_gmt":"2015-01-06T23:06:17","guid":{"rendered":"http:\/\/blogs.diariovasco.com\/mascotas\/?p=3391"},"modified":"2015-01-07T00:06:17","modified_gmt":"2015-01-06T23:06:17","slug":"es-obligatorio-hacer-un-seguro-internacional-a-un-cachorro-para-traerlo-de-francia-a-espana","status":"publish","type":"post","link":"https:\/\/blogs.diariovasco.com\/mascotas\/2015\/01\/07\/es-obligatorio-hacer-un-seguro-internacional-a-un-cachorro-para-traerlo-de-francia-a-espana\/","title":{"rendered":"\u201c\u00bfEs obligatorio hacer un seguro internacional a un cachorro para traerlo de Francia a Espa\u00f1a?\u201d"},"content":{"rendered":"<p style=\"text-align: justify;\"><a href=\"\/mascotas\/wp-content\/uploads\/sites\/15\/2015\/01\/cachorro_viaje.jpg\"><img loading=\"lazy\" class=\"alignleft size-full wp-image-3393\" title=\"cachorro_viaje\" src=\"\/mascotas\/wp-content\/uploads\/sites\/15\/2015\/01\/cachorro_viaje.jpg\" alt=\"\" width=\"264\" height=\"191\" \/><\/a>La consulta para los veterinarios de la <a href=\"http:\/\/www.lardy.es\/\" target=\"_blank\" rel=\"external nofollow\">Cl\u00ednica Lardy<\/a> va hoy sobre la obligatoriedad o no de hacer seguro internacional a un cachorro de tres meses para traerlo de Francia a Espa\u00f1a:<\/p>\n<p style=\"text-align: justify;\"><em>Hola buenas,\u00a0<\/em><\/p>\n<p style=\"text-align: justify;\"><em>Te quiero hacer una pregunta. Para traer un cachorro de husky de tres meses de Francia me han comentado que es de clase A y que hace falta hacerle seguro internacional. \u00bfEs una estafa o es verdad? Le he dicho de asegurarlo en Espa\u00f1a y no quiere\u2026\u00a0<\/em><\/p>\n<p style=\"text-align: justify;\"><em>Un saludo<\/em><\/p>\n<p style=\"text-align: justify;\">Ah\u00ed va la respuesta de los profesionales de Lardy:<\/p>\n<p style=\"text-align: justify;\">&#8220;Buenas tardes,<\/p>\n<p style=\"text-align: justify;\">Para traer un cachorro de cualquier pa\u00eds de la comunidad europea con tres meses o m\u00e1s son necesarias tres cosas:<\/p>\n<p style=\"text-align: justify;\">A-\u00a0\u00a0\u00a0\u00a0\u00a0Microchip<\/p>\n<p style=\"text-align: justify;\">B-\u00a0\u00a0\u00a0\u00a0\u00a0Pasaporte Europeo<\/p>\n<p style=\"text-align: justify;\">C-\u00a0\u00a0\u00a0\u00a0Vacuna de Rabia colocada con un tiempo anterior necesario.<\/p>\n<p style=\"text-align: justify;\">Lo del seguro no es obligatorio.<\/p>\n<p style=\"text-align: justify;\">Saludos,<\/p>\n<p style=\"text-align: justify;\">C.V. Lardy&#8221;<\/p>\n<p style=\"text-align: justify;\">Si ten\u00e9is cualquier duda sobre este tema, quer\u00e9is hacer alguna consulta sobre la salud de vuestro peludito o quer\u00e9is que los veterinarios de Lardy hablen sobre alg\u00fan tema en concreto, s\u00f3lo ten\u00e9is que escribir un correo a\u00a0<a href=\"mailto:unomasenlafamiliablog@gmail.com\" target=\"_blank\">unomasenlafamiliablog@gmail.com<\/a>, yo se lo pasar\u00e9 inmediatamente a ellos y en unos d\u00edas tendr\u00e9is vuestra respuesta a trav\u00e9s de este blog. Animaos, tantos ellos como yo estaremos encantados de ayudaros. Por favor, antes de enviar la consulta, leer este texto:\u00a0<a href=\"https:\/\/blogs.diariovasco.com\/mascotas\/2014\/05\/08\/leer-por-favor-antes-de-mandar-una-consulta-para-los-veterinarios-o-etologos\/\" target=\"_blank\">https:\/\/blogs.diariovasco.com\/mascotas\/2014\/05\/08\/leer-por-favor-antes-de-mandar-una-consulta-para-los-veterinarios-o-etologos\/<\/a><\/p>\n<p style=\"text-align: justify;\">\n<!-- AddThis Advanced Settings generic via filter on the_content --><!-- AddThis Share Buttons generic via filter on the_content -->","protected":false},"excerpt":{"rendered":"<p>La consulta para los veterinarios de la Cl\u00ednica Lardy va hoy sobre la obligatoriedad o no de hacer seguro internacional a un cachorro de tres meses para traerlo de Francia a Espa\u00f1a: Hola buenas,\u00a0 Te quiero hacer una pregunta. Para traer un cachorro de husky de tres meses de Francia me han comentado que es [&hellip;]<!-- AddThis Advanced Settings generic via filter on get_the_excerpt --><!-- AddThis Share Buttons generic via filter on get_the_excerpt --><\/p>\n","protected":false},"author":28,"featured_media":0,"comment_status":"open","ping_status":"closed","sticky":false,"template":"","format":"standard","meta":[],"categories":[5,12],"tags":[],"_links":{"self":[{"href":"https:\/\/blogs.diariovasco.com\/mascotas\/wp-json\/wp\/v2\/posts\/3391"}],"collection":[{"href":"https:\/\/blogs.diariovasco.com\/mascotas\/wp-json\/wp\/v2\/posts"}],"about":[{"href":"https:\/\/blogs.diariovasco.com\/mascotas\/wp-json\/wp\/v2\/types\/post"}],"author":[{"embeddable":true,"href":"https:\/\/blogs.diariovasco.com\/mascotas\/wp-json\/wp\/v2\/users\/28"}],"replies":[{"embeddable":true,"href":"https:\/\/blogs.diariovasco.com\/mascotas\/wp-json\/wp\/v2\/comments?post=3391"}],"version-history":[{"count":0,"href":"https:\/\/blogs.diariovasco.com\/mascotas\/wp-json\/wp\/v2\/posts\/3391\/revisions"}],"wp:attachment":[{"href":"https:\/\/blogs.diariovasco.com\/mascotas\/wp-json\/wp\/v2\/media?parent=3391"}],"wp:term":[{"taxonomy":"category","embeddable":true,"href":"https:\/\/blogs.diariovasco.com\/mascotas\/wp-json\/wp\/v2\/categories?post=3391"},{"taxonomy":"post_tag","embeddable":true,"href":"https:\/\/blogs.diariovasco.com\/mascotas\/wp-json\/wp\/v2\/tags?post=3391"}],"curies":[{"name":"wp","href":"https:\/\/api.w.org\/{rel}","templated":true}]}}