{"id":3427,"date":"2015-01-27T01:25:33","date_gmt":"2015-01-27T00:25:33","guid":{"rendered":"http:\/\/blogs.diariovasco.com\/mascotas\/?p=3427"},"modified":"2015-01-27T01:25:33","modified_gmt":"2015-01-27T00:25:33","slug":"pantxo-perro-de-raza-jack-russell-perdido-en-errenteria-gipuzkoa","status":"publish","type":"post","link":"https:\/\/blogs.diariovasco.com\/mascotas\/2015\/01\/27\/pantxo-perro-de-raza-jack-russell-perdido-en-errenteria-gipuzkoa\/","title":{"rendered":"Pantxo, perro de raza jack russell perdido en Errenteria (Gipuzkoa)"},"content":{"rendered":"<div id=\"attachment_3428\" style=\"width: 310px\" class=\"wp-caption alignleft\"><a href=\"\/mascotas\/wp-content\/uploads\/sites\/15\/2015\/01\/pantxo.jpg\"><img aria-describedby=\"caption-attachment-3428\" loading=\"lazy\" class=\"size-medium wp-image-3428\" title=\"pantxo\" src=\"\/mascotas\/wp-content\/uploads\/sites\/15\/2015\/01\/pantxo.jpg\" alt=\"\" width=\"300\" height=\"225\" \/><\/a><p id=\"caption-attachment-3428\" class=\"wp-caption-text\">Este es Pantxo<\/p><\/div>\n<p style=\"text-align: justify;\">\u00bfHas visto a Pantxo? Se perdi\u00f3 el pasado s\u00e1bado 24 de enero a la tarde en la zona de Fanderia (Errenteria), en Gipuzkoa. Es un jack russell (tama\u00f1o peque\u00f1o, sin cola, pelo corto blanco con manchas marrones), de 7 a\u00f1os, con chip, que en el momento de perderse llevaba el chubasquero negro que veis en una de las fotos. Su propietaria, Ana, me cuenta que Pantxo es muy obediente y cari\u00f1oso con las personas por lo que, si alguien lo ve, que no dude por favor en intentar cogerlo, que no le va a hacer nada, ni se va a asustar, ni nada por el estilo.<\/p>\n<p style=\"text-align: justify;\">Desde su desaparici\u00f3n, no ha habido m\u00e1s noticias del perro. Su due\u00f1a lo est\u00e1 buscando desesperadamente, pas\u00e1ndolo fatal y ya no sabe ni a d\u00f3nde acudir. Hoy mismo proceder\u00e1 a interponer una denuncia por la desaparici\u00f3n del perro en dependencias de la Guardia Municipal. Si ves a Pantxo o sabes algo de \u00e9l, llama por favor a Ana al 600-85-13-73. Por favor, seguro que Pantxo lo est\u00e1 pasando tan mal como Ana, ayudadnos.<\/p>\n\n\t\t<style type=\"text\/css\">\n\t\t\t#gallery-1 {\n\t\t\t\tmargin: auto;\n\t\t\t}\n\t\t\t#gallery-1 .gallery-item {\n\t\t\t\tfloat: left;\n\t\t\t\tmargin-top: 10px;\n\t\t\t\ttext-align: center;\n\t\t\t\twidth: 33%;\n\t\t\t}\n\t\t\t#gallery-1 img {\n\t\t\t\tborder: 2px solid #cfcfcf;\n\t\t\t}\n\t\t\t#gallery-1 .gallery-caption {\n\t\t\t\tmargin-left: 0;\n\t\t\t}\n\t\t\t\/* see gallery_shortcode() in wp-includes\/media.php *\/\n\t\t<\/style>\n\t\t<div id='gallery-1' class='gallery galleryid-3427 gallery-columns-3 gallery-size-thumbnail'><dl class='gallery-item'>\n\t\t\t<dt class='gallery-icon landscape'>\n\t\t\t\t<a href=\"https:\/\/static-blogs.diariovasco.com\/wp-content\/uploads\/sites\/15\/2015\/01\/pantxo-e1422318103111.jpg\"><img width=\"150\" height=\"150\" src=\"https:\/\/static-blogs.diariovasco.com\/wp-content\/uploads\/sites\/15\/2015\/01\/pantxo-e1422318103111-150x150.jpg\" class=\"attachment-thumbnail size-thumbnail\" alt=\"\" loading=\"lazy\" aria-describedby=\"gallery-1-3428\" \/><\/a>\n\t\t\t<\/dt>\n\t\t\t\t<dd class='wp-caption-text gallery-caption' id='gallery-1-3428'>\n\t\t\t\tEste es Pantxo\n\t\t\t\t<\/dd><\/dl><dl class='gallery-item'>\n\t\t\t<dt class='gallery-icon landscape'>\n\t\t\t\t<a href=\"https:\/\/static-blogs.diariovasco.com\/wp-content\/uploads\/sites\/15\/2015\/01\/pantxo2.jpg\"><img width=\"150\" height=\"150\" src=\"https:\/\/static-blogs.diariovasco.com\/wp-content\/uploads\/sites\/15\/2015\/01\/pantxo2-150x150.jpg\" class=\"attachment-thumbnail size-thumbnail\" alt=\"\" loading=\"lazy\" \/><\/a>\n\t\t\t<\/dt><\/dl><dl class='gallery-item'>\n\t\t\t<dt class='gallery-icon landscape'>\n\t\t\t\t<a href=\"https:\/\/static-blogs.diariovasco.com\/wp-content\/uploads\/sites\/15\/2015\/01\/pantxo_impermeable.jpg\"><img width=\"150\" height=\"150\" src=\"https:\/\/static-blogs.diariovasco.com\/wp-content\/uploads\/sites\/15\/2015\/01\/pantxo_impermeable-150x150.jpg\" class=\"attachment-thumbnail size-thumbnail\" alt=\"\" loading=\"lazy\" aria-describedby=\"gallery-1-3429\" \/><\/a>\n\t\t\t<\/dt>\n\t\t\t\t<dd class='wp-caption-text gallery-caption' id='gallery-1-3429'>\n\t\t\t\tEl d\u00eda que desapareci\u00f3, llevaba este impermeable negro\n\t\t\t\t<\/dd><\/dl><br style=\"clear: both\" \/>\n\t\t<\/div>\n\n<!-- AddThis Advanced Settings generic via filter on the_content --><!-- AddThis Share Buttons generic via filter on the_content -->","protected":false},"excerpt":{"rendered":"<p>\u00bfHas visto a Pantxo? Se perdi\u00f3 el pasado s\u00e1bado 24 de enero a la tarde en la zona de Fanderia (Errenteria), en Gipuzkoa. Es un jack russell (tama\u00f1o peque\u00f1o, sin cola, pelo corto blanco con manchas marrones), de 7 a\u00f1os, con chip, que en el momento de perderse llevaba el chubasquero negro que veis en [&hellip;]<!-- AddThis Advanced Settings generic via filter on get_the_excerpt --><!-- AddThis Share Buttons generic via filter on get_the_excerpt --><\/p>\n","protected":false},"author":28,"featured_media":0,"comment_status":"open","ping_status":"closed","sticky":false,"template":"","format":"standard","meta":[],"categories":[3],"tags":[],"_links":{"self":[{"href":"https:\/\/blogs.diariovasco.com\/mascotas\/wp-json\/wp\/v2\/posts\/3427"}],"collection":[{"href":"https:\/\/blogs.diariovasco.com\/mascotas\/wp-json\/wp\/v2\/posts"}],"about":[{"href":"https:\/\/blogs.diariovasco.com\/mascotas\/wp-json\/wp\/v2\/types\/post"}],"author":[{"embeddable":true,"href":"https:\/\/blogs.diariovasco.com\/mascotas\/wp-json\/wp\/v2\/users\/28"}],"replies":[{"embeddable":true,"href":"https:\/\/blogs.diariovasco.com\/mascotas\/wp-json\/wp\/v2\/comments?post=3427"}],"version-history":[{"count":0,"href":"https:\/\/blogs.diariovasco.com\/mascotas\/wp-json\/wp\/v2\/posts\/3427\/revisions"}],"wp:attachment":[{"href":"https:\/\/blogs.diariovasco.com\/mascotas\/wp-json\/wp\/v2\/media?parent=3427"}],"wp:term":[{"taxonomy":"category","embeddable":true,"href":"https:\/\/blogs.diariovasco.com\/mascotas\/wp-json\/wp\/v2\/categories?post=3427"},{"taxonomy":"post_tag","embeddable":true,"href":"https:\/\/blogs.diariovasco.com\/mascotas\/wp-json\/wp\/v2\/tags?post=3427"}],"curies":[{"name":"wp","href":"https:\/\/api.w.org\/{rel}","templated":true}]}}