{"id":3458,"date":"2015-02-11T12:51:15","date_gmt":"2015-02-11T11:51:15","guid":{"rendered":"http:\/\/blogs.diariovasco.com\/mascotas\/?p=3458"},"modified":"2015-02-11T12:51:15","modified_gmt":"2015-02-11T11:51:15","slug":"voy-a-viajar-en-avion-con-mi-gata-algun-consejo-para-que-ella-lo-lleve-mejor","status":"publish","type":"post","link":"https:\/\/blogs.diariovasco.com\/mascotas\/2015\/02\/11\/voy-a-viajar-en-avion-con-mi-gata-algun-consejo-para-que-ella-lo-lleve-mejor\/","title":{"rendered":"\u201cVoy a viajar en avi\u00f3n con mi gata, \u00bfalg\u00fan consejo para que ella lo lleve mejor?\u201d"},"content":{"rendered":"<p style=\"text-align: justify;\"><a href=\"\/mascotas\/wp-content\/uploads\/sites\/15\/2015\/02\/gato_viajar3.jpg\"><img loading=\"lazy\" class=\"alignleft size-medium wp-image-3460\" title=\"gato_viajar3\" src=\"\/mascotas\/wp-content\/uploads\/sites\/15\/2015\/02\/gato_viajar3.jpg\" alt=\"\" width=\"300\" height=\"254\" srcset=\"https:\/\/static-blogs.diariovasco.com\/wp-content\/uploads\/sites\/15\/2015\/02\/gato_viajar3.jpg 350w, https:\/\/static-blogs.diariovasco.com\/wp-content\/uploads\/sites\/15\/2015\/02\/gato_viajar3-300x255.jpg 300w\" sizes=\"(max-width: 300px) 100vw, 300px\" \/><\/a>Maite escribe a los veterinarios de la <a href=\"http:\/\/www.lardy.es\/\" target=\"_blank\" rel=\"external nofollow\">Cl\u00ednica Lardy<\/a> pidiendo consejos para hacer un viaje en avi\u00f3n con su gata:<\/p>\n<p style=\"text-align: justify;\"><em>Buenas tardes,\u00a0<\/em><\/p>\n<p style=\"text-align: justify;\"><em>Tengo que viajar con mi gata en avi\u00f3n. El viaje es de aproximadamente 3 horas pero, teniendo en cuenta que hay que estar 1 hora antes en el aeropuerto y adem\u00e1s el viaje hasta Loiu, calculo que mi gatita estar\u00e1 unas 5 horas en su jaula.\u00a0<\/em><\/p>\n<p style=\"text-align: justify;\"><em>\u00bfRecomiendas algo de sedaci\u00f3n para que no se estrese? Ella est\u00e1 acostumbrada a viajar en coche, pero es la primera vez que va a ir en avi\u00f3n (viajar\u00e1 conmigo en cabina). \u00bfAlg\u00fan consejo, recomendaci\u00f3n importante, etc\u2026?\u00a0<\/em><\/p>\n<p style=\"text-align: justify;\"><em>Gracias de antemano y felicidades por tu blog.\u00a0<\/em><\/p>\n<p style=\"text-align: justify;\"><em>Maite<\/em><\/p>\n<p style=\"text-align: justify;\">Ah\u00ed va la respuesta de los profesionales de Lardy:<\/p>\n<p style=\"text-align: justify;\">&#8220;Buenas tardes,<\/p>\n<p style=\"text-align: justify;\">Si est\u00e1 acostumbrada a viajar en coche, no te aconsejar\u00eda darle ning\u00fan sedante pues la duraci\u00f3n de sus efectos suele ser mayor de seis horas. No le deis de comer antes de viajar, pero ponerle \u00a0agua hasta el momento del embarque.<\/p>\n<p style=\"text-align: justify;\">Buen viaje,<\/p>\n<p style=\"text-align: justify;\">C.V. Lardy&#8221;<\/p>\n<p style=\"text-align: justify;\">Si ten\u00e9is cualquier duda sobre este tema, quer\u00e9is hacer alguna consulta sobre la salud de vuestro peludito o quer\u00e9is que los veterinarios de Lardy hablen sobre alg\u00fan tema en concreto, s\u00f3lo ten\u00e9is que escribir un correo a\u00a0<a href=\"mailto:unomasenlafamiliablog@gmail.com\" target=\"_blank\">unomasenlafamiliablog@gmail.com<\/a>, yo se lo pasar\u00e9 inmediatamente a ellos y en unos d\u00edas tendr\u00e9is vuestra respuesta a trav\u00e9s de este blog. Animaos, tantos ellos como yo estaremos encantados de ayudaros. Por favor, antes de enviar la consulta, leer este texto:\u00a0<a href=\"https:\/\/blogs.diariovasco.com\/mascotas\/2014\/05\/08\/leer-por-favor-antes-de-mandar-una-consulta-para-los-veterinarios-o-etologos\/\" target=\"_blank\">https:\/\/blogs.diariovasco.com\/mascotas\/2014\/05\/08\/leer-por-favor-antes-de-mandar-una-consulta-para-los-veterinarios-o-etologos\/<\/a><\/p>\n<p>&nbsp;<\/p>\n<!-- AddThis Advanced Settings generic via filter on the_content --><!-- AddThis Share Buttons generic via filter on the_content -->","protected":false},"excerpt":{"rendered":"<p>Maite escribe a los veterinarios de la Cl\u00ednica Lardy pidiendo consejos para hacer un viaje en avi\u00f3n con su gata: Buenas tardes,\u00a0 Tengo que viajar con mi gata en avi\u00f3n. El viaje es de aproximadamente 3 horas pero, teniendo en cuenta que hay que estar 1 hora antes en el aeropuerto y adem\u00e1s el viaje [&hellip;]<!-- AddThis Advanced Settings generic via filter on get_the_excerpt --><!-- AddThis Share Buttons generic via filter on get_the_excerpt --><\/p>\n","protected":false},"author":28,"featured_media":0,"comment_status":"open","ping_status":"closed","sticky":false,"template":"","format":"standard","meta":[],"categories":[5,12],"tags":[],"_links":{"self":[{"href":"https:\/\/blogs.diariovasco.com\/mascotas\/wp-json\/wp\/v2\/posts\/3458"}],"collection":[{"href":"https:\/\/blogs.diariovasco.com\/mascotas\/wp-json\/wp\/v2\/posts"}],"about":[{"href":"https:\/\/blogs.diariovasco.com\/mascotas\/wp-json\/wp\/v2\/types\/post"}],"author":[{"embeddable":true,"href":"https:\/\/blogs.diariovasco.com\/mascotas\/wp-json\/wp\/v2\/users\/28"}],"replies":[{"embeddable":true,"href":"https:\/\/blogs.diariovasco.com\/mascotas\/wp-json\/wp\/v2\/comments?post=3458"}],"version-history":[{"count":0,"href":"https:\/\/blogs.diariovasco.com\/mascotas\/wp-json\/wp\/v2\/posts\/3458\/revisions"}],"wp:attachment":[{"href":"https:\/\/blogs.diariovasco.com\/mascotas\/wp-json\/wp\/v2\/media?parent=3458"}],"wp:term":[{"taxonomy":"category","embeddable":true,"href":"https:\/\/blogs.diariovasco.com\/mascotas\/wp-json\/wp\/v2\/categories?post=3458"},{"taxonomy":"post_tag","embeddable":true,"href":"https:\/\/blogs.diariovasco.com\/mascotas\/wp-json\/wp\/v2\/tags?post=3458"}],"curies":[{"name":"wp","href":"https:\/\/api.w.org\/{rel}","templated":true}]}}