{"id":3720,"date":"2015-07-05T21:20:34","date_gmt":"2015-07-05T20:20:34","guid":{"rendered":"http:\/\/blogs.diariovasco.com\/mascotas\/?p=3720"},"modified":"2015-07-05T21:20:34","modified_gmt":"2015-07-05T20:20:34","slug":"hasta-pronto","status":"publish","type":"post","link":"https:\/\/blogs.diariovasco.com\/mascotas\/2015\/07\/05\/hasta-pronto\/","title":{"rendered":"Hasta pronto\u2026"},"content":{"rendered":"<p><img loading=\"lazy\" class=\"alignleft size-medium wp-image-3721\" title=\"cerrado\" src=\"\/mascotas\/wp-content\/uploads\/sites\/15\/2015\/07\/cerrado.jpg\" alt=\"\" width=\"300\" height=\"244\" srcset=\"https:\/\/static-blogs.diariovasco.com\/wp-content\/uploads\/sites\/15\/2015\/07\/cerrado.jpg 500w, https:\/\/static-blogs.diariovasco.com\/wp-content\/uploads\/sites\/15\/2015\/07\/cerrado-300x244.jpg 300w\" sizes=\"(max-width: 300px) 100vw, 300px\" \/><\/p>\n<p style=\"text-align: justify;\">Cierro el blog\u2026al menos temporalmente. No s\u00e9 si esto es una despedida definitiva o solo un \u201chasta luego\u201d, es una dura decisi\u00f3n, pero lo que tengo claro es que ahora mismo no puedo seguir con \u00e9l. Las razones por las que no puedo son varias y muy diferentes, no voy a entrar en detalles (para no aburriros con algunas, para no sacar aqu\u00ed otras que no vienen a cuento\u2026).<\/p>\n<p style=\"text-align: justify;\">4 a\u00f1os por aqu\u00ed han dado mucho de s\u00ed. He re\u00eddo, he llorado, he tenido ganas de darme (literalmente) cabezazos contra la pared, impotencia, alegr\u00eda\u2026 Espero, sobre todo, haber servido de ayuda a los animales, que era el fin de este blog.<\/p>\n<p style=\"text-align: justify;\">Como digo, ahora mismo no puedo decir si esto es un cierre temporal o definitivo. Si vuelvo, os lo har\u00e9 saber y espero que sig\u00e1is ah\u00ed.<\/p>\n<p style=\"text-align: justify;\">Hasta pronto\u2026<\/p>\n<!-- AddThis Advanced Settings generic via filter on the_content --><!-- AddThis Share Buttons generic via filter on the_content -->","protected":false},"excerpt":{"rendered":"<p>Cierro el blog\u2026al menos temporalmente. No s\u00e9 si esto es una despedida definitiva o solo un \u201chasta luego\u201d, es una dura decisi\u00f3n, pero lo que tengo claro es que ahora mismo no puedo seguir con \u00e9l. Las razones por las que no puedo son varias y muy diferentes, no voy a entrar en detalles (para [&hellip;]<!-- AddThis Advanced Settings generic via filter on get_the_excerpt --><!-- AddThis Share Buttons generic via filter on get_the_excerpt --><\/p>\n","protected":false},"author":28,"featured_media":0,"comment_status":"open","ping_status":"closed","sticky":false,"template":"","format":"standard","meta":[],"categories":[4],"tags":[],"_links":{"self":[{"href":"https:\/\/blogs.diariovasco.com\/mascotas\/wp-json\/wp\/v2\/posts\/3720"}],"collection":[{"href":"https:\/\/blogs.diariovasco.com\/mascotas\/wp-json\/wp\/v2\/posts"}],"about":[{"href":"https:\/\/blogs.diariovasco.com\/mascotas\/wp-json\/wp\/v2\/types\/post"}],"author":[{"embeddable":true,"href":"https:\/\/blogs.diariovasco.com\/mascotas\/wp-json\/wp\/v2\/users\/28"}],"replies":[{"embeddable":true,"href":"https:\/\/blogs.diariovasco.com\/mascotas\/wp-json\/wp\/v2\/comments?post=3720"}],"version-history":[{"count":0,"href":"https:\/\/blogs.diariovasco.com\/mascotas\/wp-json\/wp\/v2\/posts\/3720\/revisions"}],"wp:attachment":[{"href":"https:\/\/blogs.diariovasco.com\/mascotas\/wp-json\/wp\/v2\/media?parent=3720"}],"wp:term":[{"taxonomy":"category","embeddable":true,"href":"https:\/\/blogs.diariovasco.com\/mascotas\/wp-json\/wp\/v2\/categories?post=3720"},{"taxonomy":"post_tag","embeddable":true,"href":"https:\/\/blogs.diariovasco.com\/mascotas\/wp-json\/wp\/v2\/tags?post=3720"}],"curies":[{"name":"wp","href":"https:\/\/api.w.org\/{rel}","templated":true}]}}