{"id":449,"date":"2012-03-19T04:46:29","date_gmt":"2012-03-19T03:46:29","guid":{"rendered":"http:\/\/blogs.diariovasco.com\/mascotas\/?p=449"},"modified":"2012-03-19T04:46:29","modified_gmt":"2012-03-19T03:46:29","slug":"concentracion-pidiendo-justicia-para-goliath-exito-de-convocatoria","status":"publish","type":"post","link":"https:\/\/blogs.diariovasco.com\/mascotas\/2012\/03\/19\/concentracion-pidiendo-justicia-para-goliath-exito-de-convocatoria\/","title":{"rendered":"Concentraci\u00f3n pidiendo justicia para Goliath: \u00e9xito de convocatoria"},"content":{"rendered":"<p style=\"text-align: justify;\"><a href=\"\/mascotas\/wp-content\/uploads\/sites\/15\/2012\/03\/concentracion3-e1332128303773.jpg\"><img loading=\"lazy\" class=\"alignleft size-full wp-image-450\" title=\"concentracion3\" src=\"\/mascotas\/wp-content\/uploads\/sites\/15\/2012\/03\/concentracion3-e1332128303773.jpg\" alt=\"\" width=\"450\" height=\"335\" srcset=\"https:\/\/static-blogs.diariovasco.com\/wp-content\/uploads\/sites\/15\/2012\/03\/concentracion3-e1332128303773.jpg 450w, https:\/\/static-blogs.diariovasco.com\/wp-content\/uploads\/sites\/15\/2012\/03\/concentracion3-e1332128303773-300x223.jpg 300w\" sizes=\"(max-width: 450px) 100vw, 450px\" \/><\/a>La concentraci\u00f3n convocada para ayer a las 12:00 en el cementerio de Portugalete tuvo mucho m\u00e1s \u00e9xito del que sus organizadores esperaban. El poco tiempo de antelaci\u00f3n con el que se hizo la convocatoria (por la urgencia de los hechos) hac\u00eda pensar que no acudir\u00eda mucha gente y sin embargo un mont\u00f3n de personas (muchas acompa\u00f1adas por sus perros) se presentaron para apoyar a <a href=\"https:\/\/blogs.diariovasco.com\/mascotas\/2012\/03\/18\/goliath-perro-brutalmente-maltratado-en-portugalete\/\" target=\"_blank\">Goliath<\/a> y pedir que se haga justicia y el hombre que le hizo semejantes lesiones pague por ello. Desde aqu\u00ed, mi m\u00e1s sincero agradecimiento a todos los que hab\u00e9is estado en la concentraci\u00f3n.<\/p>\n<p style=\"text-align: justify;\"><strong>Evoluci\u00f3n de Goliath<\/strong><\/p>\n<p style=\"text-align: justify;\">Por otra parte, desde APA Puppy Bilbao van contando la evoluci\u00f3n de Goliath. Ayer a la ma\u00f1ana ya nos dec\u00edan que evolucionaba despacio pero favorablemente. Nos contaban que hab\u00eda intentado comer un poquito, que avanzaba muy despacio pero que lo importante era que no empeoraba. Eso s\u00ed, nos informaban de que debido al estado de sus lesiones corr\u00eda peligro de empeorar por complicaciones infecciosas. Nuestro campe\u00f3n sigue con suero, calmantes y antibi\u00f3ticos, pero nos contaban que la inflamaci\u00f3n en la zona fronto-craneal hab\u00eda bajado un poquito. Tal y como se comentaba ayer en el post anterior sobre Goliath su peso y tama\u00f1o dificultan a\u00fan m\u00e1s su recuperaci\u00f3n: &#8220;ya puede levantarse un poco para cambiar de postura,poco m\u00e1s debido a su peso,tama\u00f1o y debilidad a\u00fan no puede caminar m\u00e1s de dos pasos&#8221; .A \u00faltima hora de la tarde de ayer las noticias eran a\u00fan mejores: Goliath ya consigui\u00f3 comer, dar alg\u00fan pasito m\u00e1s y se le pudo retirar el vendaje de la cabeza. Nos adelantan que quiz\u00e1 para hoy mismo se pueda incluso dar una fecha aproximada para su salida de la cl\u00ednica.<\/p>\n<p style=\"text-align: justify;\">Es incre\u00edble la fortaleza de este chico&#8230; \u00a1Ole por ti, Goliath! Vas a salir de esta, chico, claro que s\u00ed&#8230; Seguir\u00e9 informando sobre la evoluci\u00f3n de Goliath en cuanto haya novedades en su estado o se sepa algo m\u00e1s sobre el tema de la denuncia a su propietario.<\/p>\n<p style=\"text-align: justify;\">(La colaboraci\u00f3n de Manuel Villar, habitualmente publicada los lunes en este blog, se retrasa esta semana debido a la importancia del caso de maltrato a Goliath. Espero que lo comprend\u00e1is y perd\u00f3n por las molestias)<\/p>\n<!-- AddThis Advanced Settings generic via filter on the_content --><!-- AddThis Share Buttons generic via filter on the_content -->","protected":false},"excerpt":{"rendered":"<p>La concentraci\u00f3n convocada para ayer a las 12:00 en el cementerio de Portugalete tuvo mucho m\u00e1s \u00e9xito del que sus organizadores esperaban. El poco tiempo de antelaci\u00f3n con el que se hizo la convocatoria (por la urgencia de los hechos) hac\u00eda pensar que no acudir\u00eda mucha gente y sin embargo un mont\u00f3n de personas (muchas [&hellip;]<!-- AddThis Advanced Settings generic via filter on get_the_excerpt --><!-- AddThis Share Buttons generic via filter on get_the_excerpt --><\/p>\n","protected":false},"author":28,"featured_media":0,"comment_status":"open","ping_status":"closed","sticky":false,"template":"","format":"standard","meta":[],"categories":[10,11],"tags":[],"_links":{"self":[{"href":"https:\/\/blogs.diariovasco.com\/mascotas\/wp-json\/wp\/v2\/posts\/449"}],"collection":[{"href":"https:\/\/blogs.diariovasco.com\/mascotas\/wp-json\/wp\/v2\/posts"}],"about":[{"href":"https:\/\/blogs.diariovasco.com\/mascotas\/wp-json\/wp\/v2\/types\/post"}],"author":[{"embeddable":true,"href":"https:\/\/blogs.diariovasco.com\/mascotas\/wp-json\/wp\/v2\/users\/28"}],"replies":[{"embeddable":true,"href":"https:\/\/blogs.diariovasco.com\/mascotas\/wp-json\/wp\/v2\/comments?post=449"}],"version-history":[{"count":0,"href":"https:\/\/blogs.diariovasco.com\/mascotas\/wp-json\/wp\/v2\/posts\/449\/revisions"}],"wp:attachment":[{"href":"https:\/\/blogs.diariovasco.com\/mascotas\/wp-json\/wp\/v2\/media?parent=449"}],"wp:term":[{"taxonomy":"category","embeddable":true,"href":"https:\/\/blogs.diariovasco.com\/mascotas\/wp-json\/wp\/v2\/categories?post=449"},{"taxonomy":"post_tag","embeddable":true,"href":"https:\/\/blogs.diariovasco.com\/mascotas\/wp-json\/wp\/v2\/tags?post=449"}],"curies":[{"name":"wp","href":"https:\/\/api.w.org\/{rel}","templated":true}]}}