{"id":480,"date":"2012-03-26T03:04:14","date_gmt":"2012-03-26T02:04:14","guid":{"rendered":"http:\/\/blogs.diariovasco.com\/mascotas\/?p=480"},"modified":"2012-03-26T03:04:14","modified_gmt":"2012-03-26T02:04:14","slug":"consejos-para-aprovechar-mejor-el-paseo-con-tu-perro","status":"publish","type":"post","link":"https:\/\/blogs.diariovasco.com\/mascotas\/2012\/03\/26\/consejos-para-aprovechar-mejor-el-paseo-con-tu-perro\/","title":{"rendered":"Consejos para aprovechar mejor el paseo con tu perro"},"content":{"rendered":"<p style=\"text-align: justify;\"><a href=\"\/mascotas\/wp-content\/uploads\/sites\/15\/2012\/03\/paseo2.jpg\"><img loading=\"lazy\" class=\"alignleft size-full wp-image-481\" title=\"paseo2\" src=\"\/mascotas\/wp-content\/uploads\/sites\/15\/2012\/03\/paseo2.jpg\" alt=\"\" width=\"272\" height=\"185\" \/><\/a>La semana pasada hubo que cancelar la aparici\u00f3n de Manuel Villar\u00a0 en este blog por la gravedad del caso de <a href=\"https:\/\/blogs.diariovasco.com\/mascotas\/2012\/03\/19\/concentracion-pidiendo-justicia-para-goliath-exito-de-convocatoria\/\" target=\"_blank\">Goliath<\/a>, pero esta semana volvemos a la normalidad y aqu\u00ed ten\u00e9is como cada lunes los consejos de este et\u00f3logo canino. En el texto de hoy Manuel nos explica la importancia de un buen paseo con nuestro compa\u00f1ero y c\u00f3mo convertir en ese paseo en algo mucho m\u00e1s all\u00e1 y m\u00e1s productivo que darle una simple vuelta.<\/p>\n<p style=\"text-align: justify;\">&#8220;\u00bfEst\u00e1 desvinculado el paseo de la educaci\u00f3n? Muchos propietarios deber\u00edan hacerse esta pregunta. Cuando se establecen las necesidades del perro en la vida diaria, todo propietario estar\u00e1 de acuerdo en que una buena\u00a0 alimentaci\u00f3n y el paseo son fundamentales para tener un perro saludable. Es necesario darnos cuenta de que el adiestramiento de un perro es cuesti\u00f3n de unas sesiones limitadas en el tiempo, pero la educaci\u00f3n y la permanencia de la misma, es cuesti\u00f3n de toda la vida.<\/p>\n<p style=\"text-align: justify;\">La necesidad para todo perro que convive en compa\u00f1\u00eda de los humanos es, por este orden: ejercicio, disciplina\/estructura \u00a0y confianza. No debemos olvidar que la v\u00eda que mantiene a nuestro perro en ese estado de equilibrio es la influencia que tenemos como gu\u00edas sobre nuestra mascota. Para seguir estableciendo esta buena relaci\u00f3n entre perro y gu\u00eda debemos trabajar constantemente con el binomio inseparable de premio-correcci\u00f3n, que en un principio durante el adiestramiento b\u00e1sico tan buenos resultados nos ha dado.<\/p>\n<p style=\"text-align: justify;\">Son muchos los casos en los que nos encontramos delante de perros que, habiendo realizado su adiestramiento b\u00e1sico, su comportamiento en los parques o durante los paseos se aleja mucho de ser un comportamiento educado (ladran, gru\u00f1en, pegan tirones de correa&#8230; hay descontrol).<\/p>\n<p style=\"text-align: justify;\">Una buena manera de que estas conductas no aparezcan es el buen aprovechamiento del paseo. Un paseo no es \u00a0esa acci\u00f3n en la que el perro nos acompa\u00f1a a donde tenemos que ir, el paseo es ese momento que compartimos con nuestro compa\u00f1ero (30 o 40 minutos en la mayor\u00eda\u00a0 de los casos es mas que suficiente). Lograremos el doble de ejercicio tanto f\u00edsico como mental por parte de nuestro compa\u00f1er@ si utilizamos parte de ese paseo (5\/7 minutos) en recordarle aquellos ejercicios que ya sabe y le premiamos por ello cuando los haga bien o por el contrario le corregimos cuando falle. Esto no s\u00f3lo fomentar\u00e1 el buen estado f\u00edsico y psicol\u00f3gico de nuestro perro, sino que adem\u00e1s reforzaremos nuestra relaci\u00f3n y potenciaremos nuestra posici\u00f3n de liderazgo.&#8221;<\/p>\n<p style=\"text-align: justify;\">Como v\u00e9is, el paseo es mucho m\u00e1s que un momento en el que sacar a tu perro para que haga sus necesidades y libere energ\u00eda.<\/p>\n<p style=\"text-align: justify;\">El pr\u00f3ximo lunes, Manuel contestar\u00e1 a alguna de vuestras consultas.<\/p>\n<p style=\"text-align: justify;\">\n<p style=\"text-align: justify;\">(*) Manuel Villar es et\u00f3logo canino y miembro de la\u00a0<a href=\"http:\/\/www.nobleyfielamigo.es\/\" rel=\"external nofollow\" target=\"_blank\">Asociaci\u00f3n Noble y Fiel Amigo (ANFA)<\/a><\/p>\n<p style=\"text-align: justify;\">(**) Si quieres que Manuel te ayude con tu perro, recuerda rellenar <a href=\"http:\/\/canales.diariovasco.com\/documentos\/mascotas\/consultorio.doc\" target=\"_blank\" rel=\"external nofollow\">este cuestionario<\/a>\u00a0y enviarlo a unomasenlafamiliablog@gmail.com.<\/p>\n<!-- AddThis Advanced Settings generic via filter on the_content --><!-- AddThis Share Buttons generic via filter on the_content -->","protected":false},"excerpt":{"rendered":"<p>La semana pasada hubo que cancelar la aparici\u00f3n de Manuel Villar\u00a0 en este blog por la gravedad del caso de Goliath, pero esta semana volvemos a la normalidad y aqu\u00ed ten\u00e9is como cada lunes los consejos de este et\u00f3logo canino. En el texto de hoy Manuel nos explica la importancia de un buen paseo con [&hellip;]<!-- AddThis Advanced Settings generic via filter on get_the_excerpt --><!-- AddThis Share Buttons generic via filter on get_the_excerpt --><\/p>\n","protected":false},"author":28,"featured_media":0,"comment_status":"open","ping_status":"closed","sticky":false,"template":"","format":"standard","meta":[],"categories":[5,7],"tags":[],"_links":{"self":[{"href":"https:\/\/blogs.diariovasco.com\/mascotas\/wp-json\/wp\/v2\/posts\/480"}],"collection":[{"href":"https:\/\/blogs.diariovasco.com\/mascotas\/wp-json\/wp\/v2\/posts"}],"about":[{"href":"https:\/\/blogs.diariovasco.com\/mascotas\/wp-json\/wp\/v2\/types\/post"}],"author":[{"embeddable":true,"href":"https:\/\/blogs.diariovasco.com\/mascotas\/wp-json\/wp\/v2\/users\/28"}],"replies":[{"embeddable":true,"href":"https:\/\/blogs.diariovasco.com\/mascotas\/wp-json\/wp\/v2\/comments?post=480"}],"version-history":[{"count":0,"href":"https:\/\/blogs.diariovasco.com\/mascotas\/wp-json\/wp\/v2\/posts\/480\/revisions"}],"wp:attachment":[{"href":"https:\/\/blogs.diariovasco.com\/mascotas\/wp-json\/wp\/v2\/media?parent=480"}],"wp:term":[{"taxonomy":"category","embeddable":true,"href":"https:\/\/blogs.diariovasco.com\/mascotas\/wp-json\/wp\/v2\/categories?post=480"},{"taxonomy":"post_tag","embeddable":true,"href":"https:\/\/blogs.diariovasco.com\/mascotas\/wp-json\/wp\/v2\/tags?post=480"}],"curies":[{"name":"wp","href":"https:\/\/api.w.org\/{rel}","templated":true}]}}