{"id":737,"date":"2012-05-14T00:26:39","date_gmt":"2012-05-13T23:26:39","guid":{"rendered":"http:\/\/blogs.diariovasco.com\/mascotas\/?p=737"},"modified":"2012-05-14T00:26:39","modified_gmt":"2012-05-13T23:26:39","slug":"sufre-mi-perro-ansiedad-por-separacion","status":"publish","type":"post","link":"https:\/\/blogs.diariovasco.com\/mascotas\/2012\/05\/14\/sufre-mi-perro-ansiedad-por-separacion\/","title":{"rendered":"\u00bfSufre mi perro ansiedad por separaci\u00f3n?"},"content":{"rendered":"<p style=\"text-align: justify;\">La consulta de hoy para Mart\u00edn R. Ojeda (*) nos la env\u00eda Mer\u00e7\u00e8. Nos cuenta, entre otras cosas, que su perro defeca y micciona en casa a menudo cuando ella se va o cuando, simplemente, no tiene acceso a donde est\u00e1 ella y le pregunta a Mart\u00edn si podr\u00eda ser ansiedad por separaci\u00f3n. Ah\u00ed va la respuesta de Mart\u00edn:<\/p>\n<p style=\"text-align: justify;\"><a href=\"\/mascotas\/wp-content\/uploads\/sites\/15\/2012\/05\/ansiedad_separacion2.jpg\"><img loading=\"lazy\" class=\"alignleft size-full wp-image-738\" title=\"ansiedad_separacion2\" src=\"\/mascotas\/wp-content\/uploads\/sites\/15\/2012\/05\/ansiedad_separacion2.jpg\" alt=\"\" width=\"275\" height=\"183\" \/><\/a>&#8220;Ya se ha dicho en m\u00e1s de una ocasi\u00f3n que el perro es un animal gregario y social; condiciones que hacen que lo natural para ellos sea la vida en grupo y por tanto sea all\u00ed donde se sienten c\u00f3modos. En tanto nosotros formamos parte de ese grupo \u2013ya hablaremos otro d\u00eda en calidad de qu\u00e9- , es l\u00f3gico y normal que a nuestro perro no le cause ninguna gracia que le dejemos s\u00f3lo. Ser\u00e1 pues nuestro trabajo no fomentar un hiperapego de su parte hacia nosotros, y ense\u00f1arle que es una situaci\u00f3n que se repetir\u00e1 con cierta frecuencia y que debe tomar con \u201cnormalidad\u201d.<\/p>\n<p style=\"text-align: justify;\">La denominada \u201cansiedad por separaci\u00f3n\u201d forma parte de un grupo de alteraciones conductuales que se denominan <em>Trastornos relacionados con la separaci\u00f3n del due\u00f1o,<\/em> que representan actualmente entre el 20 y el 40 por ciento aproximadamente de las consultas de etolog\u00eda cl\u00ednica. Y es en el propio nombre donde radica el primer dato importante a tener en cuenta: dice <strong>separaci\u00f3n<\/strong> del due\u00f1o y no <strong>ausencia, <\/strong>porque este tipo de problemas no se da solamente cuando el due\u00f1o no est\u00e1 en casa, sino en toda situaci\u00f3n en la que el perro no tiene acceso a \u00e9l, por ejemplo, por estar encerrado en la habitaci\u00f3n contigua.<\/p>\n<p style=\"text-align: justify;\">La manifestaci\u00f3n de este trastorno se da a trav\u00e9s de conductas determinadas, tales como: conducta destructiva, eliminaci\u00f3n inadecuada, paseos interminables de un lado a otro, ladridos y lloros, y que en casos graves pueden llegar incluso a automutilaciones, dermatitis por lamido, etc.<\/p>\n<p style=\"text-align: justify;\">Existen diversos factores que predisponen a un animal a padecer trastornos relacionados con la separaci\u00f3n, entre los cuales se pueden citar:<\/p>\n<p style=\"text-align: justify;\">&#8211;\u00a0\u00a0\u00a0\u00a0\u00a0\u00a0\u00a0\u00a0\u00a0 Socializaci\u00f3n incompleta: el per\u00edodo de socializaci\u00f3n de un cachorro termina a los tres meses de vida. En ese lapso la madre ense\u00f1a al cachorro muchas pautas de vida, entre las cuales est\u00e1 el tener un cierto grado de independencia;<\/p>\n<p style=\"text-align: justify;\">&#8211;\u00a0\u00a0\u00a0\u00a0\u00a0\u00a0\u00a0\u00a0\u00a0 Perros demasiado dependientes del due\u00f1o: es una situaci\u00f3n com\u00fan a la que nosotros contribuimos en gran medida, y que puede verse potenciada si la socializaci\u00f3n se ha visto prematuramente interrumpida;<\/p>\n<p style=\"text-align: justify;\">&#8211;\u00a0\u00a0\u00a0\u00a0\u00a0\u00a0\u00a0\u00a0\u00a0 Largos per\u00edodos que pasamos con el perro (ej. vacaciones), que llegan a su fin: el animal se ha acostumbrado a estar constantemente a nuestro lado y, de repente, no tiene acceso a nosotros.<\/p>\n<p style=\"text-align: justify;\"><a href=\"\/mascotas\/wp-content\/uploads\/sites\/15\/2012\/05\/ansiedad_separacion.jpg\"><img loading=\"lazy\" class=\"alignright size-full wp-image-739\" title=\"ansiedad_separacion\" src=\"\/mascotas\/wp-content\/uploads\/sites\/15\/2012\/05\/ansiedad_separacion.jpg\" alt=\"\" width=\"227\" height=\"223\" \/><\/a>Analicemos ahora la consulta en particular. Tenemos un cachorro que fue separado de su madre como tarde cuando ten\u00eda 9 semanas, con un \u00fanico miembro humano en su grupo de quien pasa gran parte del d\u00eda separado y hacia quien siente un enorme apego (la \u201chisteria\u201d que refieres al saludar es significativa), y que ha pasado a hacer sus necesidades en m\u00e1s sitios dentro de la casa despu\u00e9s de un per\u00edodo vacacional. Si miras el p\u00e1rrafo anterior\u2026llevamos tres de tres.<\/p>\n<p style=\"text-align: justify;\">Pero avancemos un poco m\u00e1s. Al principio le dejabas en la terraza cuando sal\u00edas, y all\u00ed hac\u00eda sus cosas. Luego pasaste a dejarle en el garaje, y la situaci\u00f3n se mantiene. Incluso se hizo en la terraza una vez que estabas en casa, aunque \u00e9l estaba encerrado. Est\u00e1 claro que no es un problema de aguante sino que el denominador com\u00fan est\u00e1, como dec\u00edamos al principio, en la falta de acceso a ti ya sea porque no est\u00e1s o porque no puede llegar por estar del otro lado de la puerta.<\/p>\n<p style=\"text-align: justify;\">Tu pregunta es si estamos ante un caso de ansiedad por separaci\u00f3n o si hace falta un proceso de reeducaci\u00f3n. Mi respuesta, siempre bas\u00e1ndome en lo que dices en el cuestionario y dejando en claro que nada puede sustituir a la observaci\u00f3n in situ, es: ambas.<\/p>\n<p style=\"text-align: justify;\">En primer lugar, en lo que motiva a la consulta en s\u00ed, podr\u00eda tratarse perfectamente de un caso de trastorno relacionado con la separaci\u00f3n del due\u00f1o. Esto aunque no lo parezca es una buena noticia, porque son casos de buen pron\u00f3stico, aunque requieren mucho trabajo por parte del due\u00f1o en cuanto a ejercicio, cambios de rutina, desaf\u00edos de tipo mental al perro, etc. Pero evidentemente el bienestar de nuestro peludo lo merece.<\/p>\n<p style=\"text-align: justify;\">En segundo lugar, en lo relativo a la desobediencia a las \u00f3rdenes que refieres, creo que est\u00e1 claro que el proceso de ense\u00f1anza est\u00e1 sin terminar. Que el perro obedezca la orden de llamada cuando le apetece no es ni m\u00e1s ni menos que la situaci\u00f3n normal de cualquier animal, \u00bfverdad?<\/p>\n<p style=\"text-align: justify;\">Mi consejo como especialista es que te pongas en manos de un profesional para que te oriente y ayude en la forma correcta de tratar el problema y as\u00ed mejorar tu calidad de vida y la de tu perrete.&#8221;<\/p>\n<p style=\"text-align: justify;\">(*) Mart\u00edn R. Ojeda es\u00a0et\u00f3logo de\u00a0<a href=\"http:\/\/www.servicanint.com\/\" rel=\"external nofollow\" target=\"_blank\">Servicios Caninos Integrales<\/a><\/p>\n<p style=\"text-align: justify;\">(**) Si quieres que Mart\u00edn te ayude con tu perro, recuerda rellenar\u00a0<a href=\"http:\/\/canales.diariovasco.com\/documentos\/mascotas\/consultorio.doc\" target=\"_blank\" rel=\"external nofollow\">este cuestionario<\/a>\u00a0y enviarlo a unomasenlafamiliablog@gmail.com.<\/p>\n<p style=\"text-align: justify;\">(***) Tened en cuenta que los consejos se dan habiendo le\u00eddo el cuestionario rellenado por la persona que hace la consulta, por lo que el et\u00f3logo cuenta con muchos m\u00e1s datos de los que aqu\u00ed se comentan.<\/p>\n<!-- AddThis Advanced Settings generic via filter on the_content --><!-- AddThis Share Buttons generic via filter on the_content -->","protected":false},"excerpt":{"rendered":"<p>La consulta de hoy para Mart\u00edn R. Ojeda (*) nos la env\u00eda Mer\u00e7\u00e8. Nos cuenta, entre otras cosas, que su perro defeca y micciona en casa a menudo cuando ella se va o cuando, simplemente, no tiene acceso a donde est\u00e1 ella y le pregunta a Mart\u00edn si podr\u00eda ser ansiedad por separaci\u00f3n. Ah\u00ed va [&hellip;]<!-- AddThis Advanced Settings generic via filter on get_the_excerpt --><!-- AddThis Share Buttons generic via filter on get_the_excerpt --><\/p>\n","protected":false},"author":28,"featured_media":0,"comment_status":"open","ping_status":"closed","sticky":false,"template":"","format":"standard","meta":[],"categories":[5,7],"tags":[],"_links":{"self":[{"href":"https:\/\/blogs.diariovasco.com\/mascotas\/wp-json\/wp\/v2\/posts\/737"}],"collection":[{"href":"https:\/\/blogs.diariovasco.com\/mascotas\/wp-json\/wp\/v2\/posts"}],"about":[{"href":"https:\/\/blogs.diariovasco.com\/mascotas\/wp-json\/wp\/v2\/types\/post"}],"author":[{"embeddable":true,"href":"https:\/\/blogs.diariovasco.com\/mascotas\/wp-json\/wp\/v2\/users\/28"}],"replies":[{"embeddable":true,"href":"https:\/\/blogs.diariovasco.com\/mascotas\/wp-json\/wp\/v2\/comments?post=737"}],"version-history":[{"count":0,"href":"https:\/\/blogs.diariovasco.com\/mascotas\/wp-json\/wp\/v2\/posts\/737\/revisions"}],"wp:attachment":[{"href":"https:\/\/blogs.diariovasco.com\/mascotas\/wp-json\/wp\/v2\/media?parent=737"}],"wp:term":[{"taxonomy":"category","embeddable":true,"href":"https:\/\/blogs.diariovasco.com\/mascotas\/wp-json\/wp\/v2\/categories?post=737"},{"taxonomy":"post_tag","embeddable":true,"href":"https:\/\/blogs.diariovasco.com\/mascotas\/wp-json\/wp\/v2\/tags?post=737"}],"curies":[{"name":"wp","href":"https:\/\/api.w.org\/{rel}","templated":true}]}}