{"id":750,"date":"2012-05-18T04:54:42","date_gmt":"2012-05-18T03:54:42","guid":{"rendered":"http:\/\/blogs.diariovasco.com\/mascotas\/?p=750"},"modified":"2012-05-18T04:54:42","modified_gmt":"2012-05-18T03:54:42","slug":"suka-necesita-tu-ayuda-para-volver-a-andar","status":"publish","type":"post","link":"https:\/\/blogs.diariovasco.com\/mascotas\/2012\/05\/18\/suka-necesita-tu-ayuda-para-volver-a-andar\/","title":{"rendered":"Suka necesita tu ayuda para volver a andar"},"content":{"rendered":"<p style=\"text-align: justify;\"><a href=\"\/mascotas\/wp-content\/uploads\/sites\/15\/2012\/05\/suka.jpg\"><img loading=\"lazy\" class=\"alignleft size-full wp-image-751\" title=\"suka\" src=\"\/mascotas\/wp-content\/uploads\/sites\/15\/2012\/05\/suka.jpg\" alt=\"\" width=\"414\" height=\"310\" srcset=\"https:\/\/static-blogs.diariovasco.com\/wp-content\/uploads\/sites\/15\/2012\/05\/suka.jpg 640w, https:\/\/static-blogs.diariovasco.com\/wp-content\/uploads\/sites\/15\/2012\/05\/suka-300x225.jpg 300w\" sizes=\"(max-width: 414px) 100vw, 414px\" \/><\/a>Esta es Suka, una gatita que con tan s\u00f3lo dos meses ya ha sufrido lo indecible.\u00a0 Hace unos quince d\u00edas,\u00a0 un miembro de la familia con la que viv\u00eda Suka la aplast\u00f3 con la puerta y nadie se molest\u00f3 en llevarla siquiera al veterinario por lo que, desde entonces, la gatita arrastra sus dos patitas traseras. Pero os cuento esta historia desde el principio&#8230;<\/p>\n<p style=\"text-align: justify;\">Una mujer animalista de M\u00e1laga fue a una casa a recoger unos cachorros (esa familia tiene perro y perra y no consiguen convencerles de que los esterilicen as\u00ed que, cada vez que tienen camada, esta chica recoge a los perritos y les busca familia). Total, que la mujer llega a la casa a coger a los perritos y se encuentra a la peque\u00f1a Suka arrastr\u00e1ndose. Pregunta por ella a una mujer de la familia y le suelta que su marido cerr\u00f3 la puerta y pill\u00f3 sin querer a la gata en medio. De eso hac\u00eda entonces ya unos cinco d\u00edas y nadie se hab\u00eda molestado en llevar a Suka al veterinario (ni para preguntar si hab\u00eda soluci\u00f3n para lo de sus patitas, ni para darle calmantes, ni para nada). Para colmo, la mujer de la familia dijo que era una pena lo que hab\u00eda pasado porque que esta gatita era la m\u00e1s bonita de toda la camada y hab\u00edan pensado en qued\u00e1rsela&#8230; sin comentarios, menos mal que era la favorita&#8230; Os pod\u00e9is imaginar c\u00f3mo estaba Suka, arrastr\u00e1ndose por el suelo con sus patitas delanteras y con varios cachorros de perro ech\u00e1ndosele encima&#8230; Viendo el peligro que corr\u00eda la gata y que en dicha casa no iban a hacer nada por ella, la mujer pregunt\u00f3 si pod\u00eda llev\u00e1rsela y, como era de esperar, no le pusieron ninguna pega.<\/p>\n<p style=\"text-align: justify;\"><a href=\"\/mascotas\/wp-content\/uploads\/sites\/15\/2012\/05\/suka2.jpg\"><img loading=\"lazy\" class=\"alignright size-full wp-image-752\" title=\"suka2\" src=\"\/mascotas\/wp-content\/uploads\/sites\/15\/2012\/05\/suka2.jpg\" alt=\"\" width=\"383\" height=\"288\" srcset=\"https:\/\/static-blogs.diariovasco.com\/wp-content\/uploads\/sites\/15\/2012\/05\/suka2.jpg 640w, https:\/\/static-blogs.diariovasco.com\/wp-content\/uploads\/sites\/15\/2012\/05\/suka2-300x225.jpg 300w\" sizes=\"(max-width: 383px) 100vw, 383px\" \/><\/a>La mujer que recogi\u00f3 a Suka tiene ya en su casa tres gatos con leucemia, pero no pod\u00eda dejar a nuestra protagonista en aqu\u00e9l lugar&#8230; La llev\u00f3 a su casa, la tuvo que encerrar en un ba\u00f1o (como sab\u00e9is, los gatos con leucemia no se pueden juntar a gatos sanos) y al d\u00eda siguiente la llev\u00f3 a una cl\u00ednica veterinaria. All\u00ed hicieron pruebas a Suka y le dijeron que, por suerte, la gatita tiene sensibilidad en las patitas. Le recetaron vitamina B2 inyectable y cortaxona (antiinflamatorio inyectable) y le dijeron que ten\u00eda que hacer ejercicios de rehabilitaci\u00f3n con Suka: cogerla de la tripita y estirarle y encogerle las piernas y, despu\u00e9s, ponerla sobre sus cuatro patas para que recuerde que tiene dos patas traseras y aprenda de nuevo a andar. La buena noticia es que le dijo que cre\u00eda que Suka volver\u00eda a andar (tambi\u00e9n coment\u00f3 que se recuperar\u00eda antes si la hubiesen tratado desde el primer momento).<\/p>\n<p style=\"text-align: justify;\">Desde ese d\u00eda, esta mujer est\u00e1 buscando un hogar mejor para Suka. En su casa vive encerrada en un cuarto de ba\u00f1o por el problema de no poderla juntar a los tres gatos con leucemia y no es vida para la pobre gatita (aunque, todo hay que decirlo, con todo lo que tiene, esta gata es s\u00faper feliz y juguetona.<\/p>\n<p style=\"text-align: justify;\">Hace un par de d\u00edas, el pasado mi\u00e9rcoles, Suka volvi\u00f3 a revisi\u00f3n al veterinario y, adem\u00e1s de que estaba mejor (ya llevaba las patitas traseras dobladas en lugar de r\u00edgidas), esta vez le aseguraron que Suka terminar\u00e1 caminando como cualquier otro gatito, una gran noticia. Le dijeron que s\u00f3lo necesita tiempo, su medicaci\u00f3n y la rehabilitaci\u00f3n.<\/p>\n<p style=\"text-align: justify;\"><a href=\"\/mascotas\/wp-content\/uploads\/sites\/15\/2012\/05\/suka8.jpg\"><img loading=\"lazy\" class=\"alignleft size-full wp-image-753\" title=\"suka8\" src=\"\/mascotas\/wp-content\/uploads\/sites\/15\/2012\/05\/suka8.jpg\" alt=\"\" width=\"410\" height=\"308\" srcset=\"https:\/\/static-blogs.diariovasco.com\/wp-content\/uploads\/sites\/15\/2012\/05\/suka8.jpg 800w, https:\/\/static-blogs.diariovasco.com\/wp-content\/uploads\/sites\/15\/2012\/05\/suka8-300x225.jpg 300w, https:\/\/static-blogs.diariovasco.com\/wp-content\/uploads\/sites\/15\/2012\/05\/suka8-768x576.jpg 768w\" sizes=\"(max-width: 410px) 100vw, 410px\" \/><\/a>En M\u00e1laga no sale nadie que quiera a esta gatita y como la mujer que la acogi\u00f3 tiene una hermana en el Pa\u00eds Vasco, pensaron que quiz\u00e1 por aqu\u00ed haya alguien que se enamor\u00e9 de ella, de lo que a mucha gente sin sensibilidad le parece &#8220;una gata defectuosa&#8221;.\u00a0 Suka es una gatita preciosa que, encima como he comentado arriba, es s\u00faper feliz y juguetona pese a todo lo que ha vivido. Adem\u00e1s, la veterinaria asegur\u00f3 que volver\u00e1 a caminar normal.<\/p>\n<p style=\"text-align: justify;\">\u00bfQuieres ser t\u00fa a quien Suka contagie con su alegr\u00eda? Tengo que aclarar que esta gatita, pese a su situaci\u00f3n, se arregla perfectamente sola para todo: comer, jugar e incluso hacer sus necesidades (a\u00fan no puede acceder a la caja con piedras, pero es muy muy limpia y si se le ponen unos peri\u00f3dicos, siempre va a ellos y se apa\u00f1a para no mancharse ni ella). Lo \u00fanico que necesita es su medicaci\u00f3n, su rehabilitaci\u00f3n (que, como contaba m\u00e1s arriba, es muy sencilla), cari\u00f1o y tiempo y volver\u00e1 a ser &#8220;normal&#8221;.<\/p>\n<p style=\"text-align: justify;\">Buscamos para Suka alguien tan especial como lo es ella, si a ella no le importa su problema, \u00bfla vas a discriminar t\u00fa por ello? Dale la oportunidad que merece, dale un hogar y ay\u00fadale a caminar. Est\u00e1 en M\u00e1laga, pero eso no es ning\u00fan problema, la mujer que la tiene en acogida ya ha conseguido transporte para animales hacia el Pa\u00eds Vasco en otras ocasiones.<\/p>\n<p style=\"text-align: justify;\">Si quieres adoptar a Suka, escribe a <a href=\"mailto:elur2007@hotmail.com\" target=\"_blank\">elur2007@hotmail.com<\/a> o llama al 635704200. Adem\u00e1s, esta ma\u00f1ana entre las 11 y las 13 puedes escuchar la historia de esta gran super viviente en Punto Radio Gipuzkoa (106.2 fm o\u00a0<a href=\"http:\/\/proyectos.diariovasco.com\/puntoradio\/gipuzkoa.html\" target=\"_blank\" rel=\"external nofollow\">a trav\u00e9s de la web de diariovasco.com<\/a>\u00a0para las personas de fuera de Gipuzkoa).<\/p>\n<p style=\"text-align: justify;\">Ah\u00ed van m\u00e1s fotitos de Suka y un v\u00eddeo para que ve\u00e1is lo bien que se apa\u00f1a ella solita:<br \/>\n<iframe loading=\"lazy\" src=\"\/\/www.youtube.com\/embed\/Bd8Af1MHTNM\" frameborder=\"0\" width=\"640\" height=\"480\"><\/iframe><\/p>\n\n<p>&nbsp;<\/p>\n<p>&nbsp;<\/p>\n<!-- AddThis Advanced Settings generic via filter on the_content --><!-- AddThis Share Buttons generic via filter on the_content -->","protected":false},"excerpt":{"rendered":"<p>Esta es Suka, una gatita que con tan s\u00f3lo dos meses ya ha sufrido lo indecible.\u00a0 Hace unos quince d\u00edas,\u00a0 un miembro de la familia con la que viv\u00eda Suka la aplast\u00f3 con la puerta y nadie se molest\u00f3 en llevarla siquiera al veterinario por lo que, desde entonces, la gatita arrastra sus dos patitas [&hellip;]<!-- AddThis Advanced Settings generic via filter on get_the_excerpt --><!-- AddThis Share Buttons generic via filter on get_the_excerpt --><\/p>\n","protected":false},"author":28,"featured_media":0,"comment_status":"open","ping_status":"closed","sticky":false,"template":"","format":"standard","meta":[],"categories":[8],"tags":[],"_links":{"self":[{"href":"https:\/\/blogs.diariovasco.com\/mascotas\/wp-json\/wp\/v2\/posts\/750"}],"collection":[{"href":"https:\/\/blogs.diariovasco.com\/mascotas\/wp-json\/wp\/v2\/posts"}],"about":[{"href":"https:\/\/blogs.diariovasco.com\/mascotas\/wp-json\/wp\/v2\/types\/post"}],"author":[{"embeddable":true,"href":"https:\/\/blogs.diariovasco.com\/mascotas\/wp-json\/wp\/v2\/users\/28"}],"replies":[{"embeddable":true,"href":"https:\/\/blogs.diariovasco.com\/mascotas\/wp-json\/wp\/v2\/comments?post=750"}],"version-history":[{"count":0,"href":"https:\/\/blogs.diariovasco.com\/mascotas\/wp-json\/wp\/v2\/posts\/750\/revisions"}],"wp:attachment":[{"href":"https:\/\/blogs.diariovasco.com\/mascotas\/wp-json\/wp\/v2\/media?parent=750"}],"wp:term":[{"taxonomy":"category","embeddable":true,"href":"https:\/\/blogs.diariovasco.com\/mascotas\/wp-json\/wp\/v2\/categories?post=750"},{"taxonomy":"post_tag","embeddable":true,"href":"https:\/\/blogs.diariovasco.com\/mascotas\/wp-json\/wp\/v2\/tags?post=750"}],"curies":[{"name":"wp","href":"https:\/\/api.w.org\/{rel}","templated":true}]}}