{"id":762,"date":"2012-05-21T04:00:40","date_gmt":"2012-05-21T03:00:40","guid":{"rendered":"http:\/\/blogs.diariovasco.com\/mascotas\/?p=762"},"modified":"2012-05-21T04:00:40","modified_gmt":"2012-05-21T03:00:40","slug":"usted-no-es-el-macho-alfa-de-su-manada-hogarena","status":"publish","type":"post","link":"https:\/\/blogs.diariovasco.com\/mascotas\/2012\/05\/21\/usted-no-es-el-macho-alfa-de-su-manada-hogarena\/","title":{"rendered":"Usted no es el macho alfa de su manada hogare\u00f1a"},"content":{"rendered":"<p style=\"text-align: justify;\">Hoy Mart\u00edn R. Ojeda (*) nos habla, a petici\u00f3n de una de nuestras lectoras, del macho alfa. \u00a0Es un tema sobre el que se habla mucho pero, a menudo, de forma equivocada por eso he pedido a Mart\u00edn que nos lo explique.<\/p>\n<p style=\"text-align: justify;\">&#8220;Hoy voy a comenzar con una revelaci\u00f3n que probablemente le sorprender\u00e1: usted NO es el macho alfa de su manada hogare\u00f1a. Y le agrego una peque\u00f1a reflexi\u00f3n: menos mal, porque si fuera as\u00ed usted tendr\u00eda cuatro patas, pelo cubriendo todo el cuerpo y no entender\u00eda lo que est\u00e1 leyendo en este momento.<\/p>\n<p style=\"text-align: justify;\">Pero antes de sumergirnos en nuestro papel en la relaci\u00f3n con los c\u00e1nidos, que seguramente dar\u00e1 para m\u00e1s de una intervenci\u00f3n, creo que es mejor aclarar qu\u00e9 es esto del macho alfa de lo que tanto se escucha hablar, y no siempre con propiedad.<\/p>\n<p style=\"text-align: justify;\"><a href=\"\/mascotas\/wp-content\/uploads\/sites\/15\/2012\/05\/lobos.jpg\"><img loading=\"lazy\" class=\"alignleft size-full wp-image-763\" title=\"lobos\" src=\"\/mascotas\/wp-content\/uploads\/sites\/15\/2012\/05\/lobos.jpg\" alt=\"\" width=\"259\" height=\"194\" \/><\/a>Existen diversas teor\u00edas avaladas por autores de mayor o menor prestigio acerca del origen del perro, desde la que lo fijan en una especie particular: el lobo (<em>canis lupus<\/em>), el coyote (<em>canis latrans<\/em>) o el chacal dorado (<em>canis aureus<\/em>); hasta las que infieren una ascendencia diversa seg\u00fan la raza canina de la que se trate (ej. el pastor alem\u00e1n descender\u00eda del lobo mientras que el collie lo har\u00eda del chacal dorado). Actualmente, sin embargo, la mayor parte de los autores coincide en la descendencia del lobo, con quien el perro tiene un 99,8% de coincidencia en su secuencia de ADN mitocondrial.<\/p>\n<p style=\"text-align: justify;\">Pero, \u00bfser\u00eda entonces posible estudiar el comportamiento de los perros y en consecuencia sus des\u00f3rdenes, mediante la observaci\u00f3n del comportamiento normal de los lobos? Pues s\u00ed y no. La enorme identidad que existe entre ambas especies permite analizar esos comportamientos en tanto tomemos como base al lobo en libertad, sin injerencias humanas, ya que la forma de comportarse en cautiverio es diferente. Y por otro lado, no puede olvidarse que, a pesar de ese enorme parecido, son efectivamente especies distintas a las que separan m\u00e1s de 16000 a\u00f1os de domesticaci\u00f3n y de falta de selecci\u00f3n natural.<\/p>\n<p style=\"text-align: justify;\">Sabemos, eso s\u00ed, que los perros forman manadas al igual que los lobos, quienes se aglutinan en grupos estables y duraderos con una determinada jerarqu\u00eda, y que va encabezada por un macho que normalmente es el que m\u00e1s batallas con \u00e9xito ha librado. El segundo puesto en el rango lo ocupa\u00a0<em>la hembra del \u201cjefe\u201d<\/em>, a la cual s\u00f3lo \u00e9ste puede montar, y luego viene el conjunto de los dem\u00e1s machos y hembras subordinados que, eventualmente, acceder\u00e1n al primer puesto mediante pelea o muerte del Dominante.<\/p>\n<p style=\"text-align: justify;\"><a href=\"\/mascotas\/wp-content\/uploads\/sites\/15\/2012\/05\/manada.jpg\"><img loading=\"lazy\" class=\"alignright size-full wp-image-764\" title=\"manada\" src=\"\/mascotas\/wp-content\/uploads\/sites\/15\/2012\/05\/manada.jpg\" alt=\"\" width=\"259\" height=\"194\" \/><\/a>El Dominante no solamente tiene acceso privativo a esa hembra (recordemos que de acuerdo a los principios de la selecci\u00f3n natural el haber llegado a esa condici\u00f3n de \u201cpareja jefe\u201d implica ser mejores que los otros y por tantos m\u00e1s aptos para perpetuar las buenas caracter\u00edsticas de la especie), sino que tambi\u00e9n es el primero que accede a los recursos y el que fija las estrategias de la manada.<\/p>\n<p style=\"text-align: justify;\">En esta relaci\u00f3n de dominancia jer\u00e1rquica, denominamos Alfa al que est\u00e1 en el rango superior, y Beta al subordinado. El Alfa llega a su condici\u00f3n a trav\u00e9s de la prevalencia frente a sus competidores y una vez alcanzado su estatus, normalmente no necesita ejercer violencia sobre los otros que siempre se mostrar\u00e1n sumisos (exceptuando los \u201cdesaf\u00edos de los pretendientes al trono\u201d), a diferencia de la relaci\u00f3n entre los subordinados cuya puja por el ascenso en el escalaf\u00f3n est\u00e1 siempre presente.<\/p>\n<p style=\"text-align: justify;\">Una cuesti\u00f3n curiosa surge cuando el tema de la dominancia se traslada al mundo de nuestros perros, y marca aqu\u00e9lla diferencia entre especies que se\u00f1alaba m\u00e1s arriba: la dominancia entre perros no es absoluta. Me explico: dados tres perros A, B y C, que A sea dominante con B y que a su vez B sea dominante con C, no implica en absoluto que necesariamente A sea dominante con C. As\u00ed pues, la dominancia en los perros se mide de acuerdo a la relaci\u00f3n que hay entre un individuo y otro.-&#8220;<\/p>\n<p style=\"text-align: justify;\">(*) Mart\u00edn R. Ojeda es\u00a0et\u00f3logo y adiestrador de\u00a0<a href=\"http:\/\/www.servicanint.com\/\" rel=\"external nofollow\" target=\"_blank\">Servicios Caninos Integrales<\/a><\/p>\n<p style=\"text-align: justify;\">(**) Si quieres que Mart\u00edn te ayude con tu perro, recuerda rellenar\u00a0<a href=\"http:\/\/canales.diariovasco.com\/documentos\/mascotas\/consultorio.doc\" target=\"_blank\" rel=\"external nofollow\">este cuestionario<\/a>\u00a0y enviarlo a unomasenlafamiliablog@gmail.com.<\/p>\n<p>&nbsp;<\/p>\n<!-- AddThis Advanced Settings generic via filter on the_content --><!-- AddThis Share Buttons generic via filter on the_content -->","protected":false},"excerpt":{"rendered":"<p>Hoy Mart\u00edn R. Ojeda (*) nos habla, a petici\u00f3n de una de nuestras lectoras, del macho alfa. \u00a0Es un tema sobre el que se habla mucho pero, a menudo, de forma equivocada por eso he pedido a Mart\u00edn que nos lo explique. &#8220;Hoy voy a comenzar con una revelaci\u00f3n que probablemente le sorprender\u00e1: usted NO [&hellip;]<!-- AddThis Advanced Settings generic via filter on get_the_excerpt --><!-- AddThis Share Buttons generic via filter on get_the_excerpt --><\/p>\n","protected":false},"author":28,"featured_media":0,"comment_status":"open","ping_status":"closed","sticky":false,"template":"","format":"standard","meta":[],"categories":[5,7],"tags":[],"_links":{"self":[{"href":"https:\/\/blogs.diariovasco.com\/mascotas\/wp-json\/wp\/v2\/posts\/762"}],"collection":[{"href":"https:\/\/blogs.diariovasco.com\/mascotas\/wp-json\/wp\/v2\/posts"}],"about":[{"href":"https:\/\/blogs.diariovasco.com\/mascotas\/wp-json\/wp\/v2\/types\/post"}],"author":[{"embeddable":true,"href":"https:\/\/blogs.diariovasco.com\/mascotas\/wp-json\/wp\/v2\/users\/28"}],"replies":[{"embeddable":true,"href":"https:\/\/blogs.diariovasco.com\/mascotas\/wp-json\/wp\/v2\/comments?post=762"}],"version-history":[{"count":0,"href":"https:\/\/blogs.diariovasco.com\/mascotas\/wp-json\/wp\/v2\/posts\/762\/revisions"}],"wp:attachment":[{"href":"https:\/\/blogs.diariovasco.com\/mascotas\/wp-json\/wp\/v2\/media?parent=762"}],"wp:term":[{"taxonomy":"category","embeddable":true,"href":"https:\/\/blogs.diariovasco.com\/mascotas\/wp-json\/wp\/v2\/categories?post=762"},{"taxonomy":"post_tag","embeddable":true,"href":"https:\/\/blogs.diariovasco.com\/mascotas\/wp-json\/wp\/v2\/tags?post=762"}],"curies":[{"name":"wp","href":"https:\/\/api.w.org\/{rel}","templated":true}]}}