{"id":904,"date":"2012-06-25T13:57:09","date_gmt":"2012-06-25T12:57:09","guid":{"rendered":"http:\/\/blogs.diariovasco.com\/mascotas\/?p=904"},"modified":"2012-06-25T13:57:09","modified_gmt":"2012-06-25T12:57:09","slug":"nuestra-perra-sufre-de-ansiedad-por-separacion-y-no-sabemos-que-hacer","status":"publish","type":"post","link":"https:\/\/blogs.diariovasco.com\/mascotas\/2012\/06\/25\/nuestra-perra-sufre-de-ansiedad-por-separacion-y-no-sabemos-que-hacer\/","title":{"rendered":"&#8220;Nuestra perra sufre de ansiedad por separaci\u00f3n y no sabemos qu\u00e9 hacer&#8221;"},"content":{"rendered":"<p style=\"text-align: justify;\">Nos escribe una pareja de Girona que tiene diferentes problemas con su perrita para pedir ayuda de Mart\u00edn (*). Creen que la perra sufre ansiedad por separaci\u00f3n y por motivos laborales de ambos pasa 36 horas seguidas sola cada semana y no saben c\u00f3mo solucionarlo. Adem\u00e1s, la perra come compulsivamente y tiene miedo a cierto &#8220;modelo&#8221; de personas. Ah\u00ed va la respuesta de Mart\u00edn:<\/p>\n<p style=\"text-align: justify;\">&#8220;Hace unas semanas tratamos en una consulta el tema de los trastornos relacionados con la separaci\u00f3n del due\u00f1o, en especial la llamada <a href=\"https:\/\/blogs.diariovasco.com\/mascotas\/2012\/05\/14\/%C2%BFsufre-mi-perro-ansiedad-por-separacion\/\" target=\"_blank\">ansiedad por separaci\u00f3n<\/a>. All\u00ed esbozamos los motivos y situaciones en que suele presentarse dicho cuadro, a los que me remito en este momento para no ser repetitivos.<\/p>\n<p style=\"text-align: justify;\">Como ya es costumbre, vamos a analizar separadamente las cuestiones que surgen de tu consulta.<\/p>\n<p style=\"text-align: justify;\"><strong>1- Comer compulsivamente.<\/strong><\/p>\n<p style=\"text-align: justify;\"><a href=\"\/mascotas\/wp-content\/uploads\/sites\/15\/2012\/06\/perro_comer_compulsivamente.jpg\"><img loading=\"lazy\" class=\"alignleft size-full wp-image-906\" title=\"perro_comer_compulsivamente\" src=\"\/mascotas\/wp-content\/uploads\/sites\/15\/2012\/06\/perro_comer_compulsivamente.jpg\" alt=\"\" width=\"275\" height=\"183\" \/><\/a>Hemos mencionado tambi\u00e9n con anterioridad que es habitual en los perros que vienen de refugios o perreras la existencia de una \u201cdesesperaci\u00f3n\u201d a la hora de comer, como si pensaran que es la \u00faltima comida que van a tener. Ello obedece a que muchas veces, independientemente de la buena voluntad que pueda tener la gente que los atiende, se produce una fuerte competencia por los recursos entre los perros que conviven y como ya sabemos, el m\u00e1s apto \u2013que muchas veces es el m\u00e1s fuerte- es el que se lleva lo mejor o la mayor cantidad.<\/p>\n<p style=\"text-align: justify;\">Indicas que hace dos meses que la hab\u00e9is adoptado, de modo que a pesar de que actualmente no tenga que competir con nadie, es normal que presente a\u00fan ese tipo de conductas; sobre todo si estuvo mucho tiempo en la perrera previo a la adopci\u00f3n.<\/p>\n<p style=\"text-align: justify;\">Siempre suponiendo que est\u00e9is d\u00e1ndole la cantidad diaria que le corresponde por su edad, tama\u00f1o y complexi\u00f3n, te aconsejo que la dividas en m\u00e1s tomas de las que hace actualmente, ya que ahora lo importante no es que perciba \u201ccantidad\u201d, sino \u201cfrecuencia\u201d en la alimentaci\u00f3n.<\/p>\n<p style=\"text-align: justify;\"><strong>2- El miedo a los hombres altos y gruesos.<\/strong><\/p>\n<p style=\"text-align: justify;\">Nuestros amigos los perros son generalmente curiosos y de naturaleza exploradora y tienen una enorme ventaja respecto a nosotros: como hasta donde sabemos no tienen pensamiento abstracto al estilo humano, no son capaces de tener miedo a \u201clo desconocido\u201d.<\/p>\n<p style=\"text-align: justify;\">Este dato que parece una obviedad, nos conduce a una conclusi\u00f3n l\u00f3gica: si el perro tiene miedo a algo implica que lo conoce o, hablando en plata, si le ha tomado temor es porque ha tenido una experiencia desagradable con eso (o bien porque nosotros se lo hemos inducido, pero \u00e9sa es otra cuesti\u00f3n).<\/p>\n<p style=\"text-align: justify;\">No me surgen de la consulta datos relativos a situaciones que haya podido vivir la perrita en ese sentido, por lo que no puedo expedirme concretamente. Pero teniendo en cuenta que en vuestras ausencias es una persona de las caracter\u00edsticas \u201csensibles\u201d quien le lleva el alimento y ella, m\u00e1s all\u00e1 de mantener la distancia no tiene otras reacciones de temor, parece una cuesti\u00f3n que puede ser resuelta por un profesional a trav\u00e9s de las t\u00e9cnicas usuales de modificaci\u00f3n de conductas.<\/p>\n<p style=\"text-align: justify;\">Por supuesto, como siempre, es fundamental la observaci\u00f3n del animal para determinar la naturaleza del caso ante el cual nos hayamos.<\/p>\n<p style=\"text-align: justify;\"><strong>3- La ansiedad.<\/strong><\/p>\n<p style=\"text-align: justify;\"><a href=\"\/mascotas\/wp-content\/uploads\/sites\/15\/2012\/06\/ansiedad_separacion3.jpg\"><img loading=\"lazy\" class=\"alignright size-full wp-image-907\" title=\"ansiedad_separacion3\" src=\"\/mascotas\/wp-content\/uploads\/sites\/15\/2012\/06\/ansiedad_separacion3.jpg\" alt=\"\" width=\"259\" height=\"194\" \/><\/a>Hemos definido ya a nuestros perros como animales gregarios y sociales para los cuales lo natural es la vida en grupo, ya sea \u00e9ste espec\u00edfico o interespec\u00edfico. Hemos se\u00f1alado que el surgimiento de la propia especie canina como tal se debi\u00f3 a la interacci\u00f3n con la raza humana y que por lo tanto es consustancial al perro su convivencia con el ser humano. \u201c<em><span style=\"text-decoration: underline;\">Canis familiaris<\/span><\/em>\u201d, \u00bfporque nos es familiar tenerlo cerca? \u00bfPorque forma parte de nuestra familia? Cualquiera de las dos opciones los define.<\/p>\n<p style=\"text-align: justify;\">Luego, si debido a su naturaleza propia y muchas veces tambi\u00e9n a nuestra propia acci\u00f3n sufren cuando les dejamos solos un rato, te imaginar\u00e1s que no es normal ni llevadero para un can estar treinta y seis horas seguidas en soledad.<\/p>\n<p style=\"text-align: justify;\">Vuestra voluntad de rescatar a un animal de la perrera es ciertamente loable, pero me parece que en sus ganas de darle un buen hogar a un perrito quienes os dijeron que se acostumbrar\u00eda a esa soledad han cometido un error. En primer lugar porque la ansiedad por separaci\u00f3n no se quita sola como si fuera un resfriado, sino que hay que trabajarlo; en segundo lugar, \u00a0porque os pod\u00e9is imaginar que si el tratamiento es ir \u201cacostumbrando\u201d al animal a partir de separaciones muy cortas e ir aumentando el tiempo muy lentamente, una meta de treinta y seis horas es absolutamente impensable despu\u00e9s de s\u00f3lo dos meses de tener al perro.<\/p>\n<p style=\"text-align: justify;\">Llegado a contestar tu pregunta sobre si dejarla en una residencia durante esa ausencia semanal, mi consejo es que s\u00ed, teniendo en cuenta que no le quitar\u00e9is el problema sino que evitar\u00e9is que se produzca en ese momento en concreto. En las dem\u00e1s ocasiones en que la dej\u00e9is sola seguir\u00e1 presentando el trastorno.<\/p>\n<p style=\"text-align: justify;\">Ahora bien, respecto a la residencia hay que hacer una salvedad importante: si es de las que pueden llamarse de \u201cr\u00e9gimen abierto\u201d, vale decir aqu\u00e9llas en que por norma los perros est\u00e1n sueltos y pueden interactuar entre ellos, jugar y dem\u00e1s, bien. Pero si es de \u00e9sas en las que el animal est\u00e1 en un chenil y lo sacan s\u00f3lo para dar un paseo y hacer sus necesidades, lo \u00fanico que lograr\u00e9is es agregarle al tema de la separaci\u00f3n el estr\u00e9s de estar en un sitio diferente y con su movilidad restringida.&#8221;<\/p>\n<p style=\"text-align: justify;\">(*) Mart\u00edn R. Ojeda es\u00a0et\u00f3logo y adiestrador de\u00a0<a href=\"http:\/\/www.servicanint.com\/\" rel=\"external nofollow\" target=\"_blank\">Servicios Caninos Integrales<\/a><\/p>\n<p style=\"text-align: justify;\">(**) Si quieres que Mart\u00edn te ayude con tu perro, recuerda rellenar\u00a0<a href=\"http:\/\/canales.diariovasco.com\/documentos\/mascotas\/consultorio.doc\" target=\"_blank\" rel=\"external nofollow\">este cuestionario<\/a>\u00a0y enviarlo a unomasenlafamiliablog@gmail.com.<\/p>\n<p style=\"text-align: justify;\">(***) Tened en cuenta que los consejos se dan habiendo le\u00eddo el cuestionario rellenado por la persona que hace la consulta, por lo que el et\u00f3logo cuenta con muchos m\u00e1s datos de los que aqu\u00ed se comentan.<\/p>\n<!-- AddThis Advanced Settings generic via filter on the_content --><!-- AddThis Share Buttons generic via filter on the_content -->","protected":false},"excerpt":{"rendered":"<p>Nos escribe una pareja de Girona que tiene diferentes problemas con su perrita para pedir ayuda de Mart\u00edn (*). Creen que la perra sufre ansiedad por separaci\u00f3n y por motivos laborales de ambos pasa 36 horas seguidas sola cada semana y no saben c\u00f3mo solucionarlo. Adem\u00e1s, la perra come compulsivamente y tiene miedo a cierto [&hellip;]<!-- AddThis Advanced Settings generic via filter on get_the_excerpt --><!-- AddThis Share Buttons generic via filter on get_the_excerpt --><\/p>\n","protected":false},"author":28,"featured_media":0,"comment_status":"open","ping_status":"closed","sticky":false,"template":"","format":"standard","meta":[],"categories":[5,7],"tags":[],"_links":{"self":[{"href":"https:\/\/blogs.diariovasco.com\/mascotas\/wp-json\/wp\/v2\/posts\/904"}],"collection":[{"href":"https:\/\/blogs.diariovasco.com\/mascotas\/wp-json\/wp\/v2\/posts"}],"about":[{"href":"https:\/\/blogs.diariovasco.com\/mascotas\/wp-json\/wp\/v2\/types\/post"}],"author":[{"embeddable":true,"href":"https:\/\/blogs.diariovasco.com\/mascotas\/wp-json\/wp\/v2\/users\/28"}],"replies":[{"embeddable":true,"href":"https:\/\/blogs.diariovasco.com\/mascotas\/wp-json\/wp\/v2\/comments?post=904"}],"version-history":[{"count":0,"href":"https:\/\/blogs.diariovasco.com\/mascotas\/wp-json\/wp\/v2\/posts\/904\/revisions"}],"wp:attachment":[{"href":"https:\/\/blogs.diariovasco.com\/mascotas\/wp-json\/wp\/v2\/media?parent=904"}],"wp:term":[{"taxonomy":"category","embeddable":true,"href":"https:\/\/blogs.diariovasco.com\/mascotas\/wp-json\/wp\/v2\/categories?post=904"},{"taxonomy":"post_tag","embeddable":true,"href":"https:\/\/blogs.diariovasco.com\/mascotas\/wp-json\/wp\/v2\/tags?post=904"}],"curies":[{"name":"wp","href":"https:\/\/api.w.org\/{rel}","templated":true}]}}