{"id":967,"date":"2012-07-19T01:00:42","date_gmt":"2012-07-19T00:00:42","guid":{"rendered":"http:\/\/blogs.diariovasco.com\/mascotas\/?p=967"},"modified":"2012-07-19T01:00:42","modified_gmt":"2012-07-19T00:00:42","slug":"el-acusado-de-maltratar-a-goliath-afirma-que-queria-matarlo-porque-era-mayor-y-pensaba-que-tenia-sarna","status":"publish","type":"post","link":"https:\/\/blogs.diariovasco.com\/mascotas\/2012\/07\/19\/el-acusado-de-maltratar-a-goliath-afirma-que-queria-matarlo-porque-era-mayor-y-pensaba-que-tenia-sarna\/","title":{"rendered":"El acusado de maltratar a Goliath afirma que quer\u00eda matarlo \u201cporque era mayor, y pensaba que ten\u00eda sarna\u201d"},"content":{"rendered":"<div id=\"attachment_968\" style=\"width: 458px\" class=\"wp-caption alignleft\"><a href=\"\/mascotas\/wp-content\/uploads\/sites\/15\/2012\/07\/FOTO-PRENSA-1-20120718-141116.jpg\"><img aria-describedby=\"caption-attachment-968\" loading=\"lazy\" class=\"size-full wp-image-968\" title=\"FOTO PRENSA 1-20120718-141116\" src=\"\/mascotas\/wp-content\/uploads\/sites\/15\/2012\/07\/FOTO-PRENSA-1-20120718-141116.jpg\" alt=\"\" width=\"448\" height=\"252\" srcset=\"https:\/\/static-blogs.diariovasco.com\/wp-content\/uploads\/sites\/15\/2012\/07\/FOTO-PRENSA-1-20120718-141116.jpg 448w, https:\/\/static-blogs.diariovasco.com\/wp-content\/uploads\/sites\/15\/2012\/07\/FOTO-PRENSA-1-20120718-141116-300x169.jpg 300w\" sizes=\"(max-width: 448px) 100vw, 448px\" \/><\/a><p id=\"caption-attachment-968\" class=\"wp-caption-text\">Goliath feliz con su nueva familia<\/p><\/div>\n<p style=\"text-align: justify;\">La Asociaci\u00f3n para un Trato \u00c9tico con los Animales (ATEA) ha informado en una nota de prensa de que<a href=\"https:\/\/blogs.diariovasco.com\/mascotas\/2012\/03\/18\/goliath-perro-brutalmente-maltratado-en-portugalete\/\" target=\"_blank\">\u00a0el hombre \u00a0que fue detenido en Portugalete (Bizkaia) mientras apaleaba a su perro Goliath\u00a0<\/a>ha reconocido que con su acci\u00f3n violenta pretend\u00eda acabar con la vida del animal. El autor confeso de los hechos ha reconocido los mismos ante la jueza encargada del caso en las diligencias previas al juicio (cuya fecha a\u00fan no se ha dictado). El agresor explic\u00f3 que el d\u00eda de autos\u00a0comenz\u00f3 a golpear al animal vali\u00e9ndose de una barra de hierro con la intenci\u00f3n de matarlo, y que pensaba enterrar el cad\u00e1ver en la fosa hecha por unos amigos tiempo atr\u00e1s. Alude en su declaraci\u00f3n que quer\u00eda deshacerse de \u00e9l\u00a0<em>\u201c<\/em>porque era mayor, y pensaba que ten\u00eda sarna, pues le hab\u00edan salido unos bultos en la tripa, y no hac\u00eda m\u00e1s que rascarse, y se le ca\u00eda el pelo<em>\u201d<\/em>. Manifiesta asimismo que nunca le coment\u00f3 al veterinario la aparici\u00f3n de los bultos.<\/p>\n<p style=\"text-align: justify;\">Este hombre confes\u00f3 tambi\u00e9n llevar &#8220;al menos medio a\u00f1o queri\u00e9ndole matar&#8221; y, seg\u00fan \u00e9l, ten\u00eda el consentimiento de su hijo, propietario del perro. Durante ese mismo acto, se le tom\u00f3 declaraci\u00f3n tambi\u00e9n al hijo, \u00a0quien niega propiedad alguna sobre el animal y reconoce tener mala relaci\u00f3n con su padre. Seg\u00fan este,\u00a0llevaron el perro a la huerta\u00a0\u201chace unos 14 a\u00f1os\u201d, junto con otros animales, para que su padre\u00a0\u201cse entretuviera\u201d, y recalca que al mismo (su padre)\u00a0\u201cle encantan los animales y siempre los ha cuidado muy bien\u201d.<\/p>\n<p style=\"text-align: justify;\">El autor de la agresi\u00f3n manifest\u00f3 su arrepentimiento por los hechos ocurridos, para despu\u00e9s a\u00f1adir que se ha enterado de que &#8220;por 10 euros pod\u00edan haberle puesto la inyecci\u00f3n&#8221;.<\/p>\n<p style=\"text-align: justify;\">ATEA aprovecha la nota para explicar que, por desgracia, hay muchos casos como el de Goliath:\u00a0<em>&#8220;<\/em>Goliath\u00a0se ha convertido en un icono de la protecci\u00f3n animal en Euskadi, y tambi\u00e9n desgraciado representante de miles de compa\u00f1eros de desdicha, que siguen sufriendo en descampados y muriendo a diario en la m\u00e1s absoluta impunidad. Es por ello que nuestra organizaci\u00f3n desea aprovechar este dram\u00e1tico caso para recordar que, en su inmensa mayor\u00eda, situaciones similares ni siquiera salen a la luz. Se trata de historias de crueldad gratuita y constante, como las que afectan a los perros permanentemente encadenados, tanto en el medio rural como en los pol\u00edgonos de las ciudades, situaci\u00f3n que les causa un padecimiento psicol\u00f3gico continuo, y cuyos cuerpos inertes acaban olvidados en una cuneta tras acciones violentas por parte de sus due\u00f1os, como la que nos ocupa.&#8221;<\/p>\n<p style=\"text-align: justify;\">\n<!-- AddThis Advanced Settings generic via filter on the_content --><!-- AddThis Share Buttons generic via filter on the_content -->","protected":false},"excerpt":{"rendered":"<p>La Asociaci\u00f3n para un Trato \u00c9tico con los Animales (ATEA) ha informado en una nota de prensa de que\u00a0el hombre \u00a0que fue detenido en Portugalete (Bizkaia) mientras apaleaba a su perro Goliath\u00a0ha reconocido que con su acci\u00f3n violenta pretend\u00eda acabar con la vida del animal. El autor confeso de los hechos ha reconocido los mismos [&hellip;]<!-- AddThis Advanced Settings generic via filter on get_the_excerpt --><!-- AddThis Share Buttons generic via filter on get_the_excerpt --><\/p>\n","protected":false},"author":28,"featured_media":0,"comment_status":"open","ping_status":"closed","sticky":false,"template":"","format":"standard","meta":[],"categories":[10,11],"tags":[],"_links":{"self":[{"href":"https:\/\/blogs.diariovasco.com\/mascotas\/wp-json\/wp\/v2\/posts\/967"}],"collection":[{"href":"https:\/\/blogs.diariovasco.com\/mascotas\/wp-json\/wp\/v2\/posts"}],"about":[{"href":"https:\/\/blogs.diariovasco.com\/mascotas\/wp-json\/wp\/v2\/types\/post"}],"author":[{"embeddable":true,"href":"https:\/\/blogs.diariovasco.com\/mascotas\/wp-json\/wp\/v2\/users\/28"}],"replies":[{"embeddable":true,"href":"https:\/\/blogs.diariovasco.com\/mascotas\/wp-json\/wp\/v2\/comments?post=967"}],"version-history":[{"count":0,"href":"https:\/\/blogs.diariovasco.com\/mascotas\/wp-json\/wp\/v2\/posts\/967\/revisions"}],"wp:attachment":[{"href":"https:\/\/blogs.diariovasco.com\/mascotas\/wp-json\/wp\/v2\/media?parent=967"}],"wp:term":[{"taxonomy":"category","embeddable":true,"href":"https:\/\/blogs.diariovasco.com\/mascotas\/wp-json\/wp\/v2\/categories?post=967"},{"taxonomy":"post_tag","embeddable":true,"href":"https:\/\/blogs.diariovasco.com\/mascotas\/wp-json\/wp\/v2\/tags?post=967"}],"curies":[{"name":"wp","href":"https:\/\/api.w.org\/{rel}","templated":true}]}}