{"id":971,"date":"2012-07-20T11:57:11","date_gmt":"2012-07-20T10:57:11","guid":{"rendered":"http:\/\/blogs.diariovasco.com\/mascotas\/?p=971"},"modified":"2012-07-20T11:57:11","modified_gmt":"2012-07-20T10:57:11","slug":"ultimos-dias-para-reservar-tu-plaza-para-el-seminario-miedo-en-perros-de-jaime-santi-vidal","status":"publish","type":"post","link":"https:\/\/blogs.diariovasco.com\/mascotas\/2012\/07\/20\/ultimos-dias-para-reservar-tu-plaza-para-el-seminario-miedo-en-perros-de-jaime-santi-vidal\/","title":{"rendered":"\u00daltimos d\u00edas para reservar tu plaza para el seminario &#8220;Miedo en perros&#8221; de Jaime (Santi) Vidal"},"content":{"rendered":"<p>Hace unas semanas os contaba por aqu\u00ed que <a href=\"http:\/\/www.anamasoliver.com\/\" target=\"_blank\" rel=\"external nofollow\">Educaci\u00f3n Canina Ana Masoliver<\/a>\u00a0ha organizado un <a href=\"https:\/\/blogs.diariovasco.com\/mascotas\/2012\/06\/23\/seminario-miedo-en-perros-de-la-mano-de-jaime-santi-vidal\/\" target=\"_blank\">seminario de fin de semana<\/a> en el que Jaime (Santi) Vidal nos hablar\u00e1 de un tema tan interesante como es el miedo en los perros. Durante dos d\u00edas (28 y 29 de julio) particulares y profesionales del mundo del perro podremos debatir sobre el miedo en los perros y aprender que hacer cuando aparece y que hacer para que sus efectos en nuestro perro sean cada vez mas leves.<\/p>\n<p>Desde luego, el tema es m\u00e1s que interesante para cualquiera que trabaje con perros o que simplemente sea propietario de uno. \u00bfTe lo vas a perder? Quedan pocos d\u00edas para que puedas reservar tu plaza y disfrutar de este seminario. Pod\u00e9is ver una descripci\u00f3n m\u00e1s amplia sobre el mismo en el post anterior de este blog pinchando <a href=\"https:\/\/blogs.diariovasco.com\/mascotas\/2012\/06\/23\/seminario-miedo-en-perros-de-la-mano-de-jaime-santi-vidal\/\" target=\"_blank\">aqu\u00ed<\/a>.<\/p>\n<p>El seminario se impartir\u00e1 los d\u00edas 28 y 29 de julio en Usurbil, tiene una duraci\u00f3n de 16 horas y el desayuno y la comida de los dos d\u00edas est\u00e1 incluida en el precio (160 euros).<\/p>\n<p>Si quieres m\u00e1s informaci\u00f3n o formalizar la reserva de una plaza puedes mandar un correo a\u00a0<a href=\"mailto:ana@anamasoliver.com\">ana@anamasoliver.com<\/a>\u00a0o llamar al 618-28-07-20.<\/p>\n<!-- AddThis Advanced Settings generic via filter on the_content --><!-- AddThis Share Buttons generic via filter on the_content -->","protected":false},"excerpt":{"rendered":"<p>Hace unas semanas os contaba por aqu\u00ed que Educaci\u00f3n Canina Ana Masoliver\u00a0ha organizado un seminario de fin de semana en el que Jaime (Santi) Vidal nos hablar\u00e1 de un tema tan interesante como es el miedo en los perros. Durante dos d\u00edas (28 y 29 de julio) particulares y profesionales del mundo del perro podremos [&hellip;]<!-- AddThis Advanced Settings generic via filter on get_the_excerpt --><!-- AddThis Share Buttons generic via filter on get_the_excerpt --><\/p>\n","protected":false},"author":28,"featured_media":0,"comment_status":"open","ping_status":"closed","sticky":false,"template":"","format":"standard","meta":[],"categories":[6],"tags":[],"_links":{"self":[{"href":"https:\/\/blogs.diariovasco.com\/mascotas\/wp-json\/wp\/v2\/posts\/971"}],"collection":[{"href":"https:\/\/blogs.diariovasco.com\/mascotas\/wp-json\/wp\/v2\/posts"}],"about":[{"href":"https:\/\/blogs.diariovasco.com\/mascotas\/wp-json\/wp\/v2\/types\/post"}],"author":[{"embeddable":true,"href":"https:\/\/blogs.diariovasco.com\/mascotas\/wp-json\/wp\/v2\/users\/28"}],"replies":[{"embeddable":true,"href":"https:\/\/blogs.diariovasco.com\/mascotas\/wp-json\/wp\/v2\/comments?post=971"}],"version-history":[{"count":0,"href":"https:\/\/blogs.diariovasco.com\/mascotas\/wp-json\/wp\/v2\/posts\/971\/revisions"}],"wp:attachment":[{"href":"https:\/\/blogs.diariovasco.com\/mascotas\/wp-json\/wp\/v2\/media?parent=971"}],"wp:term":[{"taxonomy":"category","embeddable":true,"href":"https:\/\/blogs.diariovasco.com\/mascotas\/wp-json\/wp\/v2\/categories?post=971"},{"taxonomy":"post_tag","embeddable":true,"href":"https:\/\/blogs.diariovasco.com\/mascotas\/wp-json\/wp\/v2\/tags?post=971"}],"curies":[{"name":"wp","href":"https:\/\/api.w.org\/{rel}","templated":true}]}}