{"id":984,"date":"2012-07-27T01:59:46","date_gmt":"2012-07-27T00:59:46","guid":{"rendered":"http:\/\/blogs.diariovasco.com\/mascotas\/?p=984"},"modified":"2012-07-27T01:59:46","modified_gmt":"2012-07-27T00:59:46","slug":"denuncian-el-estado-de-unos-perros-en-permanente-encadenamiento-en-bizkaia","status":"publish","type":"post","link":"https:\/\/blogs.diariovasco.com\/mascotas\/2012\/07\/27\/denuncian-el-estado-de-unos-perros-en-permanente-encadenamiento-en-bizkaia\/","title":{"rendered":"Denuncian el estado de unos perros en \u201cpermanente encadenamiento\u201d en Bizkaia"},"content":{"rendered":"<div class=\"mceTemp\">\n<div class=\"mceTemp\" style=\"text-align: justify;\">\n<div id=\"attachment_987\" style=\"width: 407px\" class=\"wp-caption alignleft\"><a href=\"\/mascotas\/wp-content\/uploads\/sites\/15\/2012\/07\/FOTO-PRENSA-1_opt-e1343350332639.jpg\"><img aria-describedby=\"caption-attachment-987\" loading=\"lazy\" class=\"size-full wp-image-987\" title=\"FOTO PRENSA 1_opt\" src=\"\/mascotas\/wp-content\/uploads\/sites\/15\/2012\/07\/FOTO-PRENSA-1_opt-e1343350332639.jpg\" alt=\"\" width=\"397\" height=\"549\" srcset=\"https:\/\/static-blogs.diariovasco.com\/wp-content\/uploads\/sites\/15\/2012\/07\/FOTO-PRENSA-1_opt-e1343350332639.jpg 397w, https:\/\/static-blogs.diariovasco.com\/wp-content\/uploads\/sites\/15\/2012\/07\/FOTO-PRENSA-1_opt-e1343350332639-217x300.jpg 217w\" sizes=\"(max-width: 397px) 100vw, 397px\" \/><\/a><p id=\"caption-attachment-987\" class=\"wp-caption-text\">Uno de los perros en el recinto<\/p><\/div>\n<p><span style=\"text-align: justify;\">ASAAM-BIZKAIA (Asociaci\u00f3n Socorro Animal Amigos de Milord) y ATEA (Asociaci\u00f3n para un Trato \u00c9tico con los Animales) interpusieron ayer una denuncia ante el Ayuntamiento vizca\u00edno de Mungia, por la situaci\u00f3n que padece un grupo de perros en los terrenos anexos a un restaurante de la localidad.<\/span><\/div>\n<\/div>\n<p style=\"text-align: justify;\">Seg\u00fan explica ATEA en una nota de prensa, al menos cuatro perros permanecen en un estado de permanente encadenamiento \u201c, con lo que ello significa en cuanto a sufrimiento psicol\u00f3gico, pues coarta de modo severo sus m\u00e1s b\u00e1sicas necesidades de esparcimiento y de relaci\u00f3n con sus cong\u00e9neres\u201d. Esta asociaci\u00f3n a\u00f1ade que \u201camarrar a un perro a perpetuidad supone un crimen que ninguna sociedad avanzada deber\u00eda admitir\u201d.<\/p>\n<p style=\"text-align: justify;\">Respecto al trato que reciben estos perros, en el comunicado se a\u00f1ade que la alimentaci\u00f3n que reciben dichos animales se limita a pan duro, y que ni siquiera tienen acceso permanente a agua fresca.<\/p>\n<div class=\"mceTemp\"><\/div>\n<p style=\"text-align: justify;\">ATEA a\u00f1ade que, adem\u00e1s, hace un a\u00f1o uno de los perros consigui\u00f3 soltarse y atac\u00f3 a otro hasta causarle la muerte. Quiere a\u00f1adir en este punto que en dicho recinto, adem\u00e1s de estos perros, hay otros animales \u201ccomo palomas y alg\u00fan otro perro encerrado\u201d.<\/p>\n<div id=\"attachment_988\" style=\"width: 407px\" class=\"wp-caption alignright\"><a href=\"\/mascotas\/wp-content\/uploads\/sites\/15\/2012\/07\/FOTO-PRENSA-2_opt-e1343350578231.jpg\"><img aria-describedby=\"caption-attachment-988\" loading=\"lazy\" class=\"size-full wp-image-988\" title=\"FOTO PRENSA 2_opt\" src=\"\/mascotas\/wp-content\/uploads\/sites\/15\/2012\/07\/FOTO-PRENSA-2_opt-e1343350578231.jpg\" alt=\"\" width=\"397\" height=\"545\" srcset=\"https:\/\/static-blogs.diariovasco.com\/wp-content\/uploads\/sites\/15\/2012\/07\/FOTO-PRENSA-2_opt-e1343350578231.jpg 397w, https:\/\/static-blogs.diariovasco.com\/wp-content\/uploads\/sites\/15\/2012\/07\/FOTO-PRENSA-2_opt-e1343350578231-219x300.jpg 219w\" sizes=\"(max-width: 397px) 100vw, 397px\" \/><\/a><p id=\"caption-attachment-988\" class=\"wp-caption-text\">Otro de los perros<\/p><\/div>\n<p style=\"text-align: justify;\">Desde ASAAM-BIZKAIA y ATEA se insta al Ayuntamiento a que baraje seriamente la posibilidad de la incautaci\u00f3n de los animales, y a que las personas responsables de los hechos sean convenientemente sancionadas en los t\u00e9rminos que especifican las distintas normativas de aplicaci\u00f3n. Asimismo, estas asociaciones trasladan al consistorio su opini\u00f3n de que resulta imprescindible la supervisi\u00f3n por parte de un veterinario, quien deber\u00eda redactar un informe oficial, \u201cy no la mera visita al lugar de agentes de la Polic\u00eda Local, como suele acontecer en casos similares\u201d. De igual forma, se remarca en el documento que han de ser tenidos en cuenta todos y cada uno de los puntos de las distintas normativas de aplicaci\u00f3n, y no establecer una selecci\u00f3n de los mismos, pues la vulneraci\u00f3n de uno solo de los aspectos que recoge una normativa concreta hace que esta sea incumplida como tal.<\/p>\n<div class=\"mceTemp\"><\/div>\n<!-- AddThis Advanced Settings generic via filter on the_content --><!-- AddThis Share Buttons generic via filter on the_content -->","protected":false},"excerpt":{"rendered":"<p>ASAAM-BIZKAIA (Asociaci\u00f3n Socorro Animal Amigos de Milord) y ATEA (Asociaci\u00f3n para un Trato \u00c9tico con los Animales) interpusieron ayer una denuncia ante el Ayuntamiento vizca\u00edno de Mungia, por la situaci\u00f3n que padece un grupo de perros en los terrenos anexos a un restaurante de la localidad. Seg\u00fan explica ATEA en una nota de prensa, al [&hellip;]<!-- AddThis Advanced Settings generic via filter on get_the_excerpt --><!-- AddThis Share Buttons generic via filter on get_the_excerpt --><\/p>\n","protected":false},"author":28,"featured_media":0,"comment_status":"open","ping_status":"closed","sticky":false,"template":"","format":"standard","meta":[],"categories":[10,11],"tags":[],"_links":{"self":[{"href":"https:\/\/blogs.diariovasco.com\/mascotas\/wp-json\/wp\/v2\/posts\/984"}],"collection":[{"href":"https:\/\/blogs.diariovasco.com\/mascotas\/wp-json\/wp\/v2\/posts"}],"about":[{"href":"https:\/\/blogs.diariovasco.com\/mascotas\/wp-json\/wp\/v2\/types\/post"}],"author":[{"embeddable":true,"href":"https:\/\/blogs.diariovasco.com\/mascotas\/wp-json\/wp\/v2\/users\/28"}],"replies":[{"embeddable":true,"href":"https:\/\/blogs.diariovasco.com\/mascotas\/wp-json\/wp\/v2\/comments?post=984"}],"version-history":[{"count":0,"href":"https:\/\/blogs.diariovasco.com\/mascotas\/wp-json\/wp\/v2\/posts\/984\/revisions"}],"wp:attachment":[{"href":"https:\/\/blogs.diariovasco.com\/mascotas\/wp-json\/wp\/v2\/media?parent=984"}],"wp:term":[{"taxonomy":"category","embeddable":true,"href":"https:\/\/blogs.diariovasco.com\/mascotas\/wp-json\/wp\/v2\/categories?post=984"},{"taxonomy":"post_tag","embeddable":true,"href":"https:\/\/blogs.diariovasco.com\/mascotas\/wp-json\/wp\/v2\/tags?post=984"}],"curies":[{"name":"wp","href":"https:\/\/api.w.org\/{rel}","templated":true}]}}