{"id":991,"date":"2012-07-30T00:53:23","date_gmt":"2012-07-29T23:53:23","guid":{"rendered":"http:\/\/blogs.diariovasco.com\/mascotas\/?p=991"},"modified":"2012-07-30T00:53:23","modified_gmt":"2012-07-29T23:53:23","slug":"la-agresividad-en-el-perro-ii","status":"publish","type":"post","link":"https:\/\/blogs.diariovasco.com\/mascotas\/2012\/07\/30\/la-agresividad-en-el-perro-ii\/","title":{"rendered":"La agresividad en el perro (II)"},"content":{"rendered":"<p style=\"text-align: justify;\"><a href=\"\/mascotas\/wp-content\/uploads\/sites\/15\/2012\/07\/agresivo_perro.jpg\"><img loading=\"lazy\" class=\"alignleft size-full wp-image-992\" title=\"agresivo_perro\" src=\"\/mascotas\/wp-content\/uploads\/sites\/15\/2012\/07\/agresivo_perro.jpg\" alt=\"\" width=\"297\" height=\"153\" \/><\/a>Hace unas semanas, Mart\u00edn R. Ojeda (*) nos hablaba sobre el tema de <a href=\"https:\/\/blogs.diariovasco.com\/mascotas\/2012\/06\/18\/la-agresividad-en-el-perro\/\" target=\"_blank\">la agresividad en el perro<\/a>. En ese post \u00e9l mismo nos adelantaba que era un tema que para desarrollarlo bien iba a necesitar varios post, as\u00ed que hoy tocamos otro aspecto del mismo.<\/p>\n<p style=\"text-align: justify;\">&#8220;Sacaba hace un tiempo, basado en un episodio personal, el tema de la<a href=\"https:\/\/blogs.diariovasco.com\/mascotas\/2012\/06\/18\/la-agresividad-en-el-perro\/\" target=\"_blank\"> agresividad<\/a>. Dejaba clara all\u00ed mi postura respecto a que no es atribuible como caracter\u00edstica racial simplemente, e indicaba que su aparici\u00f3n puede deberse a distintas circunstancias que har\u00e1n que su tratamiento sea diferente.<\/p>\n<p style=\"text-align: justify;\">Vamos a verlas por separado.<\/p>\n<p style=\"text-align: justify;\">1- La primera cuesti\u00f3n a tener en cuenta, y por lo tanto la primera cuya existencia hay que verificar, es la causa org\u00e1nica. Es muy habitual en los casos de agresividad meterse de lleno en el an\u00e1lisis del entorno del animal y de su historia sin percatarse de que el origen de la conducta puede deberse a alg\u00fan tipo de patolog\u00eda que est\u00e9 pasando en ese momento: una enfermedad que est\u00e9 incubando o ya padeciendo, una herida de la cual no nos hayamos enterado, etc. Hipotiroidismo, epilepsia, dolores diversos pueden ser situaciones en las que el due\u00f1o desconcertado observa c\u00f3mo su perro que no ten\u00eda reacci\u00f3n alguna o incluso se mostraba a gusto en determinados casos, de repente se pone agresivo ya sea para con otros perros, otra gente o contra s\u00ed mismo.<\/p>\n<p style=\"text-align: justify;\">Es importante que ante la aparici\u00f3n de cualquier signo de ese tipo nos dirijamos al veterinario para que haga un reconocimiento y vea as\u00ed si nuestro amigo est\u00e1 enfermo o tiene alg\u00fan problema f\u00edsico.<\/p>\n<p style=\"text-align: justify;\">2- Descartada la posibilidad de una enfermedad, es momento ahora de pensar en \u201cqu\u00e9 est\u00e1 pasando por la cabeza\u201d de nuestro perro para que se manifieste de esa forma.<\/p>\n<p style=\"text-align: justify;\">Hay distintas clasificaciones relativas a la agresividad, pero voy a quedarme con la que creo es m\u00e1s clara a nuestros fines.<\/p>\n<p style=\"text-align: justify;\">a) Agresividad por dominancia competitiva.<\/p>\n<p style=\"text-align: justify;\">Cuando hablamos en otro <a href=\"https:\/\/blogs.diariovasco.com\/mascotas\/2012\/05\/21\/usted-no-es-el-macho-alfa-de-su-manada-hogarena\/\" target=\"_blank\">art\u00edculo<\/a> del tema del llamado \u201cmacho alfa\u201d, dijimos que la relaci\u00f3n de dominancia es una relaci\u00f3n de tipo\u00a0<strong>relativo\u00a0<\/strong>que se establece entre dos individuos. Esto es que si A es dominante respecto de B, y B lo es respecto de C, no necesariamente A ser\u00e1 dominante respecto de C. Esta relaci\u00f3n no se da s\u00f3lo entre los perros, sino que tambi\u00e9n nos implica a nosotros, los seres humanos, y es su car\u00e1cter relativo lo que explica que dentro de un mismo grupo familiar pueda haber humanos \u201cdominantes\u201d frente al perro y otros que sean \u201csubordinados\u201d.<\/p>\n<p style=\"text-align: justify;\">Sin embargo, la mera relaci\u00f3n dominante-subordinado que se gesta desde la relaci\u00f3n entre cachorros y cachorro-madre, no es exclusivamente la que determinar\u00e1 la aparici\u00f3n de conductas agresivas, sino que hace falta un elemento clave: el aprendizaje.<\/p>\n<p style=\"text-align: justify;\">\u00bfQu\u00e9 pasa, por ejemplo, si nuestro perro roba un hueso de la basura y cuando vamos a quit\u00e1rselo nos muestra los dientes y retrocedemos? \u00bfQu\u00e9 sucede si se tira a \u201cmarcar\u201d a alguien y para calmarlo le damos un par de palmadas en el lomo? Muy simple: aprende que esa reacci\u00f3n que ha tenido es exitosa y por tanto es adecuada para obtener lo que quiere. Como ya sabemos, nuestro perro es una m\u00e1quina constante de aprender cosas, y si mostrando los dientes se ha quedado con su hueso, no dudar\u00e1 en hacerlo de nuevo. Y lo que es peor, si entonces decidimos no ceder, puede que considere ir un paso m\u00e1s all\u00e1 en su demostraci\u00f3n\u2026<\/p>\n<p><img loading=\"lazy\" class=\"alignright size-full wp-image-994\" title=\"agresivo_perro3\" src=\"\/mascotas\/wp-content\/uploads\/sites\/15\/2012\/07\/agresivo_perro3.jpg\" alt=\"\" width=\"259\" height=\"195\" \/><\/p>\n<p style=\"text-align: justify;\">Pero, entonces, \u00bfhay soluci\u00f3n? Lo mejor es prevenir a trav\u00e9s de nuestras actitudes: manteniendo nuestro status y premiando las ocasiones de tranquilidad y sumisi\u00f3n. Pero una vez aparecida ya la conducta, m\u00e1s que en ning\u00fan otro caso, es vital la implicaci\u00f3n del due\u00f1o. No s\u00f3lo a nivel de trabajo, sino que muy probablemente ser\u00e1 necesario cambiar de un papel subordinado a uno dominante, y eso no es simple de hacer ni es simple que lo acepte nuestro perrillo \u201cmand\u00f3n\u201d. La interacci\u00f3n entre el due\u00f1o, el profesional en modificaci\u00f3n de conductas y el veterinario es de suma importancia para llevar a buen t\u00e9rmino este tratamiento.<\/p>\n<p style=\"text-align: justify;\">M\u00e1s adelante seguiremos con los otros tipos de agresividad, de cara a comprender sus diferencias tanto en origen como en tratamiento.&#8221;<\/p>\n<p style=\"text-align: justify;\">(*) Mart\u00edn R. Ojeda es\u00a0et\u00f3logo y adiestrador de\u00a0<a href=\"http:\/\/www.servicanint.com\/\" rel=\"external nofollow\" target=\"_blank\">Servicios Caninos Integrales<\/a><\/p>\n<p style=\"text-align: justify;\">(**) Si quieres que Mart\u00edn te ayude con tu perro, recuerda rellenar\u00a0<a href=\"http:\/\/canales.diariovasco.com\/documentos\/mascotas\/consultorio.doc\" target=\"_blank\" rel=\"external nofollow\">este cuestionario<\/a>\u00a0y enviarlo a unomasenlafamiliablog@gmail.com.<\/p>\n<!-- AddThis Advanced Settings generic via filter on the_content --><!-- AddThis Share Buttons generic via filter on the_content -->","protected":false},"excerpt":{"rendered":"<p>Hace unas semanas, Mart\u00edn R. Ojeda (*) nos hablaba sobre el tema de la agresividad en el perro. En ese post \u00e9l mismo nos adelantaba que era un tema que para desarrollarlo bien iba a necesitar varios post, as\u00ed que hoy tocamos otro aspecto del mismo. &#8220;Sacaba hace un tiempo, basado en un episodio personal, [&hellip;]<!-- AddThis Advanced Settings generic via filter on get_the_excerpt --><!-- AddThis Share Buttons generic via filter on get_the_excerpt --><\/p>\n","protected":false},"author":28,"featured_media":0,"comment_status":"open","ping_status":"closed","sticky":false,"template":"","format":"standard","meta":[],"categories":[5,7],"tags":[],"_links":{"self":[{"href":"https:\/\/blogs.diariovasco.com\/mascotas\/wp-json\/wp\/v2\/posts\/991"}],"collection":[{"href":"https:\/\/blogs.diariovasco.com\/mascotas\/wp-json\/wp\/v2\/posts"}],"about":[{"href":"https:\/\/blogs.diariovasco.com\/mascotas\/wp-json\/wp\/v2\/types\/post"}],"author":[{"embeddable":true,"href":"https:\/\/blogs.diariovasco.com\/mascotas\/wp-json\/wp\/v2\/users\/28"}],"replies":[{"embeddable":true,"href":"https:\/\/blogs.diariovasco.com\/mascotas\/wp-json\/wp\/v2\/comments?post=991"}],"version-history":[{"count":0,"href":"https:\/\/blogs.diariovasco.com\/mascotas\/wp-json\/wp\/v2\/posts\/991\/revisions"}],"wp:attachment":[{"href":"https:\/\/blogs.diariovasco.com\/mascotas\/wp-json\/wp\/v2\/media?parent=991"}],"wp:term":[{"taxonomy":"category","embeddable":true,"href":"https:\/\/blogs.diariovasco.com\/mascotas\/wp-json\/wp\/v2\/categories?post=991"},{"taxonomy":"post_tag","embeddable":true,"href":"https:\/\/blogs.diariovasco.com\/mascotas\/wp-json\/wp\/v2\/tags?post=991"}],"curies":[{"name":"wp","href":"https:\/\/api.w.org\/{rel}","templated":true}]}}