{"id":403,"date":"2011-05-24T08:19:40","date_gmt":"2011-05-24T08:19:40","guid":{"rendered":"http:\/\/blogs.diariovasco.com\/masqueactualidad\/?p=403"},"modified":"2011-05-24T08:19:40","modified_gmt":"2011-05-24T08:19:40","slug":"donostia_en_blanco_y_beige_como_de_woody","status":"publish","type":"post","link":"https:\/\/blogs.diariovasco.com\/masqueactualidad\/2011\/05\/24\/donostia_en_blanco_y_beige_como_de_woody\/","title":{"rendered":"Donostia en blanco y beige como de Woody"},"content":{"rendered":"<p><IMG src=\"\/masqueactualidad\/wp-content\/uploads\/sites\/4\" vspace=\"3\" width=\"150\" align=\"left\" hspace=\"3\">Mi peluquera siempre se pregunta por qu\u00e9 en Donostia todas la se\u00f1oras visten de beige y llevan el pelo corto.<\/p>\n<p>-C\u00f3mprate algo en colores vivos, nada que ver.<\/p>\n<p>Viendo las pel\u00edculas de Woody Allen he entendido el fen\u00f3meno donostiarra: lo beige es cl\u00e1sico. Y combinado con blanco, muy elegante.<\/p>\n<p>Las rubias protagonistas del director neoyorquino visten estos colores, a juego con las l\u00e1mparas y las decoraciones de las casas y hoteles que pisan.<\/p>\n<p>Pensaba en ello el domingo mientras regresaba del Trueba de ver &#8216;Medianoche en Par\u00eds&#8217; (V.O., thanks). Cruzaba el puente de Gros en una Donostia convertida en parisina: los \u00e1rboles del r\u00edo y la Avenida, la geometr\u00eda del Ensanche Cort\u00e1zar, el Urumea, que no es el Sena pero que tanto ha mejorado.<\/p>\n<p>Y volv\u00eda a la misma idea. \u00a1Qu\u00e9 grande es Woody hasta en sus peque\u00f1as trampas! <\/p>\n<!-- AddThis Advanced Settings generic via filter on the_content --><!-- AddThis Share Buttons generic via filter on the_content -->","protected":false},"excerpt":{"rendered":"<p>Mi peluquera siempre se pregunta por qu\u00e9 en Donostia todas la se\u00f1oras visten de beige y llevan el pelo corto. -C\u00f3mprate algo en colores vivos, nada que ver. Viendo las pel\u00edculas de Woody Allen he entendido el fen\u00f3meno donostiarra: lo beige es cl\u00e1sico. Y combinado con blanco, muy elegante. Las rubias protagonistas del director neoyorquino [&hellip;]<!-- AddThis Advanced Settings generic via filter on get_the_excerpt --><!-- AddThis Share Buttons generic via filter on get_the_excerpt --><\/p>\n","protected":false},"author":10,"featured_media":0,"comment_status":"open","ping_status":"closed","sticky":false,"template":"","format":"standard","meta":[],"categories":[2],"tags":[4],"_links":{"self":[{"href":"https:\/\/blogs.diariovasco.com\/masqueactualidad\/wp-json\/wp\/v2\/posts\/403"}],"collection":[{"href":"https:\/\/blogs.diariovasco.com\/masqueactualidad\/wp-json\/wp\/v2\/posts"}],"about":[{"href":"https:\/\/blogs.diariovasco.com\/masqueactualidad\/wp-json\/wp\/v2\/types\/post"}],"author":[{"embeddable":true,"href":"https:\/\/blogs.diariovasco.com\/masqueactualidad\/wp-json\/wp\/v2\/users\/10"}],"replies":[{"embeddable":true,"href":"https:\/\/blogs.diariovasco.com\/masqueactualidad\/wp-json\/wp\/v2\/comments?post=403"}],"version-history":[{"count":0,"href":"https:\/\/blogs.diariovasco.com\/masqueactualidad\/wp-json\/wp\/v2\/posts\/403\/revisions"}],"wp:attachment":[{"href":"https:\/\/blogs.diariovasco.com\/masqueactualidad\/wp-json\/wp\/v2\/media?parent=403"}],"wp:term":[{"taxonomy":"category","embeddable":true,"href":"https:\/\/blogs.diariovasco.com\/masqueactualidad\/wp-json\/wp\/v2\/categories?post=403"},{"taxonomy":"post_tag","embeddable":true,"href":"https:\/\/blogs.diariovasco.com\/masqueactualidad\/wp-json\/wp\/v2\/tags?post=403"}],"curies":[{"name":"wp","href":"https:\/\/api.w.org\/{rel}","templated":true}]}}