{"id":192,"date":"2018-03-08T02:08:18","date_gmt":"2018-03-08T01:08:18","guid":{"rendered":"http:\/\/blogs.diariovasco.com\/miradas-peaton\/?p=192"},"modified":"2018-03-08T02:08:18","modified_gmt":"2018-03-08T01:08:18","slug":"hauxine-harmens-la-primera-victima-1936","status":"publish","type":"post","link":"https:\/\/blogs.diariovasco.com\/miradas-peaton\/2018\/03\/08\/hauxine-harmens-la-primera-victima-1936\/","title":{"rendered":"Hauxine Harmens, la primera v\u00edctima (1936)."},"content":{"rendered":"<div id=\"attachment_193\" style=\"width: 1034px\" class=\"wp-caption aligncenter\"><a href=\"https:\/\/static-blogs.diariovasco.com\/wp-content\/uploads\/sites\/88\/2018\/03\/Calle-Larramendi-Guerra-Civil-Kutxateka.jpg\"><img aria-describedby=\"caption-attachment-193\" loading=\"lazy\" class=\"size-large wp-image-193\" src=\"https:\/\/static-blogs.diariovasco.com\/wp-content\/uploads\/sites\/88\/2018\/03\/Calle-Larramendi-Guerra-Civil-Kutxateka-1024x643.jpg\" alt=\"La calle Larramendi tras terminarse la batalla por San Sebasti\u00e1n. Kutxateka. \" width=\"1024\" height=\"643\" srcset=\"https:\/\/static-blogs.diariovasco.com\/wp-content\/uploads\/sites\/88\/2018\/03\/Calle-Larramendi-Guerra-Civil-Kutxateka.jpg 1024w, https:\/\/static-blogs.diariovasco.com\/wp-content\/uploads\/sites\/88\/2018\/03\/Calle-Larramendi-Guerra-Civil-Kutxateka-300x188.jpg 300w, https:\/\/static-blogs.diariovasco.com\/wp-content\/uploads\/sites\/88\/2018\/03\/Calle-Larramendi-Guerra-Civil-Kutxateka-768x482.jpg 768w\" sizes=\"(max-width: 1024px) 100vw, 1024px\" \/><\/a><p id=\"caption-attachment-193\" class=\"wp-caption-text\"><em>La calle Larramendi tras terminarse la batalla por San Sebasti\u00e1n. Kutxateka.<\/em><\/p><\/div>\n<p>&nbsp;<\/p>\n<h1 style=\"text-align: center;\">HAUXINE HARMENS,<\/h1>\n<h2 style=\"text-align: center;\"><strong>LA PRIMERA V\u00cdCTIMA DE LA GUERRA CIVIL EN SAN SEBASTI\u00c1N<\/strong><\/h2>\n<p style=\"text-align: justify;\">\n<p style=\"text-align: justify;\">Hoy, &#8220;D\u00eda de la Mujer&#8221;, he decidido recuperar esta dram\u00e1tica historia, desconocida para muchos, sobre la primera v\u00edctima oficial de la Guerra Civil Espa\u00f1ola en San Sebasti\u00e1n: Hauxine Harmens, esposa del c\u00f3nsul de Finlandia.<\/p>\n<p style=\"text-align: justify;\">En la madrugada\u00a0del mi\u00e9rcoles 22 de julio de 1936, en el quinto piso del n\u00famero 20 de la avenida Libertad, Hauxine, alarmada por aquellos primeros disparos que empezaban a resonar por las calles de San Sebasti\u00e1n, tom\u00f3 la imprudente decisi\u00f3n de asomarse al balc\u00f3n. Aquella decisi\u00f3n le iba a costar caro.\u00a0Una bala traicionera fue a herirla en el vientre. Su situaci\u00f3n era doblemente grave, pues estaba embarazada.<\/p>\n<p style=\"text-align: justify;\">Pronto acudi\u00f3 en su ayuda una ambulancia. En ella viajaba un bombero para, precisamente, ayudar en el traslado de la mujer.\u00a0Tras recoger a Hauxine,\u00a0la ambulancia march\u00f3 a toda prisa con direcci\u00f3n a la Casa de Socorro, en la calle Easo con Larramendi, en pleno centro de la batalla.<\/p>\n<p style=\"text-align: justify;\">En este preciso instante, la desgracia vuelve a cebarse con nuestra protagonista: la ambulancia fue tiroteada. Una de las balas que atravesaron la parte trasera del veh\u00edculo, fue a herirla mortalmente\u00a0en la boca. El bombero que la acompa\u00f1aba solo recibi\u00f3 un rasgu\u00f1o en una oreja y la suerte de poder ver su guerrera agujereada por las balas sin mayores consecuencias.<\/p>\n<p style=\"text-align: justify;\">Tan pronto como lleg\u00f3 la ambulancia al ben\u00e9fico establecimiento, el m\u00e9dico, tras ver que no pod\u00eda hacer nada por\u00a0Hauxine y contemplando el avanzado estado de gestaci\u00f3n, decidi\u00f3 practicarle una ces\u00e1rea en un intento de salvar al beb\u00e9. Fue in\u00fatil, la criatura morir\u00eda pocos instantes despu\u00e9s de la operaci\u00f3n.<\/p>\n<p style=\"text-align: justify;\">Hauxine Harmens se convirti\u00f3 oficialmente en la primera persona en ser atendida en la Casa de Socorro durante la batalla de San Sebasti\u00e1n y la primera v\u00edctima de la Guerra Civil en San Sebasti\u00e1n. Apenas contaba con 28 a\u00f1os. Su muerte, junto la sensaci\u00f3n de inseguridad y el cierre de comunicaciones, har\u00e1 que los extranjeros residentes en la ciudad empiecen a pensar en la evacuaci\u00f3n.<\/p>\n<p style=\"text-align: right;\"><strong>ION URRESTARAZU PARADA<\/strong><\/p>\n<!-- AddThis Advanced Settings generic via filter on the_content --><!-- AddThis Share Buttons generic via filter on the_content -->","protected":false},"excerpt":{"rendered":"<p>&nbsp; HAUXINE HARMENS, LA PRIMERA V\u00cdCTIMA DE LA GUERRA CIVIL EN SAN SEBASTI\u00c1N Hoy, &#8220;D\u00eda de la Mujer&#8221;, he decidido recuperar esta dram\u00e1tica historia, desconocida para muchos, sobre la primera v\u00edctima oficial de la Guerra Civil Espa\u00f1ola en San Sebasti\u00e1n: Hauxine Harmens, esposa del c\u00f3nsul de Finlandia. En la madrugada\u00a0del mi\u00e9rcoles 22 de julio de [&hellip;]<!-- AddThis Advanced Settings generic via filter on get_the_excerpt --><!-- AddThis Share Buttons generic via filter on get_the_excerpt --><\/p>\n","protected":false},"author":120,"featured_media":0,"comment_status":"open","ping_status":"closed","sticky":false,"template":"","format":"standard","meta":[],"categories":[2,34,4],"tags":[],"_links":{"self":[{"href":"https:\/\/blogs.diariovasco.com\/miradas-peaton\/wp-json\/wp\/v2\/posts\/192"}],"collection":[{"href":"https:\/\/blogs.diariovasco.com\/miradas-peaton\/wp-json\/wp\/v2\/posts"}],"about":[{"href":"https:\/\/blogs.diariovasco.com\/miradas-peaton\/wp-json\/wp\/v2\/types\/post"}],"author":[{"embeddable":true,"href":"https:\/\/blogs.diariovasco.com\/miradas-peaton\/wp-json\/wp\/v2\/users\/120"}],"replies":[{"embeddable":true,"href":"https:\/\/blogs.diariovasco.com\/miradas-peaton\/wp-json\/wp\/v2\/comments?post=192"}],"version-history":[{"count":3,"href":"https:\/\/blogs.diariovasco.com\/miradas-peaton\/wp-json\/wp\/v2\/posts\/192\/revisions"}],"predecessor-version":[{"id":196,"href":"https:\/\/blogs.diariovasco.com\/miradas-peaton\/wp-json\/wp\/v2\/posts\/192\/revisions\/196"}],"wp:attachment":[{"href":"https:\/\/blogs.diariovasco.com\/miradas-peaton\/wp-json\/wp\/v2\/media?parent=192"}],"wp:term":[{"taxonomy":"category","embeddable":true,"href":"https:\/\/blogs.diariovasco.com\/miradas-peaton\/wp-json\/wp\/v2\/categories?post=192"},{"taxonomy":"post_tag","embeddable":true,"href":"https:\/\/blogs.diariovasco.com\/miradas-peaton\/wp-json\/wp\/v2\/tags?post=192"}],"curies":[{"name":"wp","href":"https:\/\/api.w.org\/{rel}","templated":true}]}}