{"id":295,"date":"2018-09-01T06:01:56","date_gmt":"2018-09-01T04:01:56","guid":{"rendered":"https:\/\/blogs.diariovasco.com\/miradas-peaton\/?p=295"},"modified":"2018-09-01T06:01:56","modified_gmt":"2018-09-01T04:01:56","slug":"la-desaparecida-placa-de-urgull","status":"publish","type":"post","link":"https:\/\/blogs.diariovasco.com\/miradas-peaton\/2018\/09\/01\/la-desaparecida-placa-de-urgull\/","title":{"rendered":"La desaparecida placa de Urgull."},"content":{"rendered":"<div id=\"attachment_296\" style=\"width: 1034px\" class=\"wp-caption aligncenter\"><a href=\"https:\/\/static-blogs.diariovasco.com\/wp-content\/uploads\/sites\/88\/2018\/09\/Foto-Placa-Definitiva2.jpg\"><img aria-describedby=\"caption-attachment-296\" loading=\"lazy\" class=\"size-large wp-image-296\" src=\"https:\/\/static-blogs.diariovasco.com\/wp-content\/uploads\/sites\/88\/2018\/09\/Foto-Placa-Definitiva2-1024x747.jpg\" alt=\"La placa de Urgull, restaruada. Foto Ion Urrestarazu.\" width=\"1024\" height=\"747\" srcset=\"https:\/\/static-blogs.diariovasco.com\/wp-content\/uploads\/sites\/88\/2018\/09\/Foto-Placa-Definitiva2-1024x747.jpg 1024w, https:\/\/static-blogs.diariovasco.com\/wp-content\/uploads\/sites\/88\/2018\/09\/Foto-Placa-Definitiva2-300x219.jpg 300w, https:\/\/static-blogs.diariovasco.com\/wp-content\/uploads\/sites\/88\/2018\/09\/Foto-Placa-Definitiva2-768x560.jpg 768w\" sizes=\"(max-width: 1024px) 100vw, 1024px\" \/><\/a><p id=\"caption-attachment-296\" class=\"wp-caption-text\"><em>La placa de Urgull, restaruada. Foto Ion Urrestarazu.<\/em><\/p><\/div>\n<p>&nbsp;<\/p>\n<h1 style=\"text-align: center;\">La desaparecida placa de Urgull.<\/h1>\n<h2 style=\"text-align: center;\">55 aniversario de su colocaci\u00f3n<\/h2>\n<p style=\"text-align: justify;\">En 1963, durante los actos de conmemoraci\u00f3n del 150 aniversario de la destrucci\u00f3n de San Sebasti\u00e1n, fue colocada en el castillo de la Mota una placa. Hoy trataremos de la historia de dicho objeto.<\/p>\n<p style=\"text-align: justify;\"><strong>EL 150 ANIVERSARIO<\/strong><\/p>\n<p style=\"text-align: justify;\">A finales de los 50, las autoridades del Ayuntamiento, junto con las del Gobierno Militar, impulsaron todo un programa de recuperaci\u00f3n del monte Urgull, cuyo punto final fueron las apote\u00f3sicas celebraciones del 150 aniversario. Dentro de los diversos actos que se sucedieron, se inauguraron en el castillo el museo hist\u00f3rico-militar y la placa de la que hoy les hablo.<\/p>\n<p style=\"text-align: justify;\">La placa tiene la siguiente inscripci\u00f3n, en may\u00fasculas: <em>&#8220;Representaciones militares de Francia, Inglaterra, Portugal y Espa\u00f1a, hermanadas en la concordia, descubren esta l\u00e1pida en recuerdo del hero\u00edsmo de los soldados que lucharon bravamente al pie de estos muros defendiendo el honor y la independencia de sus patrias; y rinden homenaje de admiraci\u00f3n y respeto a la ciudad de San Sebasti\u00e1n, que despu\u00e9s de sufrir pacientemente en la guerra supo alcanzar los laureles de su resurgimiento en el esfuerzo de la paz. \/ 31 de Agosto de 1813 \u2014 31 de Agosto de 1963&#8221;.<\/em><\/p>\n<p style=\"text-align: justify;\">Curiosamente, en la pen\u00faltima frase, el cantero cometi\u00f3 un error. Donde pone &#8220;sufrir&#8221;, puede leerse sobrescrito &#8220;paci&#8221;. Al parecer, el hombre, con las prisas, comenz\u00f3 a escribir &#8220;pacientemente&#8221;, olvid\u00e1ndose antes de &#8220;sufrir&#8221;.<\/p>\n<p style=\"text-align: justify;\"><strong>POL\u00c9MICA TRAS EL BICENTENARIO<\/strong><\/p>\n<p style=\"text-align: justify;\">El 15 de septiembre de 2013, tras un bochornoso bicentenario comprometido por teor\u00edas pseudohist\u00f3ricas, la alcald\u00eda, bajo la administraci\u00f3n de Bildu, decidi\u00f3 retirar la placa arguyendo apolog\u00eda al militarismo. Seguramente, pese a no hacer una apolog\u00eda directa al franquismo, el simple hecho de haber sido colocada durante el mismo, sentenci\u00f3 su existencia.<\/p>\n<p style=\"text-align: justify;\">Adem\u00e1s, el 16 de marzo de ese mismo a\u00f1o, se hab\u00eda inaugurado otro monumento que reivindicaba el car\u00e1cter civil del acontecimiento hist\u00f3rico. Se trata de la escultura &#8220;Reconstrucci\u00f3n&#8221;, obra de Dora Salazar, sita en la plazuela de Valle Lersundi, a la vera de la calle 31 de Agosto.<\/p>\n<p style=\"text-align: justify;\">Llegado el verano de 2015, con Bildu ya fuera de la alcald\u00eda, el PSE hizo varias gestiones para la recolocaci\u00f3n de la placa, consigui\u00e9ndolo. Evidentemente hubo quien se opuso. El concejal de EH Bildu Axier Jaka pidi\u00f3 su retirada, sin conseguirla. Y poco tiempo durar\u00eda colocada en su sitio. Ese mismo a\u00f1o, en una fecha tan se\u00f1alada como el 12 de octubre\u2014Fiesta nacional de Espa\u00f1a\u2014, unos desconocidos, con nocturnidad y alevos\u00eda, allanaron el castillo de la Mota, destroz\u00e1ndola.<\/p>\n<p style=\"text-align: justify;\">Tras este desagradable suceso, los pedazos fueron minuciosamente recogidos y, posteriormente, almacenados en Igara. Tanto el Ayuntamiento como el Museo de San Telmo, sin \u00e1nimo de entrar en pol\u00e9micas, se desentendieron de una posible restauraci\u00f3n y reubicaci\u00f3n del objeto.<\/p>\n<p style=\"text-align: justify;\"><strong>EN LA ACTUALIDAD<\/strong><\/p>\n<p style=\"text-align: justify;\">En agosto de 2016, tras lograr el benepl\u00e1cito del Ayuntamiento y los permisos pertinentes para su traslado, la Sala Hist\u00f3rica del Acuartelamiento Loyola se hizo cargo de la placa, corriendo la restauraci\u00f3n a cargo de personal civil. En la actualidad, la placa permanece exhibida en dicho museo, en la sala dedicada a la historia b\u00e9lica de Guip\u00fazcoa.<\/p>\n<p style=\"text-align: right;\"><strong>ION URRESTARAZU PARADA<\/strong><\/p>\n<!-- AddThis Advanced Settings generic via filter on the_content --><!-- AddThis Share Buttons generic via filter on the_content -->","protected":false},"excerpt":{"rendered":"<p>&nbsp; La desaparecida placa de Urgull. 55 aniversario de su colocaci\u00f3n En 1963, durante los actos de conmemoraci\u00f3n del 150 aniversario de la destrucci\u00f3n de San Sebasti\u00e1n, fue colocada en el castillo de la Mota una placa. Hoy trataremos de la historia de dicho objeto. EL 150 ANIVERSARIO A finales de los 50, las autoridades [&hellip;]<!-- AddThis Advanced Settings generic via filter on get_the_excerpt --><!-- AddThis Share Buttons generic via filter on get_the_excerpt --><\/p>\n","protected":false},"author":120,"featured_media":0,"comment_status":"open","ping_status":"closed","sticky":false,"template":"","format":"standard","meta":[],"categories":[34,47,4,23,1],"tags":[],"_links":{"self":[{"href":"https:\/\/blogs.diariovasco.com\/miradas-peaton\/wp-json\/wp\/v2\/posts\/295"}],"collection":[{"href":"https:\/\/blogs.diariovasco.com\/miradas-peaton\/wp-json\/wp\/v2\/posts"}],"about":[{"href":"https:\/\/blogs.diariovasco.com\/miradas-peaton\/wp-json\/wp\/v2\/types\/post"}],"author":[{"embeddable":true,"href":"https:\/\/blogs.diariovasco.com\/miradas-peaton\/wp-json\/wp\/v2\/users\/120"}],"replies":[{"embeddable":true,"href":"https:\/\/blogs.diariovasco.com\/miradas-peaton\/wp-json\/wp\/v2\/comments?post=295"}],"version-history":[{"count":3,"href":"https:\/\/blogs.diariovasco.com\/miradas-peaton\/wp-json\/wp\/v2\/posts\/295\/revisions"}],"predecessor-version":[{"id":299,"href":"https:\/\/blogs.diariovasco.com\/miradas-peaton\/wp-json\/wp\/v2\/posts\/295\/revisions\/299"}],"wp:attachment":[{"href":"https:\/\/blogs.diariovasco.com\/miradas-peaton\/wp-json\/wp\/v2\/media?parent=295"}],"wp:term":[{"taxonomy":"category","embeddable":true,"href":"https:\/\/blogs.diariovasco.com\/miradas-peaton\/wp-json\/wp\/v2\/categories?post=295"},{"taxonomy":"post_tag","embeddable":true,"href":"https:\/\/blogs.diariovasco.com\/miradas-peaton\/wp-json\/wp\/v2\/tags?post=295"}],"curies":[{"name":"wp","href":"https:\/\/api.w.org\/{rel}","templated":true}]}}