{"id":338,"date":"2018-11-01T20:43:17","date_gmt":"2018-11-01T19:43:17","guid":{"rendered":"https:\/\/blogs.diariovasco.com\/miradas-peaton\/?p=338"},"modified":"2018-11-01T20:57:02","modified_gmt":"2018-11-01T19:57:02","slug":"338","status":"publish","type":"post","link":"https:\/\/blogs.diariovasco.com\/miradas-peaton\/2018\/11\/01\/338\/","title":{"rendered":"La tumba de Sir Gilbert Mackereth"},"content":{"rendered":"<h1 style=\"text-align: center;\">LA TUMBA DE SIR GILBERT MACKERETH<\/h1>\n<p>&nbsp;<\/p>\n<p style=\"text-align: justify;\">Paseando por el viejo cementerio civil de Polloe me encontr\u00e9 con una sencilla l\u00e1pida que rezaba lo siguiente: &#8220;In loving memory of Sir Gilbert Mackereth&#8221;\u2014\u00a1Nada menos que un sir ingl\u00e9s!, pens\u00e9\u2014. A la dedicatoria le acompa\u00f1aban las misteriosas siglas &#8220;KCMG&#8221; y &#8220;MC&#8221;. Veamos qu\u00e9 historia esconde.<\/p>\n<div id=\"attachment_342\" style=\"width: 591px\" class=\"wp-caption aligncenter\"><a href=\"https:\/\/static-blogs.diariovasco.com\/wp-content\/uploads\/sites\/88\/2018\/11\/gilberth.jpg\"><img aria-describedby=\"caption-attachment-342\" loading=\"lazy\" class=\"size-full wp-image-342\" src=\"https:\/\/static-blogs.diariovasco.com\/wp-content\/uploads\/sites\/88\/2018\/11\/gilberth.jpg\" alt=\"Dos retratos de Sir Gilberth. Fotos Internet.\" width=\"581\" height=\"477\" srcset=\"https:\/\/static-blogs.diariovasco.com\/wp-content\/uploads\/sites\/88\/2018\/11\/gilberth.jpg 581w, https:\/\/static-blogs.diariovasco.com\/wp-content\/uploads\/sites\/88\/2018\/11\/gilberth-300x246.jpg 300w\" sizes=\"(max-width: 581px) 100vw, 581px\" \/><\/a><p id=\"caption-attachment-342\" class=\"wp-caption-text\">Dos retratos de Sir Gilberth. Fotos Internet.<\/p><\/div>\n<p style=\"text-align: justify;\"><strong>SIR GILBERT MACKERETH<\/strong><\/p>\n<p style=\"text-align: justify;\">Nuestro protagonista vino al mundo un 19 de octubre de 1892, en Salford, Lancashire, en el seno de una familia acomodada y de fe protestante.<\/p>\n<p style=\"text-align: justify;\">Al estallar la Primera Guerra Mundial, se alistar\u00eda como soldado raso en los &#8220;Royal Fusiliers&#8221;. En 1915 entrar\u00eda en combate por vez primera, pasando tres meses en las trincheras de Bethune, Francia. Un a\u00f1o despu\u00e9s ser\u00eda seleccionado para convertirse en oficial y formarse en Oxford. A partir de aqu\u00ed, su carrera ser\u00e1 mete\u00f3rica.<\/p>\n<p style=\"text-align: justify;\">Convertido en teniente segundo del 17\u00ba batall\u00f3n de los &#8220;Lancashire Fusiliers&#8221;, ser\u00e1 condecorado con la &#8220;Military Cross&#8221; (MC) por su bravura en combate en St. Quentin, en la Picard\u00eda francesa. Avanz\u00f3 100 yardas para rescatar a una patrulla de soldados atrapados en tierra de nadie, bajo un fuego intenso de ametralladora.<\/p>\n<p style=\"text-align: justify;\">Poco tiempo despu\u00e9s, al sur de Cambrai, recibir\u00e1 un disparo en la pierna, quedando convaleciente durante cinco meses. Volver\u00eda al servicio pocos meses antes del fin de la guerra. Seguir\u00e1 ascendiendo hasta dirigir, como teniente coronel, el batall\u00f3n en el que estaba encuadrado. Licenciado en 1919, pasar\u00e1 a la reserva.<\/p>\n<p style=\"text-align: justify;\">En los a\u00f1os 20 comenzar\u00e1 su carrera como diplom\u00e1tico. En 1921 lo encontramos destinado en Jerusal\u00e9n, donde se casar\u00e1 con Muriel. Su carrera, principalmente, se centrar\u00e1 en el norte de \u00c1frica y Oriente Medio. Recorrer\u00e1 sucesivamente T\u00e1nger, Fez, Ad\u00eds Abeba, Damasco, Ankara&#8230;<\/p>\n<p style=\"text-align: justify;\">A finales de los 30, en Siria, ser\u00e1 testigo de la emigraci\u00f3n clandestina de los jud\u00edos que hu\u00edan del nazismo y del terrorismo \u00e1rabe, al cual intent\u00f3 hacer frente llegando a contratar un sicario. Seg\u00fan James Barr, en su libro &#8220;Una l\u00ednea en la arena&#8221;, Gilbert lo hizo para impedir que los terroristas cruzaran impunemente la frontera de la Palestina brit\u00e1nica para refugiarse en la Siria francesa.<\/p>\n<p style=\"text-align: justify;\">Tras la Segunda Guerra Mundial ser\u00e1 enviado a las Indias Orientales Holandesas\u2014actual Indonesia\u2014, donde ayudar\u00eda a restaurar el orden tras la rendici\u00f3n japonesa. Posteriormente, pasar\u00e1 a Colombia. Poco antes de terminar su carrera, ser\u00e1 nombrado &#8220;Knight Commander of the Order of St Michael and St George&#8221; (KCMG). Jubilado en 1953, se retirar\u00e1 a San Sebasti\u00e1n, falleciendo el 11 de enero de 1962.<\/p>\n<div id=\"attachment_341\" style=\"width: 986px\" class=\"wp-caption aligncenter\"><a href=\"https:\/\/static-blogs.diariovasco.com\/wp-content\/uploads\/sites\/88\/2018\/11\/Placa-en-Inglaterra.jpg\"><img aria-describedby=\"caption-attachment-341\" loading=\"lazy\" class=\"size-full wp-image-341\" src=\"https:\/\/static-blogs.diariovasco.com\/wp-content\/uploads\/sites\/88\/2018\/11\/Placa-en-Inglaterra.jpg\" alt=\"Placa en el Jard\u00edn Gallipoli, en el &quot;Fusilier Museum&quot; de Bury. Foto Internet.\" width=\"976\" height=\"677\" srcset=\"https:\/\/static-blogs.diariovasco.com\/wp-content\/uploads\/sites\/88\/2018\/11\/Placa-en-Inglaterra.jpg 976w, https:\/\/static-blogs.diariovasco.com\/wp-content\/uploads\/sites\/88\/2018\/11\/Placa-en-Inglaterra-300x208.jpg 300w, https:\/\/static-blogs.diariovasco.com\/wp-content\/uploads\/sites\/88\/2018\/11\/Placa-en-Inglaterra-768x533.jpg 768w\" sizes=\"(max-width: 976px) 100vw, 976px\" \/><\/a><p id=\"caption-attachment-341\" class=\"wp-caption-text\">Placa en el Jard\u00edn Gallipoli, en el &#8220;Fusilier Museum&#8221; de Bury. Foto Internet.<\/p><\/div>\n<p><strong>\u00a0<\/strong><\/p>\n<p style=\"text-align: justify;\"><strong>LA POL\u00c9MICA DONOSTIARRA<\/strong><\/p>\n<p style=\"text-align: justify;\">En julio de 2009, el historiador amateur Terry Dean visit\u00f3 Polloe en busca de nuestro protagonista. Tras la visita, dej\u00f3 sobre la tumba un ramo de amapolas\u2014flor simb\u00f3lica de la Gran Guerra\u2014y una nota en la que detallaba su admiraci\u00f3n por sir Gilbert.<\/p>\n<p style=\"text-align: justify;\">Meses m\u00e1s tarde, recibi\u00f3 un correo electr\u00f3nico de una mujer donostiarra que le informaba de que en la tumba hab\u00eda colocado un aviso de desalojo\u2014la antiest\u00e9tica pegatina\u2014. Dean contact\u00f3 con Polloe, y fue informado del impago del mantenimiento, que ascend\u00eda a 330\u20ac, y de que no se hab\u00edan hallado descendientes\u2014Muriel hab\u00eda fallecido en Inglaterra en 1979, sin descendencia alguna\u2014.<\/p>\n<p style=\"text-align: justify;\">En mayo de 2010, la noticia del desahucio salt\u00f3 a la prensa brit\u00e1nica. Evidentemente, cada diario trajo la noticia a su terreno, con sublimes variantes, algunas de ellas verdaderamente venenosas, donde ponen a las &#8220;spanish authorities&#8221; de Polloe por los suelos.<\/p>\n<p style=\"text-align: justify;\">Tanta propaganda tuvo sus beneficios. Dean recibi\u00f3 la oferta econ\u00f3mica del diario amarillista &#8220;The Sun&#8221; para pagar la deuda. Tambi\u00e9n recibi\u00f3 una llamada inesperada, la de un primo de Gilbert, John Sloane, de 84 a\u00f1os de edad. Todo parec\u00eda salir a pedir de boca&#8230; Pero a la hora de interesarse en pagar el alquiler, para garantizar unos a\u00f1os m\u00e1s el descanso del difunto, se encontraron con unos precios elevados. As\u00ed pues, pasaron al plan B.<\/p>\n<p style=\"text-align: justify;\">En 2011 se hizo el \u00a0pago de los 596 \u20ac de la incineraci\u00f3n, aportados por Sloan, el &#8220;Royal Regiment of Fusiliers&#8221; de Lancashire y miembros de la &#8220;Western Front Association&#8221;. Incineraci\u00f3n que, por cierto, ocurri\u00f3 en la ir\u00f3nica fecha del 31 de agosto. Las cenizas fueron trasladadas a Inglaterra y enterradas en el Jard\u00edn Gallipoli, en el &#8220;Fusilier Museum&#8221; de Bury, el 11 de noviembre, fecha conmemorativa del Armisticio.<\/p>\n<p style=\"text-align: justify;\">Una \u00faltima curiosidad. Se cree que es el \u00faltimo soldado de la Primera Guerra Mundial en ser repatriado a Inglaterra, al menos desde que en 1920 se enterrase a un soldado an\u00f3nimo en la londinense Abad\u00eda de Westminster.<\/p>\n<p style=\"text-align: right;\"><strong>ION URRESTARAZU PARADA<\/strong><\/p>\n<!-- AddThis Advanced Settings generic via filter on the_content --><!-- AddThis Share Buttons generic via filter on the_content -->","protected":false},"excerpt":{"rendered":"<p>La historia que oculta la tumba de un sir brit\u00e1nico, en el donostiarra cementerio de Polloe.<!-- AddThis Advanced Settings generic via filter on get_the_excerpt --><!-- AddThis Share Buttons generic via filter on get_the_excerpt --><\/p>\n","protected":false},"author":120,"featured_media":339,"comment_status":"open","ping_status":"closed","sticky":false,"template":"","format":"standard","meta":[],"categories":[47,4,23],"tags":[],"_links":{"self":[{"href":"https:\/\/blogs.diariovasco.com\/miradas-peaton\/wp-json\/wp\/v2\/posts\/338"}],"collection":[{"href":"https:\/\/blogs.diariovasco.com\/miradas-peaton\/wp-json\/wp\/v2\/posts"}],"about":[{"href":"https:\/\/blogs.diariovasco.com\/miradas-peaton\/wp-json\/wp\/v2\/types\/post"}],"author":[{"embeddable":true,"href":"https:\/\/blogs.diariovasco.com\/miradas-peaton\/wp-json\/wp\/v2\/users\/120"}],"replies":[{"embeddable":true,"href":"https:\/\/blogs.diariovasco.com\/miradas-peaton\/wp-json\/wp\/v2\/comments?post=338"}],"version-history":[{"count":7,"href":"https:\/\/blogs.diariovasco.com\/miradas-peaton\/wp-json\/wp\/v2\/posts\/338\/revisions"}],"predecessor-version":[{"id":348,"href":"https:\/\/blogs.diariovasco.com\/miradas-peaton\/wp-json\/wp\/v2\/posts\/338\/revisions\/348"}],"wp:featuredmedia":[{"embeddable":true,"href":"https:\/\/blogs.diariovasco.com\/miradas-peaton\/wp-json\/wp\/v2\/media\/339"}],"wp:attachment":[{"href":"https:\/\/blogs.diariovasco.com\/miradas-peaton\/wp-json\/wp\/v2\/media?parent=338"}],"wp:term":[{"taxonomy":"category","embeddable":true,"href":"https:\/\/blogs.diariovasco.com\/miradas-peaton\/wp-json\/wp\/v2\/categories?post=338"},{"taxonomy":"post_tag","embeddable":true,"href":"https:\/\/blogs.diariovasco.com\/miradas-peaton\/wp-json\/wp\/v2\/tags?post=338"}],"curies":[{"name":"wp","href":"https:\/\/api.w.org\/{rel}","templated":true}]}}