{"id":349,"date":"2018-11-09T01:42:34","date_gmt":"2018-11-09T00:42:34","guid":{"rendered":"https:\/\/blogs.diariovasco.com\/miradas-peaton\/?p=349"},"modified":"2018-11-09T01:42:34","modified_gmt":"2018-11-09T00:42:34","slug":"el-final-de-la-gran-guerra-en-san-sebastian-1918-2018","status":"publish","type":"post","link":"https:\/\/blogs.diariovasco.com\/miradas-peaton\/2018\/11\/09\/el-final-de-la-gran-guerra-en-san-sebastian-1918-2018\/","title":{"rendered":"El final de la Gran Guerra en San Sebasti\u00e1n (1918-2018)"},"content":{"rendered":"<p style=\"text-align: center;\"><strong>EL FINAL DE LA GRAN GUERRA EN SAN SEBASTI\u00c1N<\/strong><\/p>\n<p style=\"text-align: center;\"><strong>(1918-2018)<\/strong><\/p>\n<p><strong>LLEGA LA NOTICIA<\/strong><\/p>\n<p style=\"text-align: justify;\">Durante la ma\u00f1ana del 11 de noviembre de 1918, una noticia sacudi\u00f3 San Sebasti\u00e1n: el armisticio se hab\u00eda firmado. La Gran Guerra hab\u00eda terminado. La gente se ech\u00f3 a la calle, abraz\u00e1ndose y felicit\u00e1ndose. Ante los escaparates de los diarios se congregaron muchedumbres para ver el breve telegrama que daba fe de la firma y el cese de las hostilidades. Los consulados pertenecientes a la Entente hicieron ondear sus banderas en los balcones, siendo muy visitados a lo largo del d\u00eda por entusiastas que quer\u00edan transmitir su alegr\u00eda. No solo los consulados hicieron ondear banderas, las sociedades francesas y muchos donostiarras engalanaron sus fachadas con los estandartes Aliados.<\/p>\n<p style=\"text-align: justify;\">Por la tarde, la gente se ech\u00f3 nuevamente a la calle, para participar en el improvisado ambiente festivo. En los caf\u00e9s dejaron de escucharse las discusiones banderizas, girando las conversaciones hacia el entusiasmo por el fin del conflicto. Las instituciones francesas de la ciudad se convirtieron en el epicentro de las celebraciones. En las Escuelas Francesas, la directora, Mme. Miguras\u2014su marido e hijos estaban en el frente\u2014, concedi\u00f3 el d\u00eda libre al alumnado, obsequi\u00e1ndolo con una merienda. Al C\u00edrculo Franc\u00e9s acudi\u00f3 mucho p\u00fablico, y, pese a no haberse organizado ning\u00fan acto oficial, se improvis\u00f3 un baile bajo los acordes del piano, que dur\u00f3 hasta la noche.<\/p>\n<p style=\"text-align: justify;\">Al anochecer, una espont\u00e1nea manifestaci\u00f3n formada por solo siete entusiastas, recorri\u00f3 las calles, portando la bandera de Francia, cantando y lanzando vivas, siendo coreados por el p\u00fablico. No hubo mayor manifestaci\u00f3n, ni tan siquiera se escuch\u00f3 La Marsellesa, al contrario que en otros lugares de la provincia.<\/p>\n<p>&nbsp;<\/p>\n<div id=\"attachment_350\" style=\"width: 1034px\" class=\"wp-caption aligncenter\"><a href=\"https:\/\/static-blogs.diariovasco.com\/wp-content\/uploads\/sites\/88\/2018\/11\/PGM-Hormiga-de-Oro.jpg\"><img aria-describedby=\"caption-attachment-350\" loading=\"lazy\" class=\"size-large wp-image-350\" src=\"https:\/\/static-blogs.diariovasco.com\/wp-content\/uploads\/sites\/88\/2018\/11\/PGM-Hormiga-de-Oro-1024x428.jpg\" alt=\"C\u00f3nsules y dem\u00e1s participantes en el banquete del Gran Casino. Hormiga de Oro.\" width=\"1024\" height=\"428\" srcset=\"https:\/\/static-blogs.diariovasco.com\/wp-content\/uploads\/sites\/88\/2018\/11\/PGM-Hormiga-de-Oro-1024x428.jpg 1024w, https:\/\/static-blogs.diariovasco.com\/wp-content\/uploads\/sites\/88\/2018\/11\/PGM-Hormiga-de-Oro-300x125.jpg 300w, https:\/\/static-blogs.diariovasco.com\/wp-content\/uploads\/sites\/88\/2018\/11\/PGM-Hormiga-de-Oro-768x321.jpg 768w, https:\/\/static-blogs.diariovasco.com\/wp-content\/uploads\/sites\/88\/2018\/11\/PGM-Hormiga-de-Oro.jpg 1920w\" sizes=\"(max-width: 1024px) 100vw, 1024px\" \/><\/a><p id=\"caption-attachment-350\" class=\"wp-caption-text\">C\u00f3nsules y dem\u00e1s participantes en el banquete del Gran Casino. Hormiga de Oro.<\/p><\/div>\n<p>&nbsp;<\/p>\n<p><strong>LA FIESTA NO ACABA<\/strong><\/p>\n<p style=\"text-align: justify;\">Al d\u00eda siguiente, el ambiente festivo no disminuy\u00f3, sino que aument\u00f3. Siendo as\u00ed, que a primera hora de la tarde hubo una manifestaci\u00f3n que recorri\u00f3 las calles. Pero esta no ser\u00eda tan grande como la que suceder\u00eda esa misma noche.<\/p>\n<p style=\"text-align: justify;\">A las siete de la tarde, en el C\u00edrculo Franc\u00e9s, el Comit\u00e9 de Guerra franc\u00e9s celebr\u00f3 un acto en honor de B\u00e9lgica, en el que se hizo entrega de una bandera al c\u00f3nsul belga Jacquemin. Terminado el sencillo pero conmovedor acto, se present\u00f3 ante el local la banda Iruchulo, que interpret\u00f3 La Marsellesa y el himno de B\u00e9lgica, llevando este \u00faltimo al p\u00fablico casi al paroxismo. Mientras esto suced\u00eda, en Alderdi-Eder se tiraban cohetes. La banda prosigui\u00f3 con m\u00e1s himnos hasta que se dio por terminado el acto, \u00a0y, encabezando la posterior manifestaci\u00f3n, al son del &#8220;Tipperary&#8221;, recorri\u00f3 el centro de la ciudad, terminando en el Hotel Mar\u00eda Cristina. A la entrada del mismo, donde luc\u00edan las banderas aliadas, se volvi\u00f3 a tocar La Marsellesa y dem\u00e1s himnos. La manifestaci\u00f3n volvi\u00f3 a ponerse en marcha, para visitar los consulados de Inglaterra, Francia y B\u00e9lgica, adem\u00e1s del diario republicano La Voz de Guip\u00fazcoa y nuevamente el C\u00edrculo Franc\u00e9s.<\/p>\n<p style=\"text-align: justify;\">Ese mismo d\u00eda tambi\u00e9n hubo un banquete conmemorativo, organizado por los empleados de la Societ\u00e9 G\u00e9n\u00e9rale en el Hotel Europa. Pero no ser\u00eda hasta el d\u00eda 17, cuando se celebrase un gran banquete en honor a las naciones aliadas, y que se ofreci\u00f3 en el Gran Casino. Los platos que se sirvieron iban decorados para la ocasi\u00f3n con lacitos con los colores de las banderas aliadas. A la hora del champagne, se di\u00f3 lectura a los telegramas de adhesi\u00f3n, enviados por diferentes localidades guipuzcoanas, y se procedi\u00f3 a los brindis y los discursos, en los que participaron Manuel Rezola como presidente de la sociedad &#8220;Amistad hispano-francesa&#8221; y los c\u00f3nsules de Francia, Inglaterra y B\u00e9lgica. Tambi\u00e9n particip\u00f3 el pintor Ignacio Zuloaga, que, subido a una silla y con breves palabras, record\u00f3 a los 27.000 espa\u00f1oles ca\u00eddos en el frente franc\u00e9s. El acto finaliz\u00f3 con La Marsellesa y un himno al mariscal Foch. Ese mismo d\u00eda, tambi\u00e9n hubo banquetes conmemorativos en los restaurantes del Hotel Continental y &#8220;La Urbana&#8221;, donde el poeta Emilio Pis\u00f3n ley\u00f3 su creaci\u00f3n &#8220;Canto a Francia&#8221;.<\/p>\n<p style=\"text-align: justify;\">Al caer la noche, en las Escuelas Francesas se celebr\u00f3 un acto organizado por &#8220;Amistad hispano-francesa&#8221;. Ante una concurrencia que abarrotaba el sal\u00f3n, se dieron discursos, cantaron himnos y se exhibieron pel\u00edculas con los \u00faltimos combates de la guerra. Luego, los ni\u00f1os de las Escuelas recitaron poes\u00edas y cantaron varias canciones. Tambi\u00e9n hubo un lunch, preparado por el Hotel Continental. El acto termin\u00f3 con un \u00a0baile, que durar\u00eda hasta las primeras horas de la madrugada.<\/p>\n<p>&nbsp;<\/p>\n<div id=\"attachment_355\" style=\"width: 655px\" class=\"wp-caption aligncenter\"><a href=\"https:\/\/static-blogs.diariovasco.com\/wp-content\/uploads\/sites\/88\/2018\/11\/1110777.jpg\"><img aria-describedby=\"caption-attachment-355\" loading=\"lazy\" class=\"size-large wp-image-355\" src=\"https:\/\/static-blogs.diariovasco.com\/wp-content\/uploads\/sites\/88\/2018\/11\/1110777-645x1024.jpg\" alt=\"Monumento a los ca\u00eddos por Francia. Guregipuzkoa.\" width=\"645\" height=\"1024\" srcset=\"https:\/\/static-blogs.diariovasco.com\/wp-content\/uploads\/sites\/88\/2018\/11\/1110777.jpg 645w, https:\/\/static-blogs.diariovasco.com\/wp-content\/uploads\/sites\/88\/2018\/11\/1110777-189x300.jpg 189w\" sizes=\"(max-width: 645px) 100vw, 645px\" \/><\/a><p id=\"caption-attachment-355\" class=\"wp-caption-text\">Monumento a los ca\u00eddos por Francia. <a href=\"http:\/\/www.guregipuzkoa.eus\/es\/?s=guerra+mundial&amp;lang=es#gallery\/53b414822d9e798b565bd96580cf859e\/98587\/comments\" rel=\"external nofollow\">Guregipuzkoa<\/a>.<\/p><\/div>\n<p>&nbsp;<\/p>\n<p><strong>LOS CA\u00cdDOS<\/strong><\/p>\n<p style=\"text-align: justify;\">No todo fue felicidad. La guerra hab\u00eda segado la vida de muchos donostiarras que por obligaci\u00f3n o voluntad marcharon a combatir y nunca volvieron, dejando hu\u00e9rfanos y viudas. Un a\u00f1o m\u00e1s tarde se inaugurar\u00eda en el patio de la Casa de Francia un monumento conmemorativo que recoger\u00eda los nombres de los ca\u00eddos: 59 franceses, 35 espa\u00f1oles y 3 belgas.<\/p>\n<p>&nbsp;<\/p>\n<p style=\"text-align: right;\"><strong>ION URRESTARAZU PARADA<\/strong><\/p>\n<p>&nbsp;<\/p>\n<p>&nbsp;<\/p>\n<p><strong>\u00a0<\/strong><\/p>\n<!-- AddThis Advanced Settings generic via filter on the_content --><!-- AddThis Share Buttons generic via filter on the_content -->","protected":false},"excerpt":{"rendered":"<p>EL FINAL DE LA GRAN GUERRA EN SAN SEBASTI\u00c1N (1918-2018) LLEGA LA NOTICIA Durante la ma\u00f1ana del 11 de noviembre de 1918, una noticia sacudi\u00f3 San Sebasti\u00e1n: el armisticio se hab\u00eda firmado. La Gran Guerra hab\u00eda terminado. La gente se ech\u00f3 a la calle, abraz\u00e1ndose y felicit\u00e1ndose. Ante los escaparates de los diarios se congregaron [&hellip;]<!-- AddThis Advanced Settings generic via filter on get_the_excerpt --><!-- AddThis Share Buttons generic via filter on get_the_excerpt --><\/p>\n","protected":false},"author":120,"featured_media":354,"comment_status":"open","ping_status":"closed","sticky":false,"template":"","format":"standard","meta":[],"categories":[47,4,23,49],"tags":[],"_links":{"self":[{"href":"https:\/\/blogs.diariovasco.com\/miradas-peaton\/wp-json\/wp\/v2\/posts\/349"}],"collection":[{"href":"https:\/\/blogs.diariovasco.com\/miradas-peaton\/wp-json\/wp\/v2\/posts"}],"about":[{"href":"https:\/\/blogs.diariovasco.com\/miradas-peaton\/wp-json\/wp\/v2\/types\/post"}],"author":[{"embeddable":true,"href":"https:\/\/blogs.diariovasco.com\/miradas-peaton\/wp-json\/wp\/v2\/users\/120"}],"replies":[{"embeddable":true,"href":"https:\/\/blogs.diariovasco.com\/miradas-peaton\/wp-json\/wp\/v2\/comments?post=349"}],"version-history":[{"count":19,"href":"https:\/\/blogs.diariovasco.com\/miradas-peaton\/wp-json\/wp\/v2\/posts\/349\/revisions"}],"predecessor-version":[{"id":372,"href":"https:\/\/blogs.diariovasco.com\/miradas-peaton\/wp-json\/wp\/v2\/posts\/349\/revisions\/372"}],"wp:featuredmedia":[{"embeddable":true,"href":"https:\/\/blogs.diariovasco.com\/miradas-peaton\/wp-json\/wp\/v2\/media\/354"}],"wp:attachment":[{"href":"https:\/\/blogs.diariovasco.com\/miradas-peaton\/wp-json\/wp\/v2\/media?parent=349"}],"wp:term":[{"taxonomy":"category","embeddable":true,"href":"https:\/\/blogs.diariovasco.com\/miradas-peaton\/wp-json\/wp\/v2\/categories?post=349"},{"taxonomy":"post_tag","embeddable":true,"href":"https:\/\/blogs.diariovasco.com\/miradas-peaton\/wp-json\/wp\/v2\/tags?post=349"}],"curies":[{"name":"wp","href":"https:\/\/api.w.org\/{rel}","templated":true}]}}