{"id":374,"date":"2018-12-08T06:18:13","date_gmt":"2018-12-08T05:18:13","guid":{"rendered":"https:\/\/blogs.diariovasco.com\/miradas-peaton\/?p=374"},"modified":"2018-12-08T06:37:18","modified_gmt":"2018-12-08T05:37:18","slug":"la-fiesta-de-la-infanteria-1918","status":"publish","type":"post","link":"https:\/\/blogs.diariovasco.com\/miradas-peaton\/2018\/12\/08\/la-fiesta-de-la-infanteria-1918\/","title":{"rendered":"La fiesta de la Infanter\u00eda (1918)."},"content":{"rendered":"<div id=\"attachment_375\" style=\"width: 1034px\" class=\"wp-caption aligncenter\"><a href=\"https:\/\/static-blogs.diariovasco.com\/wp-content\/uploads\/sites\/88\/2018\/12\/banda-del-regimiento-sicilia-en-san-telmo-72599_ca_object_representations_media_106270_original.jpg\"><img aria-describedby=\"caption-attachment-375\" loading=\"lazy\" class=\"size-large wp-image-375\" src=\"https:\/\/static-blogs.diariovasco.com\/wp-content\/uploads\/sites\/88\/2018\/12\/banda-del-regimiento-sicilia-en-san-telmo-72599_ca_object_representations_media_106270_original-1024x665.jpg\" alt=\"La banda del regimiento Sicilia tocando en el patio del cuartel de San Telmo. Kutxateka.\" width=\"1024\" height=\"665\" srcset=\"https:\/\/static-blogs.diariovasco.com\/wp-content\/uploads\/sites\/88\/2018\/12\/banda-del-regimiento-sicilia-en-san-telmo-72599_ca_object_representations_media_106270_original.jpg 1024w, https:\/\/static-blogs.diariovasco.com\/wp-content\/uploads\/sites\/88\/2018\/12\/banda-del-regimiento-sicilia-en-san-telmo-72599_ca_object_representations_media_106270_original-300x195.jpg 300w, https:\/\/static-blogs.diariovasco.com\/wp-content\/uploads\/sites\/88\/2018\/12\/banda-del-regimiento-sicilia-en-san-telmo-72599_ca_object_representations_media_106270_original-768x499.jpg 768w\" sizes=\"(max-width: 1024px) 100vw, 1024px\" \/><\/a><p id=\"caption-attachment-375\" class=\"wp-caption-text\"><em>La banda del regimiento Sicilia tocando en el patio del cuartel de San Telmo. Kutxateka.<\/em><\/p><\/div>\n<p>&nbsp;<\/p>\n<p style=\"text-align: justify;\">Como cada diciembre, el entonces regimiento de infanter\u00eda n\u00famero 7 &#8220;Sicilia&#8221;, organiz\u00f3 diversos festejos para conmemorar la fiesta de la Inmaculada Concepci\u00f3n. He aqu\u00ed el programa y el desarrollo de los mismos.<\/p>\n<p style=\"text-align: justify;\"><strong>PROGRAMA:<\/strong><\/p>\n<p style=\"padding-left: 30px; text-align: justify;\"><em><strong>DIA 7.<\/strong>\u2014A las 12 de la ma\u00f1ana. Disparo de cohetes y chupinazos anunciar\u00e1n el principio de las fiestas.<\/em><\/p>\n<p style=\"padding-left: 30px; text-align: justify;\"><em>La m\u00fasica y banda del regimiento, despu\u00e9s de tocar diana en el cuartel, recorrer\u00e1n las calles de las inmediaciones precedidas de la comparsa de jigantes y cabezudos.<\/em><\/p>\n<p style=\"padding-left: 30px; text-align: justify;\"><em>A las tres de la tarde.\u2014Gran funci\u00f3n de gala en el Teatro Victoria Eugenia.<\/em><\/p>\n<p style=\"padding-left: 30px; text-align: justify;\"><em>1.\u00ba\u2014&#8221;Ecos del arroyo&#8221; pot-pourri del maestro don Manuel Aroca, por la m\u00fasica del regimiento.<\/em><\/p>\n<p style=\"padding-left: 30px; text-align: justify;\"><em>2.\u00aa\u2014El juguete c\u00f3mico en un acto y en prosa arreglado del franc\u00e9s por Nonato Ovejuna Inia titulado<\/em><\/p>\n<p style=\"padding-left: 30px; text-align: center;\"><em>HAMBRE ATRASADA<\/em><\/p>\n<p style=\"padding-left: 30px; text-align: justify;\"><em>3.\u00ba\u2014Cinemat\u00f3grafo. Una pel\u00edcula c\u00f3mica.<\/em><\/p>\n<p style=\"padding-left: 30px; text-align: justify;\"><em>4.\u00ba\u2014Bailes regionales, por la notable bailarina, &#8220;CIRCE&#8221;, que se ha prestado a tener parte en la fiesta en honor del regimiento.<\/em><\/p>\n<p style=\"padding-left: 30px; text-align: justify;\"><em>5.\u00ba\u2014Retreta del maestro Laurent de Rill\u00e9 por el Orfe\u00f3n del regimiento.<\/em><\/p>\n<p style=\"padding-left: 30px; text-align: justify;\"><em>6.\u00ba\u2014&#8221;La canci\u00f3n del soldado&#8221; del maestro don Jos\u00e9 Serrano y letra de Sinesio Delgado, por la m\u00fasica, banda y orfe\u00f3n del regimiento.<\/em><\/p>\n<p style=\"padding-left: 30px; text-align: justify;\"><em>A las siete de la noche.\u2014Gran rifa de valiosos premios.<\/em><\/p>\n<p style=\"padding-left: 30px; text-align: justify;\"><em>Terminada la rifa, se quemar\u00e1 en el patio del cuartel, una bonita colecci\u00f3n de fuegos artificiales de la renombrada &#8220;Casa Espir\u00f3s&#8221;.<\/em><\/p>\n<p style=\"padding-left: 30px; text-align: justify;\"><em>A las ocho de la noche.\u2014Gran retreta por la banda y m\u00fasica del regimiento.<\/em><\/p>\n<p style=\"padding-left: 30px; text-align: justify;\"><em><strong>DIA 8.<\/strong>\u2014A las siete de la ma\u00f1ana Gran diana lo mismo que el d\u00eda anterior.<\/em><\/p>\n<p style=\"padding-left: 30px; text-align: justify;\"><em>A las 11 de la ma\u00f1ana.\u2014Tendr\u00e1 lugar la distribuci\u00f3n de premios a los mejores tiradores del regimiento y la imposici\u00f3n de los escudos de tirador a los que durante el curso de tiro se lo han merecido.<\/em><\/p>\n<p style=\"padding-left: 30px; text-align: justify;\"><em>A las 11,30 de la ma\u00f1ana.\u2014Misa en honor de la Excelsa Patrona en la Iglesia de Santa Mar\u00eda, estando el serm\u00f3n a cargo del elocuente orador sagrado don Fernando Ramiz, capell\u00e1n del regimiento.<\/em><\/p>\n<p style=\"padding-left: 30px; text-align: justify;\"><em>A la una de la tarde.\u2014Comida extraordinaria.<\/em><\/p>\n<p style=\"padding-left: 30px; text-align: justify;\"><em><strong>DIA 9.<\/strong>\u2014A las diez de la ma\u00f1ana. Misa en la Iglesia de Santa Mar\u00eda en sufragio del alma de los fallecidos del Arma durante el a\u00f1o.<\/em><\/p>\n<p style=\"padding-left: 30px; text-align: justify;\"><em>A las doce de la ma\u00f1ana.\u2014Concurso de &#8220;Tracci\u00f3n de la Cuerda&#8221; por equipos de Compa\u00f1\u00eda, otorg\u00e1ndose los siguientes premios:<\/em><\/p>\n<p style=\"padding-left: 30px; text-align: justify;\"><em>Una copa de Honor para la compa\u00f1\u00eda a qu\u00e9 pertenezca el equipo, y tres pesetas para cada uno de los que lo compongan.<\/em><\/p>\n<p style=\"text-align: justify;\"><strong>S\u00c1BADO, D\u00cdA 7:<\/strong><\/p>\n<p style=\"text-align: justify;\">A las 12 del mediod\u00eda, desde el patio del cuartel se dispararon los cohetes y chupinazos que anunciaron el comienzo de las fiestas. La banda de m\u00fasica, tocando el pasodoble de Soraluze &#8220;Donostiako kalean&#8221;, junto con tambores y cornetas, recorri\u00f3 las calles de la Parte Vieja\u201431 de Agosto, Narrica, Boulevard, Aldamar y Soraluce\u2014. Los m\u00fasicos iban precedidos por una comparsa de gigantes y cabezudos, cedidos por la compa\u00f1\u00eda de zarzuela de Ricardo Ruiz, del Teatro Principal, acompa\u00f1ados de dulzaina y tamboril. La Voz de Guip\u00fazcoa describe as\u00ed el ambiente festivo: &#8220;La chiquiller\u00eda, que acababa de salir de la escuela se olvid\u00f3 de ir \u00e1 comer y durante un buen rato el regocijo m\u00e1s franco rein\u00f3 en aquellos lugares.&#8221;<\/p>\n<p style=\"text-align: justify;\">A la tarde, en el teatro Victoria Eugenia, cedido por la empresa al regimiento para la ocasi\u00f3n, se realiz\u00f3 la funci\u00f3n de gala. Las butacas, palcos y plateas, estaban ocupadas por los invitados: amigos, familiares y oficiales de los distintos cuerpos de la guarnici\u00f3n; mientras que en los anfiteatros y galer\u00edas se apelotonaban los soldados. A las tres se levant\u00f3 el tel\u00f3n, tocando la banda regimental el alegre popurr\u00ed &#8220;Ecos del arroyo&#8221;, del maestro Manuel Aroca. Se represent\u00f3 el juguete c\u00f3mico &#8220;Hambre atrasada&#8221;, de Nonato Ovejuna Inia\u2014anagrama de Antonio Juan Onieva\u2014, e interpretado por los cabos Lorenzo P\u00e9rez, Victoriano Abad y Juan Garc\u00eda, y por los soldados Marcelino Gallego, F\u00e9lix Rangil, Luis Diez y Luis Lozano. Despu\u00e9s se exhibi\u00f3 una pel\u00edcula c\u00f3mica, danz\u00f3 la bailarina &#8220;Circe&#8221;\u2014siendo obsequiada por el regimiento con una &#8220;corbeille&#8221;\u2014, y, para terminar, el orfe\u00f3n del regimiento, compuesto por casi un centenar de voces, cant\u00f3 la retreta de Laurent de Rill\u00e9 y &#8220;La canci\u00f3n del soldado&#8221;. De esta \u00faltima canci\u00f3n tuvo que ser repetido el \u00faltimo canto, a causa del entusiasmo del p\u00fablico. En los entreactos y durante la proyecci\u00f3n de la pel\u00edcula, el suboficial Nieto toc\u00f3 en el piano varias composiciones.<\/p>\n<p style=\"text-align: justify;\">Ya de vuelta en el cuartel, a las siete de la tarde se celebr\u00f3 la rifa, con premios como petacas, pitilleras, relojes, etc. A esto le siguieron los fuegos artificiales, de la casa de Casto Mocoroa, con el siguiente programa:<\/p>\n<p style=\"padding-left: 30px; text-align: justify;\">1.\u00ba Faro el\u00e9ctrico de colores con c\u00edrculos y alegor\u00eda.<\/p>\n<p style=\"padding-left: 30px; text-align: justify;\">2.\u00ba Fuente giratoria con volc\u00e1n.<\/p>\n<p style=\"padding-left: 30px; text-align: justify;\">3.\u00ba Caracol de luces.<\/p>\n<p style=\"padding-left: 30px; text-align: justify;\">4.\u00ba Corona y mariposa.<\/p>\n<p style=\"padding-left: 30px; text-align: justify;\">5.\u00ba Copa de Venus y torbellino a\u00e9reo.<\/p>\n<p style=\"padding-left: 30px; text-align: justify;\">6.\u00ba La Ciudadela y surtido giratorio.<\/p>\n<p style=\"padding-left: 30px; text-align: justify;\">7-\u00ba Cascada fija con volc\u00e1n.<\/p>\n<p style=\"padding-left: 30px; text-align: justify;\">8.\u00ba Abanico americano terminado con una hermosa alegr\u00eda.<\/p>\n<p style=\"text-align: justify;\">El d\u00eda termin\u00f3 con una retreta floreada de la mano de la m\u00fasica y banda del regimiento.<\/p>\n<p style=\"text-align: justify;\"><strong>DOMINGO, D\u00cdA 8:<\/strong><\/p>\n<p style=\"text-align: justify;\">A las siete de la ma\u00f1ana, como el d\u00eda anterior, volvi\u00f3 a haber gran diana con \u00a0m\u00fasica del regimiento y banda de cornetas.<\/p>\n<p style=\"text-align: justify;\">En el patio del cuartel, a las once, se llev\u00f3 a cabo la distribuci\u00f3n de premios a los mejores tiradores del regimiento y la imposici\u00f3n de los escudos de tirador a los que en el curso de tiro sacaron mejor nota.<\/p>\n<p style=\"text-align: justify;\">A las once y media, se celebr\u00f3 en la iglesia de Santa Mar\u00eda la misa en honor de la Inmaculada, organizada por la Asociaci\u00f3n de Se\u00f1oras de la Pur\u00edsima Concepci\u00f3n. El altar mayor estaba engalanado con coronas y flores, armas y emblemas de infanter\u00eda, banderitas, etc. Asisti\u00f3 el regimiento vestido de gran gala, adem\u00e1s de mucho p\u00fablico, incluidas las autoridades, que hab\u00edan sido invitadas por la citada asociaci\u00f3n de se\u00f1oras. El serm\u00f3n, adecuado para la ocasi\u00f3n, corri\u00f3 a cargo de Fernando Ram\u00edz, capell\u00e1n del regimiento.<\/p>\n<p style=\"text-align: justify;\">Terminada la misa, el regimiento retorn\u00f3 al cuartel en un desfile deslucido a causa del mal tiempo. A la una, la tropa fue obsequiada con rancho extraordinario, con postres, caf\u00e9 y licores; mientras que los suboficiales, brigadas y sargentos comieron en el restaurante &#8220;La Urbana&#8221;. Los jefes y oficiales, en vez de celebrar banquete, destinaron el dinero para el Colegio de Hu\u00e9rfanos, como ten\u00edan por costumbre.<\/p>\n<p style=\"text-align: justify;\"><strong>LUNES, D\u00cdA 9:<\/strong><\/p>\n<p style=\"text-align: justify;\">A las diez, en la Iglesia de Santa Mar\u00eda, se realiz\u00f3 la misa por los fallecidos del Arma de Infanter\u00eda durante el a\u00f1o. Al mando del teniente coronel Alejandro Gort\u00e1zar, acudi\u00f3 el regimiento, formando un batall\u00f3n. Asistieron el gobernador militar, jefes y oficiales de infanter\u00eda, as\u00ed como las se\u00f1oras de la Asociaci\u00f3n de la Pur\u00edsima Concepci\u00f3n.<\/p>\n<p style=\"text-align: justify;\">Tras la misa, a las doce, se realiz\u00f3 concurso de &#8220;Tracci\u00f3n de la cuerda&#8221;\u2014&#8221;sokatira&#8221;\u2014, por equipos de Compa\u00f1\u00eda, otorg\u00e1ndose los siguientes premios: una copa para el equipo \u00a0ganador, y tres pesetas para cada uno de los soldados que lo compon\u00edan.<\/p>\n<p style=\"text-align: right;\"><strong>ION URRESTARAZU PARADA<\/strong><\/p>\n<!-- AddThis Advanced Settings generic via filter on the_content --><!-- AddThis Share Buttons generic via filter on the_content -->","protected":false},"excerpt":{"rendered":"<p>Como cada diciembre, el entonces regimiento de infanter\u00eda n\u00famero 7 &#8220;Sicilia&#8221;, para conmemorar la fiesta de la Pur\u00edsima Concepci\u00f3n, organiz\u00f3 diversos festejos. He aqu\u00ed el programa y el desarrollo de los mismos&#8230;<!-- AddThis Advanced Settings generic via filter on get_the_excerpt --><!-- AddThis Share Buttons generic via filter on get_the_excerpt --><\/p>\n","protected":false},"author":120,"featured_media":0,"comment_status":"open","ping_status":"closed","sticky":false,"template":"","format":"standard","meta":[],"categories":[3,47,4],"tags":[],"_links":{"self":[{"href":"https:\/\/blogs.diariovasco.com\/miradas-peaton\/wp-json\/wp\/v2\/posts\/374"}],"collection":[{"href":"https:\/\/blogs.diariovasco.com\/miradas-peaton\/wp-json\/wp\/v2\/posts"}],"about":[{"href":"https:\/\/blogs.diariovasco.com\/miradas-peaton\/wp-json\/wp\/v2\/types\/post"}],"author":[{"embeddable":true,"href":"https:\/\/blogs.diariovasco.com\/miradas-peaton\/wp-json\/wp\/v2\/users\/120"}],"replies":[{"embeddable":true,"href":"https:\/\/blogs.diariovasco.com\/miradas-peaton\/wp-json\/wp\/v2\/comments?post=374"}],"version-history":[{"count":9,"href":"https:\/\/blogs.diariovasco.com\/miradas-peaton\/wp-json\/wp\/v2\/posts\/374\/revisions"}],"predecessor-version":[{"id":384,"href":"https:\/\/blogs.diariovasco.com\/miradas-peaton\/wp-json\/wp\/v2\/posts\/374\/revisions\/384"}],"wp:attachment":[{"href":"https:\/\/blogs.diariovasco.com\/miradas-peaton\/wp-json\/wp\/v2\/media?parent=374"}],"wp:term":[{"taxonomy":"category","embeddable":true,"href":"https:\/\/blogs.diariovasco.com\/miradas-peaton\/wp-json\/wp\/v2\/categories?post=374"},{"taxonomy":"post_tag","embeddable":true,"href":"https:\/\/blogs.diariovasco.com\/miradas-peaton\/wp-json\/wp\/v2\/tags?post=374"}],"curies":[{"name":"wp","href":"https:\/\/api.w.org\/{rel}","templated":true}]}}