{"id":410,"date":"2019-08-31T10:58:52","date_gmt":"2019-08-31T08:58:52","guid":{"rendered":"https:\/\/blogs.diariovasco.com\/miradas-peaton\/?p=410"},"modified":"2019-08-31T10:58:52","modified_gmt":"2019-08-31T08:58:52","slug":"san-sebastian-1719-principales-sucesos-durante-la-invasion-francesa","status":"publish","type":"post","link":"https:\/\/blogs.diariovasco.com\/miradas-peaton\/2019\/08\/31\/san-sebastian-1719-principales-sucesos-durante-la-invasion-francesa\/","title":{"rendered":"San Sebasti\u00e1n 1719:  Principales sucesos durante la invasi\u00f3n francesa."},"content":{"rendered":"<p style=\"text-align: center;\"><strong>SAN SEBASTI\u00c1N 1719<\/strong><\/p>\n<p style=\"text-align: center;\"><strong>Principales sucesos durante la invasi\u00f3n francesa<\/strong><\/p>\n<p style=\"text-align: justify;\">\n<p style=\"text-align: justify;\">En el marco de la Guerra de la Cu\u00e1druple Alianza, la ambici\u00f3n de Felipe V sobre los territorios italianos le iba a pasar factura. En enero de 1719, tras descubrirse la llamada conspiraci\u00f3n de Cellamare\u2014urdida para derrocar al regente de Francia, Felipe de Orleans\u2014, los franceses tuvieron la excusa perfecta para declarar la guerra a Espa\u00f1a.<\/p>\n<p style=\"text-align: justify;\">\n<p style=\"text-align: justify;\"><strong>SAN SEBASTI\u00c1N SE PREPARA PARA LA GUERRA<\/strong><\/p>\n<p style=\"text-align: justify;\">Tras la declaraci\u00f3n de guerra, San Sebasti\u00e1n informa a la Corona de que est\u00e1 falta de armas y v\u00edveres. La petici\u00f3n ser\u00e1 correspondida y, adem\u00e1s, enviar\u00e1 al mariscal Blas de Loya para organizar la defensa. Mientras, la ciudad se prepara para la defensa: las murallas son reparadas y los vecinos forman milicias\u20141200 hombres en total\u2014, siendo su comandante el alcalde, Antonio de Amitesarobe. No ser\u00e1n los \u00fanicos donostiarras que destaquen. Durante el sitio, las mujeres arriesgar\u00e1n la vida ayudando en las bater\u00edas o llevando fajinas de agua a los soldados destacados fuera de las murallas.<\/p>\n<p style=\"text-align: justify;\">\n<p style=\"text-align: justify;\">Y no estar\u00e1n solos. De todas partes de Guip\u00fazcoa llegar\u00e1n refuerzos en forma de compa\u00f1\u00edas de milicias, pertenecientes a la Coronel\u00eda de Guip\u00fazcoa. Los milicianos de Azcoitia, Azpeitia, Cestona, Lazcano, Legazpia, Vergara y Villarreal de Urrechua, vendr\u00e1n voluntariamente para participar en la defensa. Adem\u00e1s, la Corona enviar\u00e1 varias unidades pertenecientes a los regimientos &#8220;\u00c1frica&#8221;\u2014actual &#8220;Tercio Viejo de Sicilia&#8221;\u2014, de &#8220;Sevilla&#8221;, &#8220;Zamora&#8221; y de las Guardias de Corps. Incluso con la ciudad asediada llegar\u00e1n por mar refuerzos de los regimientos &#8220;Flandes&#8221; y &#8220;Le\u00f3n&#8221;.<\/p>\n<p style=\"text-align: justify;\">\n<p style=\"text-align: justify;\"><strong>LOS FRANCESES AVANZAN SOBRE SAN SEBASTI\u00c1N<\/strong><\/p>\n<p style=\"text-align: justify;\">Los franceses entran en Guip\u00fazcoa el 20 de abril, y avanzar\u00e1n hasta Pasajes, donde conquistar\u00e1n el castillo de Santa Isabel. Las autoridades donostiarras, visto lo sucedido, abandonar\u00e1n la torre de Pasajes San Pedro tras clavar los ca\u00f1ones. Due\u00f1os ya de la bah\u00eda, los franceses avanzar\u00e1n sobre San Sebasti\u00e1n, teniendo varios encontronazos con las milicias y militares en torno a Alza y el monte Ul\u00eda. El 10 de junio, los franceses llegan a la ermita de Uba, que es evacuada in extremis, siendo salvadas la virgen y sus alhajas, adem\u00e1s de la campana mayor del templo.<\/p>\n<p style=\"text-align: justify;\">\n<p style=\"text-align: justify;\">El 15 de junio capitula Fuenterrab\u00eda. Dos d\u00edas m\u00e1s tarde, San Sebasti\u00e1n es consciente de su negro futuro. El grueso del ej\u00e9rcito franc\u00e9s quedaba libre para proceder a un nuevo asedio. Y no era el \u00fanico problema. La ciudad hab\u00eda perdido parte de sus pertrechos y v\u00edveres al auxiliar a Fuenterrab\u00eda. Ahora, San Sebasti\u00e1n iba a pasar por la misma situaci\u00f3n, siendo socorrida por los marinos de Guetaria y Lequeitio.<\/p>\n<p style=\"text-align: justify;\">\n<p style=\"text-align: justify;\">El 24 de junio, los franceses llegan a las inmediaciones de la ciudad, instal\u00e1ndose en el hoy desaparecido convento de San Francisco. El 1 de julio, el mariscal duque de Berwick, llega por el camino de Hernani y se instala en Ayete, desde donde dirigir\u00e1 el asedio. Dos d\u00edas m\u00e1s tarde, San Sebasti\u00e1n queda bloqueada. El resto del mes, barcas cargadas de tropas anglo-francesas asaltar\u00e1n la isla de Santa Clara en tres ocasiones, siempre apoyadas por artiller\u00eda desde el Antiguo e Igueldo, adem\u00e1s de los nav\u00edos brit\u00e1nicos. Al final, la isla ser\u00e1 evacuada.<\/p>\n<p style=\"text-align: justify;\">\n<p style=\"text-align: justify;\"><strong>EL ASEDIO DE SAN SEBASTI\u00c1N<\/strong><\/p>\n<p style=\"text-align: justify;\">Desde San Bartolom\u00e9 a la muralla, abarcando todo el terreno arenoso, los franceses comienzan a cavar trincheras e instalan bater\u00edas en las cercan\u00edas del puente de Santa Catalina y la Misericordia. San Sebasti\u00e1n apenas pudo impedirlo, a causa del mal dise\u00f1o de la muralla y la escasez de munici\u00f3n. El 25 de julio\u2014d\u00eda de Santiago\u2014, los franceses comienzan a bombardear. No buscan destruir la ciudad, sino las defensas y fortificaciones. Sin embargo, algunas bombas da\u00f1ar\u00e1n edificios como la iglesia de Santa Mar\u00eda y el convento de San Telmo, siendo los artilleros seriamente reprendidos por Berwick.<\/p>\n<p style=\"text-align: justify;\">\n<p style=\"text-align: justify;\">Los bombardeos proseguir\u00e1n hasta hacer brechas\u2014precisamente en el lugar del famoso top\u00f3nimo\u2014en la muralla. La noche del 29 al 30 hubo un primer y fallido asalto. Al d\u00eda siguiente\u2014d\u00eda de San Ignacio de Loyola\u2014, los franceses son rechazados nuevamente. Ese d\u00eda tambi\u00e9n, a base de salvas, se celebra en la ciudad la noticia de la victoria espa\u00f1ola en Sicilia. Pese a la grata nueva, la aplastante realidad se impondr\u00e1 al d\u00eda siguiente. Tras un nuevo bombardeo a la ciudad, las autoridades locales, conscientes de lo insostenible de la situaci\u00f3n, deciden capitular.<\/p>\n<p style=\"text-align: justify;\">\n<p style=\"text-align: justify;\">El 2 de agosto, la ciudad es entregada a los franceses, no sucedi\u00e9ndose saqueos ni violaciones. Mientras, los militares y algunos donostiarras prosiguen la defensa en el castillo; pero el intenso fuego de artiller\u00eda y morteros har\u00e1 que sea imposible. El 17 de agosto, el brigadier De la Mota enarbola bandera blanca, saliendo con todos los honores. Al d\u00eda siguiente, la Diputaci\u00f3n se rinde ante Berwick. El mariscal marchar\u00e1 a combatir al Rosell\u00f3n. Los franceses ocupar\u00e1n la provincia hasta la firma de los acuerdos de La Haya y de Madrid, retornando a su patria en 1721.<\/p>\n<p style=\"text-align: justify;\">\n<p style=\"text-align: right;\"><strong>ION URRESTARAZU PARADA<\/strong><\/p>\n<!-- AddThis Advanced Settings generic via filter on the_content --><!-- AddThis Share Buttons generic via filter on the_content -->","protected":false},"excerpt":{"rendered":"<p>SAN SEBASTI\u00c1N 1719 Principales sucesos durante la invasi\u00f3n francesa En el marco de la Guerra de la Cu\u00e1druple Alianza, la ambici\u00f3n de Felipe V sobre los territorios italianos le iba a pasar factura. En enero de 1719, tras descubrirse la llamada conspiraci\u00f3n de Cellamare\u2014urdida para derrocar al regente de Francia, Felipe de Orleans\u2014, los franceses [&hellip;]<!-- AddThis Advanced Settings generic via filter on get_the_excerpt --><!-- AddThis Share Buttons generic via filter on get_the_excerpt --><\/p>\n","protected":false},"author":120,"featured_media":411,"comment_status":"open","ping_status":"closed","sticky":false,"template":"","format":"standard","meta":[],"categories":[47,4],"tags":[],"_links":{"self":[{"href":"https:\/\/blogs.diariovasco.com\/miradas-peaton\/wp-json\/wp\/v2\/posts\/410"}],"collection":[{"href":"https:\/\/blogs.diariovasco.com\/miradas-peaton\/wp-json\/wp\/v2\/posts"}],"about":[{"href":"https:\/\/blogs.diariovasco.com\/miradas-peaton\/wp-json\/wp\/v2\/types\/post"}],"author":[{"embeddable":true,"href":"https:\/\/blogs.diariovasco.com\/miradas-peaton\/wp-json\/wp\/v2\/users\/120"}],"replies":[{"embeddable":true,"href":"https:\/\/blogs.diariovasco.com\/miradas-peaton\/wp-json\/wp\/v2\/comments?post=410"}],"version-history":[{"count":3,"href":"https:\/\/blogs.diariovasco.com\/miradas-peaton\/wp-json\/wp\/v2\/posts\/410\/revisions"}],"predecessor-version":[{"id":414,"href":"https:\/\/blogs.diariovasco.com\/miradas-peaton\/wp-json\/wp\/v2\/posts\/410\/revisions\/414"}],"wp:featuredmedia":[{"embeddable":true,"href":"https:\/\/blogs.diariovasco.com\/miradas-peaton\/wp-json\/wp\/v2\/media\/411"}],"wp:attachment":[{"href":"https:\/\/blogs.diariovasco.com\/miradas-peaton\/wp-json\/wp\/v2\/media?parent=410"}],"wp:term":[{"taxonomy":"category","embeddable":true,"href":"https:\/\/blogs.diariovasco.com\/miradas-peaton\/wp-json\/wp\/v2\/categories?post=410"},{"taxonomy":"post_tag","embeddable":true,"href":"https:\/\/blogs.diariovasco.com\/miradas-peaton\/wp-json\/wp\/v2\/tags?post=410"}],"curies":[{"name":"wp","href":"https:\/\/api.w.org\/{rel}","templated":true}]}}