{"id":1076,"date":"2019-02-19T18:54:51","date_gmt":"2019-02-19T17:54:51","guid":{"rendered":"https:\/\/blogs.diariovasco.com\/mirandoalabahia\/?p=1076"},"modified":"2019-02-19T18:54:51","modified_gmt":"2019-02-19T17:54:51","slug":"muere-el-kaiser","status":"publish","type":"post","link":"https:\/\/blogs.diariovasco.com\/mirandoalabahia\/2019\/02\/19\/muere-el-kaiser\/","title":{"rendered":"MUERE EL KAISER"},"content":{"rendered":"<div dir=\"ltr\">\n<div><img loading=\"lazy\" class=\"alignleft size-medium wp-image-1077\" src=\"https:\/\/static-blogs.diariovasco.com\/wp-content\/uploads\/sites\/23\/2019\/02\/0-12-300x288.jpeg\" alt=\"0\" width=\"300\" height=\"288\" srcset=\"https:\/\/static-blogs.diariovasco.com\/wp-content\/uploads\/sites\/23\/2019\/02\/0-12-300x288.jpeg 300w, https:\/\/static-blogs.diariovasco.com\/wp-content\/uploads\/sites\/23\/2019\/02\/0-12.jpeg 599w\" sizes=\"(max-width: 300px) 100vw, 300px\" \/><\/div>\n<div>Hoy todos hablan de su muerte y ser\u00e1 reconocido siempre. Ha muerto en Par\u00eds Karl Lagerfeld, dise\u00f1ador de Chanel y Fendi. Alem\u00e1n de nacimiento, ten\u00eda 85 a\u00f1os y llevaba 35 al frente de la casa Chanel. El pasado enero result\u00f3 especialmente llamativo que el creador no acudiera al desfile de la firma de moda, una cita a la que jam\u00e1s faltaba.<\/div>\n<div>Adem\u00e1s de como gran creador, Lagerfeld fue tambi\u00e9n conocido por su peculiar imagen. Iba siempre vestido de negro, camisa blanca y unas perennes gafas de sol . Hombre pol\u00e9mico a veces, sus llamativas sentencias eran perdonadas y consideradas una extravagancia. En 2012 no dud\u00f3 en calificar a la cantante Adele como &#8220;un poco demasiado gorda&#8221;. Tambi\u00e9n dijo sobre los hombres rusos: &#8220;Son tan feos que si fuera yo una mujer rusa, me har\u00eda lesbiana&#8221;, \u201cOdio a los ni\u00f1os&#8221;, \u201cNo soportar\u00eda tener una hija fea\u201d o \u201cLos estampados florales son para mujeres gordas de mediana edad&#8221; y \u201cLa clase media no tiene suficiente clase&#8221; Est\u00e1s fueron algunas de sus muchas perlas.<\/div>\n<div>Algo mani\u00e1tico, Lagerfeld cuidaba su aspecto diario hasta la extenuaci\u00f3n. Todo en \u00e9l est\u00e1 pensado hasta en el m\u00e1s m\u00ednimo detalle. \u00bfLa culpable de tal obsesi\u00f3n? Su madre. &#8220;<i>Cuando era un ni\u00f1o, mi madre siempre me dijo que podr\u00eda despertarme en mitad de la noche gravemente enfermo, as\u00ed que siempre tienes que estar impecable.<\/i> <i>Creo que todo el mundo deber\u00eda irse a la cama como si tuvieran a su cita en la puerta&#8221;.<\/i><\/div>\n<div><b><\/b>Hombre algo mani\u00e1tico,<b> <\/b>Lagerfeld ten\u00eda un ritual diario que no abandon\u00f3 jam\u00e1s. Beb\u00eda grandes cantidades de Coca Cola light, se empolvaba el cabello con champ\u00fa seco y necesita mucho tiempo por las ma\u00f1anas para arreglar su coleta y maquillarse. Sin embargo , todas esas facetas no estaban re\u00f1idas con la de lector empedernido. Era un bibli\u00f3mano.Su madre, adicta a los libros, fue la que le inculc\u00f3 esa pasi\u00f3n por la lectura. &#8220;<i>Pas\u00e9 mi ni\u00f1ez en el campo y empec\u00e9 a leer mucho antes de ir al colegio. Desde entonces nunca lo he dejado&#8221;<\/i>, sol\u00eda decir. Tambi\u00e9n le apasionaba dibujar con los l\u00e1pices de ojos de Chanel. <b><br \/>\n<\/b><\/div>\n<div>Si hay algo a lo que Karl era adicto adem\u00e1s de a la Coca-Cola era sin duda, a las gafas de sol. Jam\u00e1s iba sin ellas. Ni en la noche m\u00e1s cerrada. <i>&#8220;Nunca salgo sin mis caracter\u00edsticas gafas de sol, me gusta observar pero no ser observado.\u201d <\/i>Sol\u00eda decir.<\/div>\n<div>Su gata Choupette, una gata Birmana blanca de ojos azules , no es tan famosa como su due\u00f1o, pero casi. Era el m\u00edtico dise\u00f1ador el que se encargaba personalmente de gestionar todos sus proyectos profesionales, entre los que estaban totalmente vetados los anuncios de comida. <i>Choupette<\/i> ha sido portada de la revista <i>Vogue<\/i> junto a Linda Evangelista, <b><\/b>y<b> <\/b>hasta tiene una biograf\u00eda: <i>Choupette: la vida privada de una gata de la moda de alto vuelo<\/i>. Lagerfeld cont\u00f3 hace un tiempo c\u00f3mo comenz\u00f3 su relaci\u00f3n con la gata. <b>&#8220;<\/b><i>Choupette era de un amigo que me pidi\u00f3 que cuidara de ella mientras \u00e9l se encontraba de viaje<\/i>. <i>Cuando regres\u00f3, le dije que se quedaba conmigo. Ahora tiene otro gato que est\u00e1 muy gordo y Choupette se convirti\u00f3 en la gata m\u00e1s famosa y rica del mundo&#8221;.<\/i><\/div>\n<div>No hay duda de que el gran amigo de Carolina de M\u00f3naco , In\u00e8s de La Fressange, Cindy Crawford, Carla Bruni, Naomi Campbell o Claudia Schiffer, era un genio y un exc\u00e9ntrico pero arriesgaba y sol\u00eda ganar. Firm\u00f3 audaces colaboraciones con marcas como H&amp;M, Coca Cola, Volkswagen o Sephora.<\/div>\n<div>Hoy se han acercado improvisados admiradores a la puerta de la boutique de Chanel de Par\u00eds para dejarle rosas blancas como muestra de admiraci\u00f3n y cari\u00f1o.<\/div>\n<div><\/div>\n<div><img loading=\"lazy\" class=\"alignleft size-medium wp-image-1078\" src=\"https:\/\/static-blogs.diariovasco.com\/wp-content\/uploads\/sites\/23\/2019\/02\/0-1-5-300x200.jpeg\" alt=\"0-1\" width=\"300\" height=\"200\" srcset=\"https:\/\/static-blogs.diariovasco.com\/wp-content\/uploads\/sites\/23\/2019\/02\/0-1-5-300x200.jpeg 300w, https:\/\/static-blogs.diariovasco.com\/wp-content\/uploads\/sites\/23\/2019\/02\/0-1-5.jpeg 560w\" sizes=\"(max-width: 300px) 100vw, 300px\" \/><\/div>\n<\/div>\n<p>&nbsp;<\/p>\n<!-- AddThis Advanced Settings generic via filter on the_content --><!-- AddThis Share Buttons generic via filter on the_content -->","protected":false},"excerpt":{"rendered":"<p>Hoy todos hablan de su muerte y ser\u00e1 reconocido siempre. Ha muerto en Par\u00eds Karl Lagerfeld, dise\u00f1ador de Chanel y Fendi. Alem\u00e1n de nacimiento, ten\u00eda 85 a\u00f1os y llevaba 35 al frente de la casa Chanel. El pasado enero result\u00f3 especialmente llamativo que el creador no acudiera al desfile de la firma de moda, una [&hellip;]<!-- AddThis Advanced Settings generic via filter on get_the_excerpt --><!-- AddThis Share Buttons generic via filter on get_the_excerpt --><\/p>\n","protected":false},"author":40,"featured_media":0,"comment_status":"open","ping_status":"closed","sticky":false,"template":"","format":"standard","meta":[],"categories":[1],"tags":[],"_links":{"self":[{"href":"https:\/\/blogs.diariovasco.com\/mirandoalabahia\/wp-json\/wp\/v2\/posts\/1076"}],"collection":[{"href":"https:\/\/blogs.diariovasco.com\/mirandoalabahia\/wp-json\/wp\/v2\/posts"}],"about":[{"href":"https:\/\/blogs.diariovasco.com\/mirandoalabahia\/wp-json\/wp\/v2\/types\/post"}],"author":[{"embeddable":true,"href":"https:\/\/blogs.diariovasco.com\/mirandoalabahia\/wp-json\/wp\/v2\/users\/40"}],"replies":[{"embeddable":true,"href":"https:\/\/blogs.diariovasco.com\/mirandoalabahia\/wp-json\/wp\/v2\/comments?post=1076"}],"version-history":[{"count":1,"href":"https:\/\/blogs.diariovasco.com\/mirandoalabahia\/wp-json\/wp\/v2\/posts\/1076\/revisions"}],"predecessor-version":[{"id":1079,"href":"https:\/\/blogs.diariovasco.com\/mirandoalabahia\/wp-json\/wp\/v2\/posts\/1076\/revisions\/1079"}],"wp:attachment":[{"href":"https:\/\/blogs.diariovasco.com\/mirandoalabahia\/wp-json\/wp\/v2\/media?parent=1076"}],"wp:term":[{"taxonomy":"category","embeddable":true,"href":"https:\/\/blogs.diariovasco.com\/mirandoalabahia\/wp-json\/wp\/v2\/categories?post=1076"},{"taxonomy":"post_tag","embeddable":true,"href":"https:\/\/blogs.diariovasco.com\/mirandoalabahia\/wp-json\/wp\/v2\/tags?post=1076"}],"curies":[{"name":"wp","href":"https:\/\/api.w.org\/{rel}","templated":true}]}}