{"id":1087,"date":"2019-02-22T22:51:37","date_gmt":"2019-02-22T21:51:37","guid":{"rendered":"https:\/\/blogs.diariovasco.com\/mirandoalabahia\/?p=1087"},"modified":"2019-02-22T22:51:37","modified_gmt":"2019-02-22T21:51:37","slug":"el-beso-mas-famoso-del-mundo","status":"publish","type":"post","link":"https:\/\/blogs.diariovasco.com\/mirandoalabahia\/2019\/02\/22\/el-beso-mas-famoso-del-mundo\/","title":{"rendered":"EL BESO M\u00c1S FAMOSO DEL MUNDO"},"content":{"rendered":"<div><img loading=\"lazy\" class=\"alignleft size-medium wp-image-1088\" src=\"https:\/\/static-blogs.diariovasco.com\/wp-content\/uploads\/sites\/23\/2019\/02\/0-1-7-300x225.jpeg\" alt=\"0-1\" width=\"300\" height=\"225\" srcset=\"https:\/\/static-blogs.diariovasco.com\/wp-content\/uploads\/sites\/23\/2019\/02\/0-1-7-300x225.jpeg 300w, https:\/\/static-blogs.diariovasco.com\/wp-content\/uploads\/sites\/23\/2019\/02\/0-1-7-768x576.jpeg 768w, https:\/\/static-blogs.diariovasco.com\/wp-content\/uploads\/sites\/23\/2019\/02\/0-1-7-628x471.jpeg 628w, https:\/\/static-blogs.diariovasco.com\/wp-content\/uploads\/sites\/23\/2019\/02\/0-1-7.jpeg 1200w\" sizes=\"(max-width: 300px) 100vw, 300px\" \/><\/div>\n<div>Paso unos d\u00edas en Berl\u00edn y dentro de poco sabr\u00e9is el motivo y fotograf\u00edo una vez m\u00e1s el mural m\u00e1s visitado del muro de Berl\u00edn.<\/div>\n<div>El fot\u00f3grafo Regis Bossu fue el encargado de inmortalizar, en el a\u00f1o 1979, el &#8220;beso fraternal&#8221; entre dos l\u00edderes comunistas de la Guerra Fr\u00eda, Leonidas Brezhnev (URSS) y Erich Honecker (RDA). La imagen dar\u00eda la vuelta al mundo en cuesti\u00f3n de d\u00edas y se convertir\u00eda, hasta hoy, en uno de los puntos m\u00e1s visitados en la ciudad de Berl\u00edn.<\/div>\n<div>Lo que los comunistas de Europa denominaban &#8220;beso fraternal&#8221; era, seg\u00fan el protocolo, la manera en la que dos l\u00edderes socialistas deb\u00edan saludarse: en primer lugar, un gran abrazo, a lo que segu\u00edan tres besos en mejillas alternas. En casos excepcionales, y si ambos mandatarios ten\u00edan una especial relaci\u00f3n de amistad, los besos en las mejillas se pod\u00edan sustituir por besos en los labios.<\/div>\n<div>Es precisamente esta pr\u00e1ctica la que llevaron a cabo los l\u00edderes comunistas m\u00e1s importantes en la d\u00e9cada de los 70, <b>Brezhnev<\/b> y <b>Honecker<\/b>, de la URSS y Alemania Oriental. El l\u00edder sovi\u00e9tico se encontraba de viaje en Alemania del Este para conmemorar los <b>30 a\u00f1os<\/b> desde la creaci\u00f3n de la <b>RDA<\/b> (Rep\u00fablica Democr\u00e1tica Alemana). El beso se produjo, por tanto, en un contexto de igualdad, fraternidad y solidaridad entre los dos Estados, que recientemente hab\u00edan firmado una serie de acuerdos comerciales beneficiosos para ambos.<\/div>\n<div>La imagen trascendi\u00f3 de tal manera que, entre otras repercusiones, una vez ca\u00eddo el muro de Berl\u00edn en 1989, el artista ruso Dimitri Vr\u00fabel pint\u00f3 en mural la famosa fotograf\u00eda, titulada <i>&#8220;Dios m\u00edo, ay\u00fadame a sobrevivir a este amor mortal&#8221;<\/i>, hoy en d\u00eda convertido en uno de los puntos m\u00e1s visitados y fotografiados de la capital alemana.<\/div>\n<!-- AddThis Advanced Settings generic via filter on the_content --><!-- AddThis Share Buttons generic via filter on the_content -->","protected":false},"excerpt":{"rendered":"<p>Paso unos d\u00edas en Berl\u00edn y dentro de poco sabr\u00e9is el motivo y fotograf\u00edo una vez m\u00e1s el mural m\u00e1s visitado del muro de Berl\u00edn. El fot\u00f3grafo Regis Bossu fue el encargado de inmortalizar, en el a\u00f1o 1979, el &#8220;beso fraternal&#8221; entre dos l\u00edderes comunistas de la Guerra Fr\u00eda, Leonidas Brezhnev (URSS) y Erich Honecker [&hellip;]<!-- AddThis Advanced Settings generic via filter on get_the_excerpt --><!-- AddThis Share Buttons generic via filter on get_the_excerpt --><\/p>\n","protected":false},"author":40,"featured_media":0,"comment_status":"open","ping_status":"closed","sticky":false,"template":"","format":"standard","meta":[],"categories":[1],"tags":[],"_links":{"self":[{"href":"https:\/\/blogs.diariovasco.com\/mirandoalabahia\/wp-json\/wp\/v2\/posts\/1087"}],"collection":[{"href":"https:\/\/blogs.diariovasco.com\/mirandoalabahia\/wp-json\/wp\/v2\/posts"}],"about":[{"href":"https:\/\/blogs.diariovasco.com\/mirandoalabahia\/wp-json\/wp\/v2\/types\/post"}],"author":[{"embeddable":true,"href":"https:\/\/blogs.diariovasco.com\/mirandoalabahia\/wp-json\/wp\/v2\/users\/40"}],"replies":[{"embeddable":true,"href":"https:\/\/blogs.diariovasco.com\/mirandoalabahia\/wp-json\/wp\/v2\/comments?post=1087"}],"version-history":[{"count":1,"href":"https:\/\/blogs.diariovasco.com\/mirandoalabahia\/wp-json\/wp\/v2\/posts\/1087\/revisions"}],"predecessor-version":[{"id":1089,"href":"https:\/\/blogs.diariovasco.com\/mirandoalabahia\/wp-json\/wp\/v2\/posts\/1087\/revisions\/1089"}],"wp:attachment":[{"href":"https:\/\/blogs.diariovasco.com\/mirandoalabahia\/wp-json\/wp\/v2\/media?parent=1087"}],"wp:term":[{"taxonomy":"category","embeddable":true,"href":"https:\/\/blogs.diariovasco.com\/mirandoalabahia\/wp-json\/wp\/v2\/categories?post=1087"},{"taxonomy":"post_tag","embeddable":true,"href":"https:\/\/blogs.diariovasco.com\/mirandoalabahia\/wp-json\/wp\/v2\/tags?post=1087"}],"curies":[{"name":"wp","href":"https:\/\/api.w.org\/{rel}","templated":true}]}}