{"id":1137,"date":"2019-03-08T22:59:48","date_gmt":"2019-03-08T21:59:48","guid":{"rendered":"https:\/\/blogs.diariovasco.com\/mirandoalabahia\/?p=1137"},"modified":"2019-03-08T22:59:48","modified_gmt":"2019-03-08T21:59:48","slug":"dia-internacional-de-las-mujeres","status":"publish","type":"post","link":"https:\/\/blogs.diariovasco.com\/mirandoalabahia\/2019\/03\/08\/dia-internacional-de-las-mujeres\/","title":{"rendered":"D\u00cdA INTERNACIONAL DE LAS MUJERES"},"content":{"rendered":"<p><img loading=\"lazy\" class=\"alignleft size-medium wp-image-1138\" src=\"https:\/\/static-blogs.diariovasco.com\/wp-content\/uploads\/sites\/23\/2019\/03\/0-6-225x300.jpeg\" alt=\"0\" width=\"225\" height=\"300\" srcset=\"https:\/\/static-blogs.diariovasco.com\/wp-content\/uploads\/sites\/23\/2019\/03\/0-6-225x300.jpeg 225w, https:\/\/static-blogs.diariovasco.com\/wp-content\/uploads\/sites\/23\/2019\/03\/0-6-471x628.jpeg 471w, https:\/\/static-blogs.diariovasco.com\/wp-content\/uploads\/sites\/23\/2019\/03\/0-6.jpeg 675w\" sizes=\"(max-width: 225px) 100vw, 225px\" \/><\/p>\n<p>\u00bfDeber\u00eda ser todos los d\u00edas no? De acuerdo pero no viene nada mal recordar los logros conseguidos y los que nos quedan por conseguir. Por un futuro lo m\u00e1s justo posible , por un futuro con igualdad de oportunidades, por un futuro en el que la mujer de cualquier parte del mundo sea libre.<br \/>\nHoy, se lo dedico en especial a mis hijas, a mis hermanas, a mis sobrinas, a mis sobrinos \u00bfpor qu\u00e9 no? Ellos cambiar\u00e1n las cosas, a mis amigas, a mis compa\u00f1eras de trabajo, a mis abuelas, pero muy especialmente a mi madre, una mujer adelantada a su tiempo, una mujer fuerte, alegre y vital que me ense\u00f1\u00f3 que podr\u00eda ser lo que yo quisiera. \u00a1Gracias mam\u00e1! Has sido un grand\u00edsimo ejemplo.<br \/>\nY gracias por ense\u00f1arme t\u00fa a leer, pacientemente. \u00a1Cu\u00e1ntos libros compartimos! Aqu\u00ed me tienes, leyendo a mujeres hoy y acord\u00e1ndome como cada d\u00eda, de ti.<\/p>\n<!-- AddThis Advanced Settings generic via filter on the_content --><!-- AddThis Share Buttons generic via filter on the_content -->","protected":false},"excerpt":{"rendered":"<p>\u00bfDeber\u00eda ser todos los d\u00edas no? De acuerdo pero no viene nada mal recordar los logros conseguidos y los que nos quedan por conseguir. Por un futuro lo m\u00e1s justo posible , por un futuro con igualdad de oportunidades, por un futuro en el que la mujer de cualquier parte del mundo sea libre. Hoy, [&hellip;]<!-- AddThis Advanced Settings generic via filter on get_the_excerpt --><!-- AddThis Share Buttons generic via filter on get_the_excerpt --><\/p>\n","protected":false},"author":40,"featured_media":0,"comment_status":"open","ping_status":"closed","sticky":false,"template":"","format":"standard","meta":[],"categories":[1],"tags":[],"_links":{"self":[{"href":"https:\/\/blogs.diariovasco.com\/mirandoalabahia\/wp-json\/wp\/v2\/posts\/1137"}],"collection":[{"href":"https:\/\/blogs.diariovasco.com\/mirandoalabahia\/wp-json\/wp\/v2\/posts"}],"about":[{"href":"https:\/\/blogs.diariovasco.com\/mirandoalabahia\/wp-json\/wp\/v2\/types\/post"}],"author":[{"embeddable":true,"href":"https:\/\/blogs.diariovasco.com\/mirandoalabahia\/wp-json\/wp\/v2\/users\/40"}],"replies":[{"embeddable":true,"href":"https:\/\/blogs.diariovasco.com\/mirandoalabahia\/wp-json\/wp\/v2\/comments?post=1137"}],"version-history":[{"count":1,"href":"https:\/\/blogs.diariovasco.com\/mirandoalabahia\/wp-json\/wp\/v2\/posts\/1137\/revisions"}],"predecessor-version":[{"id":1139,"href":"https:\/\/blogs.diariovasco.com\/mirandoalabahia\/wp-json\/wp\/v2\/posts\/1137\/revisions\/1139"}],"wp:attachment":[{"href":"https:\/\/blogs.diariovasco.com\/mirandoalabahia\/wp-json\/wp\/v2\/media?parent=1137"}],"wp:term":[{"taxonomy":"category","embeddable":true,"href":"https:\/\/blogs.diariovasco.com\/mirandoalabahia\/wp-json\/wp\/v2\/categories?post=1137"},{"taxonomy":"post_tag","embeddable":true,"href":"https:\/\/blogs.diariovasco.com\/mirandoalabahia\/wp-json\/wp\/v2\/tags?post=1137"}],"curies":[{"name":"wp","href":"https:\/\/api.w.org\/{rel}","templated":true}]}}