{"id":1165,"date":"2019-03-15T22:36:35","date_gmt":"2019-03-15T21:36:35","guid":{"rendered":"https:\/\/blogs.diariovasco.com\/mirandoalabahia\/?p=1165"},"modified":"2019-03-15T22:36:35","modified_gmt":"2019-03-15T21:36:35","slug":"there-is-no-planet-b","status":"publish","type":"post","link":"https:\/\/blogs.diariovasco.com\/mirandoalabahia\/2019\/03\/15\/there-is-no-planet-b\/","title":{"rendered":"THERE IS NO PLANET B"},"content":{"rendered":"<p><img loading=\"lazy\" class=\"alignleft size-medium wp-image-1166\" src=\"https:\/\/static-blogs.diariovasco.com\/wp-content\/uploads\/sites\/23\/2019\/03\/1-3-300x155.jpeg\" alt=\"1\" width=\"300\" height=\"155\" srcset=\"https:\/\/static-blogs.diariovasco.com\/wp-content\/uploads\/sites\/23\/2019\/03\/1-3-300x155.jpeg 300w, https:\/\/static-blogs.diariovasco.com\/wp-content\/uploads\/sites\/23\/2019\/03\/1-3-628x324.jpeg 628w, https:\/\/static-blogs.diariovasco.com\/wp-content\/uploads\/sites\/23\/2019\/03\/1-3.jpeg 660w\" sizes=\"(max-width: 300px) 100vw, 300px\" \/><\/p>\n<p>Desde que Greta Thunberg, una joven sueca\u00a0 de 16 a\u00f1os, sali\u00f3 el pasado agosto a protestar por la inacci\u00f3n de los gobiernos contra el cambio clim\u00e1tico parece que se ha despertado el inter\u00e9s de cientos de miles de j\u00f3venes en todo el mundo. Este viernes 15 de marzo salen a protestar en m\u00e1s de 100 pa\u00edses miles de j\u00f3venes . Hoy en muchas ciudades se han manifestado para pedir acci\u00f3n pol\u00edtica urgente contra el cambio clim\u00e1tico enarbolando pancartas con lemas como &#8220;No hay planeta B&#8221;, &#8220;Ni un grado m\u00e1s, ni una especie menos&#8221; o &#8220;Si el planeta fuera un banco, ya lo habr\u00edan rescatado&#8221;.<br \/>\nSeg\u00fan muchos de los cient\u00edficos clim\u00e1ticos internacionales, si no actuamos ahora, ser\u00e1 demasiado tarde . Nos quedan unos 11 a\u00f1os para introducir cambios dr\u00e1sticos y sin precedentes en nuestro sistema econ\u00f3mico antes de llegar al punto de no retorno. Es una verdadera emergencia. Que la gente joven se movilice es una se\u00f1al de que hay esperanza.<\/p>\n<!-- AddThis Advanced Settings generic via filter on the_content --><!-- AddThis Share Buttons generic via filter on the_content -->","protected":false},"excerpt":{"rendered":"<p>Desde que Greta Thunberg, una joven sueca\u00a0 de 16 a\u00f1os, sali\u00f3 el pasado agosto a protestar por la inacci\u00f3n de los gobiernos contra el cambio clim\u00e1tico parece que se ha despertado el inter\u00e9s de cientos de miles de j\u00f3venes en todo el mundo. Este viernes 15 de marzo salen a protestar en m\u00e1s de 100 [&hellip;]<!-- AddThis Advanced Settings generic via filter on get_the_excerpt --><!-- AddThis Share Buttons generic via filter on get_the_excerpt --><\/p>\n","protected":false},"author":40,"featured_media":0,"comment_status":"open","ping_status":"closed","sticky":false,"template":"","format":"standard","meta":[],"categories":[1],"tags":[],"_links":{"self":[{"href":"https:\/\/blogs.diariovasco.com\/mirandoalabahia\/wp-json\/wp\/v2\/posts\/1165"}],"collection":[{"href":"https:\/\/blogs.diariovasco.com\/mirandoalabahia\/wp-json\/wp\/v2\/posts"}],"about":[{"href":"https:\/\/blogs.diariovasco.com\/mirandoalabahia\/wp-json\/wp\/v2\/types\/post"}],"author":[{"embeddable":true,"href":"https:\/\/blogs.diariovasco.com\/mirandoalabahia\/wp-json\/wp\/v2\/users\/40"}],"replies":[{"embeddable":true,"href":"https:\/\/blogs.diariovasco.com\/mirandoalabahia\/wp-json\/wp\/v2\/comments?post=1165"}],"version-history":[{"count":1,"href":"https:\/\/blogs.diariovasco.com\/mirandoalabahia\/wp-json\/wp\/v2\/posts\/1165\/revisions"}],"predecessor-version":[{"id":1167,"href":"https:\/\/blogs.diariovasco.com\/mirandoalabahia\/wp-json\/wp\/v2\/posts\/1165\/revisions\/1167"}],"wp:attachment":[{"href":"https:\/\/blogs.diariovasco.com\/mirandoalabahia\/wp-json\/wp\/v2\/media?parent=1165"}],"wp:term":[{"taxonomy":"category","embeddable":true,"href":"https:\/\/blogs.diariovasco.com\/mirandoalabahia\/wp-json\/wp\/v2\/categories?post=1165"},{"taxonomy":"post_tag","embeddable":true,"href":"https:\/\/blogs.diariovasco.com\/mirandoalabahia\/wp-json\/wp\/v2\/tags?post=1165"}],"curies":[{"name":"wp","href":"https:\/\/api.w.org\/{rel}","templated":true}]}}