{"id":1202,"date":"2019-03-25T22:12:21","date_gmt":"2019-03-25T21:12:21","guid":{"rendered":"https:\/\/blogs.diariovasco.com\/mirandoalabahia\/?p=1202"},"modified":"2019-03-25T22:12:21","modified_gmt":"2019-03-25T21:12:21","slug":"vuelve-dumbo","status":"publish","type":"post","link":"https:\/\/blogs.diariovasco.com\/mirandoalabahia\/2019\/03\/25\/vuelve-dumbo\/","title":{"rendered":"VUELVE DUMBO"},"content":{"rendered":"<div><img loading=\"lazy\" class=\"alignleft size-full wp-image-1203\" src=\"https:\/\/static-blogs.diariovasco.com\/wp-content\/uploads\/sites\/23\/2019\/03\/0-13.jpeg\" alt=\"0\" width=\"215\" height=\"290\" \/><\/div>\n<div>Desde hac\u00eda m\u00e1s de un a\u00f1o se comentaba la posibilidad de que Tim Burton, conocido por su peculiar universo est\u00e9tico y cinematogr\u00e1fico, ser\u00eda el responsable de hacer un remake de acci\u00f3n real con im\u00e1genes creadas por ordenador del cl\u00e1sico de Disney de 1941 <i>Dumbo<\/i> y finalmente, Dumbo se estrenar\u00e1 este viernes 29 de Marzo.<\/div>\n<div><i>Dumbo<\/i> fue la cuarta pel\u00edcula animada de Walt Disney Pictures y est\u00e1 basada en el libro para ni\u00f1os hom\u00f3nimo de Helen Aberson e ilustrado por Harold Pearl.<\/div>\n<div>Recuerdo cuando fui al cine a verla. Si la memoria no me enga\u00f1a, fue en el desaparecido cine Astoria de San Sebasti\u00e1n. Fui con mi madre, con la que me sent\u00eda tan protegida como el elefantito de orejas enormes con la suya. Llor\u00e9 como una magdalena y mi madre me hizo ver el mensaje de la pel\u00edcula: ser diferente no tiene porqu\u00e9 ser malo. Yo era ( y sigo si\u00e9ndolo) bajita y ese mensaje me alivi\u00f3 mucho.<\/div>\n<div>Desde entonces nunca me gustaron los zool\u00f3gicos. Ve\u00eda que los animales estaban haciendo algo que no quer\u00edan.<\/div>\n<div>Ir\u00e9 a ver <i>Dumbo<\/i> si puedo con mis hijas. Ojal\u00e1 les transmita yo a ellas la mitad de lo que mi madre me transmiti\u00f3 a mi.<\/div>\n<div>No me la voy a perder porque adem\u00e1s el reparto es fabuloso: Colin Farrell, Holt Farrier, Michael Keaton, V. A. Vandevere. Danny DeVito, Max Medici, Eva Green, Colette Marchant y Alan Arkin .<\/div>\n<div><img loading=\"lazy\" class=\"alignleft size-medium wp-image-1204\" src=\"https:\/\/static-blogs.diariovasco.com\/wp-content\/uploads\/sites\/23\/2019\/03\/0-1-7-300x169.jpeg\" alt=\"0-1\" width=\"300\" height=\"169\" srcset=\"https:\/\/static-blogs.diariovasco.com\/wp-content\/uploads\/sites\/23\/2019\/03\/0-1-7-300x169.jpeg 300w, https:\/\/static-blogs.diariovasco.com\/wp-content\/uploads\/sites\/23\/2019\/03\/0-1-7-768x432.jpeg 768w, https:\/\/static-blogs.diariovasco.com\/wp-content\/uploads\/sites\/23\/2019\/03\/0-1-7-628x353.jpeg 628w, https:\/\/static-blogs.diariovasco.com\/wp-content\/uploads\/sites\/23\/2019\/03\/0-1-7.jpeg 1291w\" sizes=\"(max-width: 300px) 100vw, 300px\" \/><\/div>\n<!-- AddThis Advanced Settings generic via filter on the_content --><!-- AddThis Share Buttons generic via filter on the_content -->","protected":false},"excerpt":{"rendered":"<p>Desde hac\u00eda m\u00e1s de un a\u00f1o se comentaba la posibilidad de que Tim Burton, conocido por su peculiar universo est\u00e9tico y cinematogr\u00e1fico, ser\u00eda el responsable de hacer un remake de acci\u00f3n real con im\u00e1genes creadas por ordenador del cl\u00e1sico de Disney de 1941 Dumbo y finalmente, Dumbo se estrenar\u00e1 este viernes 29 de Marzo. Dumbo [&hellip;]<!-- AddThis Advanced Settings generic via filter on get_the_excerpt --><!-- AddThis Share Buttons generic via filter on get_the_excerpt --><\/p>\n","protected":false},"author":40,"featured_media":0,"comment_status":"open","ping_status":"closed","sticky":false,"template":"","format":"standard","meta":[],"categories":[1],"tags":[],"_links":{"self":[{"href":"https:\/\/blogs.diariovasco.com\/mirandoalabahia\/wp-json\/wp\/v2\/posts\/1202"}],"collection":[{"href":"https:\/\/blogs.diariovasco.com\/mirandoalabahia\/wp-json\/wp\/v2\/posts"}],"about":[{"href":"https:\/\/blogs.diariovasco.com\/mirandoalabahia\/wp-json\/wp\/v2\/types\/post"}],"author":[{"embeddable":true,"href":"https:\/\/blogs.diariovasco.com\/mirandoalabahia\/wp-json\/wp\/v2\/users\/40"}],"replies":[{"embeddable":true,"href":"https:\/\/blogs.diariovasco.com\/mirandoalabahia\/wp-json\/wp\/v2\/comments?post=1202"}],"version-history":[{"count":1,"href":"https:\/\/blogs.diariovasco.com\/mirandoalabahia\/wp-json\/wp\/v2\/posts\/1202\/revisions"}],"predecessor-version":[{"id":1205,"href":"https:\/\/blogs.diariovasco.com\/mirandoalabahia\/wp-json\/wp\/v2\/posts\/1202\/revisions\/1205"}],"wp:attachment":[{"href":"https:\/\/blogs.diariovasco.com\/mirandoalabahia\/wp-json\/wp\/v2\/media?parent=1202"}],"wp:term":[{"taxonomy":"category","embeddable":true,"href":"https:\/\/blogs.diariovasco.com\/mirandoalabahia\/wp-json\/wp\/v2\/categories?post=1202"},{"taxonomy":"post_tag","embeddable":true,"href":"https:\/\/blogs.diariovasco.com\/mirandoalabahia\/wp-json\/wp\/v2\/tags?post=1202"}],"curies":[{"name":"wp","href":"https:\/\/api.w.org\/{rel}","templated":true}]}}