{"id":1384,"date":"2019-05-15T18:54:44","date_gmt":"2019-05-15T17:54:44","guid":{"rendered":"https:\/\/blogs.diariovasco.com\/mirandoalabahia\/?p=1384"},"modified":"2019-05-15T18:54:44","modified_gmt":"2019-05-15T17:54:44","slug":"san-isidro","status":"publish","type":"post","link":"https:\/\/blogs.diariovasco.com\/mirandoalabahia\/2019\/05\/15\/san-isidro\/","title":{"rendered":"SAN ISIDRO"},"content":{"rendered":"<div><img loading=\"lazy\" class=\"alignleft size-medium wp-image-1385\" src=\"https:\/\/static-blogs.diariovasco.com\/wp-content\/uploads\/sites\/23\/2019\/05\/0-9-300x214.jpeg\" alt=\"0\" width=\"300\" height=\"214\" srcset=\"https:\/\/static-blogs.diariovasco.com\/wp-content\/uploads\/sites\/23\/2019\/05\/0-9-300x214.jpeg 300w, https:\/\/static-blogs.diariovasco.com\/wp-content\/uploads\/sites\/23\/2019\/05\/0-9-768x549.jpeg 768w, https:\/\/static-blogs.diariovasco.com\/wp-content\/uploads\/sites\/23\/2019\/05\/0-9-628x449.jpeg 628w, https:\/\/static-blogs.diariovasco.com\/wp-content\/uploads\/sites\/23\/2019\/05\/0-9.jpeg 1024w\" sizes=\"(max-width: 300px) 100vw, 300px\" \/><\/div>\n<div>Llevo muchos a\u00f1os viviendo en Madrid y siempre me he sentido bien acogida. Hoy, d\u00eda de San Isidro, recuerdo con este chotis con letra de Agust\u00edn Lara , a la cuidad que me vio crecer como periodista, como madre, como madrile\u00f1a de adopci\u00f3n.<\/div>\n<div><\/div>\n<div><i>\u201c<\/i><i>Cuando <\/i><i>llegues a Madrid,<\/i><\/div>\n<div><i>chulona <\/i><i>m\u00eda <\/i><i><br \/>\n<\/i><\/div>\n<div><i>voy a hacerte emperatriz<\/i><\/div>\n<div><i>de Lavapi\u00e9s;<\/i><\/div>\n<div><i>y alfombrarte con <\/i><i>claveles <\/i><i><br \/>\n<\/i><\/div>\n<div><i>la Gran V\u00eda,<\/i><\/div>\n<div><i>y a <\/i><i>ba\u00f1arte <\/i><i>con <\/i><i>vinilo<\/i><i> de <\/i><\/div>\n<div><i>Jerez.<\/i><\/div>\n<div><i>En Chicote,un agasajo<\/i><\/div>\n<div><i>postinero<\/i><\/div>\n<div><i>Con la <\/i><i>crema de <\/i><i>la <\/i><\/div>\n<div><i>Intelectualidad <\/i><i><br \/>\n<\/i><\/div>\n<div><i>y la <\/i><i>gracia de <\/i><i>un piropo <\/i><\/div>\n<div><i>retrechero<\/i><\/div>\n<div><i>m\u00e1s castizo que <\/i><i>la calle <\/i><i>de <\/i><i>Alcal\u00e1.<\/i><\/div>\n<div><i>\u00a0<\/i><\/div>\n<div><i>Madrid, Madrid,Madrid<\/i><\/div>\n<div><i>pedazo <\/i><i>de <\/i><i>la Espa\u00f1a en <\/i><\/div>\n<div><i>qu\u00e9 <\/i><i>nac\u00ed<\/i><\/div>\n<div><i>Por algo te <\/i><i>hizo <\/i><i>Dios <\/i><\/div>\n<div><i>la cuna del requiebro del <\/i><i>chotis <\/i><i><br \/>\n<\/i><\/div>\n<div><i>en M\u00e9jico se piensa mucho en t\u00ed<\/i><\/div>\n<div><i>por el sabor que tienen tus verbenas<\/i><\/div>\n<div><i>por tantas cosas buenas<\/i><\/div>\n<div><i>que so\u00f1amos desde aqu\u00ed;<\/i><\/div>\n<div><i>y vas a ver lo que es canela fina<\/i><\/div>\n<div><i>y armar la tremolina<\/i><\/div>\n<div><i>cuando llegues a Madrid.<\/i>\u201d<\/div>\n<div><\/div>\n<div>\u00a1Feliz San Isidro! <i><br \/>\n<\/i><\/div>\n<!-- AddThis Advanced Settings generic via filter on the_content --><!-- AddThis Share Buttons generic via filter on the_content -->","protected":false},"excerpt":{"rendered":"<p>Llevo muchos a\u00f1os viviendo en Madrid y siempre me he sentido bien acogida. Hoy, d\u00eda de San Isidro, recuerdo con este chotis con letra de Agust\u00edn Lara , a la cuidad que me vio crecer como periodista, como madre, como madrile\u00f1a de adopci\u00f3n. \u201cCuando llegues a Madrid, chulona m\u00eda voy a hacerte emperatriz de Lavapi\u00e9s; [&hellip;]<!-- AddThis Advanced Settings generic via filter on get_the_excerpt --><!-- AddThis Share Buttons generic via filter on get_the_excerpt --><\/p>\n","protected":false},"author":40,"featured_media":0,"comment_status":"open","ping_status":"closed","sticky":false,"template":"","format":"standard","meta":[],"categories":[1],"tags":[],"_links":{"self":[{"href":"https:\/\/blogs.diariovasco.com\/mirandoalabahia\/wp-json\/wp\/v2\/posts\/1384"}],"collection":[{"href":"https:\/\/blogs.diariovasco.com\/mirandoalabahia\/wp-json\/wp\/v2\/posts"}],"about":[{"href":"https:\/\/blogs.diariovasco.com\/mirandoalabahia\/wp-json\/wp\/v2\/types\/post"}],"author":[{"embeddable":true,"href":"https:\/\/blogs.diariovasco.com\/mirandoalabahia\/wp-json\/wp\/v2\/users\/40"}],"replies":[{"embeddable":true,"href":"https:\/\/blogs.diariovasco.com\/mirandoalabahia\/wp-json\/wp\/v2\/comments?post=1384"}],"version-history":[{"count":1,"href":"https:\/\/blogs.diariovasco.com\/mirandoalabahia\/wp-json\/wp\/v2\/posts\/1384\/revisions"}],"predecessor-version":[{"id":1386,"href":"https:\/\/blogs.diariovasco.com\/mirandoalabahia\/wp-json\/wp\/v2\/posts\/1384\/revisions\/1386"}],"wp:attachment":[{"href":"https:\/\/blogs.diariovasco.com\/mirandoalabahia\/wp-json\/wp\/v2\/media?parent=1384"}],"wp:term":[{"taxonomy":"category","embeddable":true,"href":"https:\/\/blogs.diariovasco.com\/mirandoalabahia\/wp-json\/wp\/v2\/categories?post=1384"},{"taxonomy":"post_tag","embeddable":true,"href":"https:\/\/blogs.diariovasco.com\/mirandoalabahia\/wp-json\/wp\/v2\/tags?post=1384"}],"curies":[{"name":"wp","href":"https:\/\/api.w.org\/{rel}","templated":true}]}}