{"id":1470,"date":"2019-06-11T22:26:02","date_gmt":"2019-06-11T21:26:02","guid":{"rendered":"https:\/\/blogs.diariovasco.com\/mirandoalabahia\/?p=1470"},"modified":"2019-06-11T22:27:33","modified_gmt":"2019-06-11T21:27:33","slug":"vargas-llosa-publicara-nueva-novela-en-octubre","status":"publish","type":"post","link":"https:\/\/blogs.diariovasco.com\/mirandoalabahia\/2019\/06\/11\/vargas-llosa-publicara-nueva-novela-en-octubre\/","title":{"rendered":"VARGAS LLOSA PUBLICAR\u00c1 NUEVA NOVELA EN OCTUBRE"},"content":{"rendered":"<div><img loading=\"lazy\" class=\"alignleft size-medium wp-image-1471\" src=\"https:\/\/static-blogs.diariovasco.com\/wp-content\/uploads\/sites\/23\/2019\/06\/0-3-300x200.jpeg\" alt=\"0\" width=\"300\" height=\"200\" srcset=\"https:\/\/static-blogs.diariovasco.com\/wp-content\/uploads\/sites\/23\/2019\/06\/0-3-300x200.jpeg 300w, https:\/\/static-blogs.diariovasco.com\/wp-content\/uploads\/sites\/23\/2019\/06\/0-3-768x511.jpeg 768w, https:\/\/static-blogs.diariovasco.com\/wp-content\/uploads\/sites\/23\/2019\/06\/0-3-628x418.jpeg 628w, https:\/\/static-blogs.diariovasco.com\/wp-content\/uploads\/sites\/23\/2019\/06\/0-3.jpeg 1024w\" sizes=\"(max-width: 300px) 100vw, 300px\" \/><\/div>\n<div>El premio Nobel Mario Vargas Llosa publicar\u00e1 <i>Tiempos recios<\/i>, una novela cuyo t\u00edtulo hace alusi\u00f3n a una cita de Santa Teresa de \u00c1vila seg\u00fan ha contado hoy el escritor en el Pabell\u00f3n de la Rep\u00fablica Dominicana de la Feria del libro de Madrid ( pa\u00eds invitado en la feria) en el marco de una conversaci\u00f3n con la poeta Soledad \u00c1lvarez.<\/div>\n<div>La historia en la que se basa la novela, que ver\u00e1 la luz hacia el mes de octubre, le lleg\u00f3 a trav\u00e9s de un amigo dominicano.<\/div>\n<div>Al premio Nobel 2010 le atrae el tema. Ya lo hizo en <i>Conversaciones en la Catedral<\/i> y <i>La fiesta del Chivo<\/i> y ahora repite con el caso de Jacobo Arbenz en Guatemala. Es la historia de un presidente derrocado que se enfrent\u00f3 al poder imperial de la United Fruit Company. Es el tema del poder el que tanto atrae a Vargas Llosa.<\/div>\n<!-- AddThis Advanced Settings generic via filter on the_content --><!-- AddThis Share Buttons generic via filter on the_content -->","protected":false},"excerpt":{"rendered":"<p>El premio Nobel Mario Vargas Llosa publicar\u00e1 Tiempos recios, una novela cuyo t\u00edtulo hace alusi\u00f3n a una cita de Santa Teresa de \u00c1vila seg\u00fan ha contado hoy el escritor en el Pabell\u00f3n de la Rep\u00fablica Dominicana de la Feria del libro de Madrid ( pa\u00eds invitado en la feria) en el marco de una conversaci\u00f3n [&hellip;]<!-- AddThis Advanced Settings generic via filter on get_the_excerpt --><!-- AddThis Share Buttons generic via filter on get_the_excerpt --><\/p>\n","protected":false},"author":40,"featured_media":0,"comment_status":"open","ping_status":"closed","sticky":false,"template":"","format":"standard","meta":[],"categories":[1],"tags":[],"_links":{"self":[{"href":"https:\/\/blogs.diariovasco.com\/mirandoalabahia\/wp-json\/wp\/v2\/posts\/1470"}],"collection":[{"href":"https:\/\/blogs.diariovasco.com\/mirandoalabahia\/wp-json\/wp\/v2\/posts"}],"about":[{"href":"https:\/\/blogs.diariovasco.com\/mirandoalabahia\/wp-json\/wp\/v2\/types\/post"}],"author":[{"embeddable":true,"href":"https:\/\/blogs.diariovasco.com\/mirandoalabahia\/wp-json\/wp\/v2\/users\/40"}],"replies":[{"embeddable":true,"href":"https:\/\/blogs.diariovasco.com\/mirandoalabahia\/wp-json\/wp\/v2\/comments?post=1470"}],"version-history":[{"count":1,"href":"https:\/\/blogs.diariovasco.com\/mirandoalabahia\/wp-json\/wp\/v2\/posts\/1470\/revisions"}],"predecessor-version":[{"id":1472,"href":"https:\/\/blogs.diariovasco.com\/mirandoalabahia\/wp-json\/wp\/v2\/posts\/1470\/revisions\/1472"}],"wp:attachment":[{"href":"https:\/\/blogs.diariovasco.com\/mirandoalabahia\/wp-json\/wp\/v2\/media?parent=1470"}],"wp:term":[{"taxonomy":"category","embeddable":true,"href":"https:\/\/blogs.diariovasco.com\/mirandoalabahia\/wp-json\/wp\/v2\/categories?post=1470"},{"taxonomy":"post_tag","embeddable":true,"href":"https:\/\/blogs.diariovasco.com\/mirandoalabahia\/wp-json\/wp\/v2\/tags?post=1470"}],"curies":[{"name":"wp","href":"https:\/\/api.w.org\/{rel}","templated":true}]}}