{"id":1551,"date":"2019-07-17T15:59:09","date_gmt":"2019-07-17T14:59:09","guid":{"rendered":"https:\/\/blogs.diariovasco.com\/mirandoalabahia\/?p=1551"},"modified":"2019-07-17T15:59:09","modified_gmt":"2019-07-17T14:59:09","slug":"ciao-camilleri","status":"publish","type":"post","link":"https:\/\/blogs.diariovasco.com\/mirandoalabahia\/2019\/07\/17\/ciao-camilleri\/","title":{"rendered":"CIAO CAMILLERI"},"content":{"rendered":"<p><img loading=\"lazy\" class=\"alignleft size-medium wp-image-1552\" src=\"https:\/\/static-blogs.diariovasco.com\/wp-content\/uploads\/sites\/23\/2019\/07\/0-2-300x169.jpeg\" alt=\"0\" width=\"300\" height=\"169\" srcset=\"https:\/\/static-blogs.diariovasco.com\/wp-content\/uploads\/sites\/23\/2019\/07\/0-2-300x169.jpeg 300w, https:\/\/static-blogs.diariovasco.com\/wp-content\/uploads\/sites\/23\/2019\/07\/0-2-628x353.jpeg 628w, https:\/\/static-blogs.diariovasco.com\/wp-content\/uploads\/sites\/23\/2019\/07\/0-2.jpeg 654w\" sizes=\"(max-width: 300px) 100vw, 300px\" \/><\/p>\n<p>El escritor siciliano Andrea Camilleri me recibi\u00f3 en su casa de Roma con una paciencia infinita y muchas ganas de hablar pese a que el o\u00eddo ya le fallaba y los a\u00f1os le pesaban. Sal\u00ed de su casa feliz, algo m\u00e1s sabia y admir\u00e1ndole aun m\u00e1s.<br \/>\nMi amigo Carlos, comparte desde hace muchos a\u00f1os la misma fascinaci\u00f3n que yo por el escritor y la persona. \u00c9l tambi\u00e9n estuvo en su casa y le entrevist\u00f3 en varias ocasiones y hoy ya le echamos de menos.<br \/>\nHace ya algunos a\u00f1os que los dos habl\u00e1bamos de la edad de este gran escritor Siciliano con temor y pena y segu\u00edamos recomend\u00e1ndonos sus novelas. Fue un autor muy prolijo y deja tras de s\u00ed t\u00edtulos como &#8216;La forma dell&#8217;acqua&#8217;, que dio origen a la exitosa saga del comisario Montalbano, un jefe de polic\u00eda siciliano brusco pero de buen coraz\u00f3n, con una fuerte reputaci\u00f3n de insubordinaci\u00f3n, una gran agudeza mental y un insaciable apetito por la cocina local. El investigador envejece y es consciente de ello, pero no ha perdido su olfato ni la capacidad para corregir sobre la marcha cuando se da cuenta de que est\u00e1 equivocado.<br \/>\nAndrea Camilleri, escritor, guionista y director de teatro narraba con una gran carga humanista y era un firme defensor de los derechos humanos de los migrantes. Ha sido y seguir\u00e1 si\u00e9ndolo una figura de gran estatura moral. Se ha ido casi sin ver, a los 93 a\u00f1os pero con una agudeza moral que va a dejar una huella imborrable.<br \/>\nAmigo, se nos va un referente pero nos quedar\u00e1n siempre sus libros.<br \/>\nSi no lo hab\u00e9is le\u00eddo, ese es el mejor homenaje que se le puede hacer. Yo, desde mi terraza, no puedo evitar pensar en esa tarde romana junto a \u00e9l. Doy gracias a la vida como la canci\u00f3n que tan bien cantaba Violeta Parra por haberle conocido. Ciao Camilleri, ci vediamo.<\/p>\n<!-- AddThis Advanced Settings generic via filter on the_content --><!-- AddThis Share Buttons generic via filter on the_content -->","protected":false},"excerpt":{"rendered":"<p>El escritor siciliano Andrea Camilleri me recibi\u00f3 en su casa de Roma con una paciencia infinita y muchas ganas de hablar pese a que el o\u00eddo ya le fallaba y los a\u00f1os le pesaban. Sal\u00ed de su casa feliz, algo m\u00e1s sabia y admir\u00e1ndole aun m\u00e1s. Mi amigo Carlos, comparte desde hace muchos a\u00f1os la [&hellip;]<!-- AddThis Advanced Settings generic via filter on get_the_excerpt --><!-- AddThis Share Buttons generic via filter on get_the_excerpt --><\/p>\n","protected":false},"author":40,"featured_media":0,"comment_status":"open","ping_status":"closed","sticky":false,"template":"","format":"standard","meta":[],"categories":[1],"tags":[],"_links":{"self":[{"href":"https:\/\/blogs.diariovasco.com\/mirandoalabahia\/wp-json\/wp\/v2\/posts\/1551"}],"collection":[{"href":"https:\/\/blogs.diariovasco.com\/mirandoalabahia\/wp-json\/wp\/v2\/posts"}],"about":[{"href":"https:\/\/blogs.diariovasco.com\/mirandoalabahia\/wp-json\/wp\/v2\/types\/post"}],"author":[{"embeddable":true,"href":"https:\/\/blogs.diariovasco.com\/mirandoalabahia\/wp-json\/wp\/v2\/users\/40"}],"replies":[{"embeddable":true,"href":"https:\/\/blogs.diariovasco.com\/mirandoalabahia\/wp-json\/wp\/v2\/comments?post=1551"}],"version-history":[{"count":1,"href":"https:\/\/blogs.diariovasco.com\/mirandoalabahia\/wp-json\/wp\/v2\/posts\/1551\/revisions"}],"predecessor-version":[{"id":1553,"href":"https:\/\/blogs.diariovasco.com\/mirandoalabahia\/wp-json\/wp\/v2\/posts\/1551\/revisions\/1553"}],"wp:attachment":[{"href":"https:\/\/blogs.diariovasco.com\/mirandoalabahia\/wp-json\/wp\/v2\/media?parent=1551"}],"wp:term":[{"taxonomy":"category","embeddable":true,"href":"https:\/\/blogs.diariovasco.com\/mirandoalabahia\/wp-json\/wp\/v2\/categories?post=1551"},{"taxonomy":"post_tag","embeddable":true,"href":"https:\/\/blogs.diariovasco.com\/mirandoalabahia\/wp-json\/wp\/v2\/tags?post=1551"}],"curies":[{"name":"wp","href":"https:\/\/api.w.org\/{rel}","templated":true}]}}