{"id":859,"date":"2018-09-11T15:47:35","date_gmt":"2018-09-11T14:47:35","guid":{"rendered":"https:\/\/blogs.diariovasco.com\/mirandoalabahia\/?p=859"},"modified":"2018-09-11T15:47:35","modified_gmt":"2018-09-11T14:47:35","slug":"rupi-kaur","status":"publish","type":"post","link":"https:\/\/blogs.diariovasco.com\/mirandoalabahia\/2018\/09\/11\/rupi-kaur\/","title":{"rendered":"RUPI KAUR"},"content":{"rendered":"<p><img loading=\"lazy\" class=\"alignleft size-full wp-image-861\" src=\"https:\/\/static-blogs.diariovasco.com\/wp-content\/uploads\/sites\/23\/2018\/09\/IMG_6730.jpg\" alt=\"img_6730\" width=\"1728\" height=\"2592\" srcset=\"https:\/\/static-blogs.diariovasco.com\/wp-content\/uploads\/sites\/23\/2018\/09\/IMG_6730.jpg 1728w, https:\/\/static-blogs.diariovasco.com\/wp-content\/uploads\/sites\/23\/2018\/09\/IMG_6730-200x300.jpg 200w, https:\/\/static-blogs.diariovasco.com\/wp-content\/uploads\/sites\/23\/2018\/09\/IMG_6730-768x1152.jpg 768w, https:\/\/static-blogs.diariovasco.com\/wp-content\/uploads\/sites\/23\/2018\/09\/IMG_6730-419x628.jpg 419w\" sizes=\"(max-width: 1728px) 100vw, 1728px\" \/><\/p>\n<p>La poeta e ilustradora Rupi Kaur y de origen punyab\u00ed-canadiense, es hoy en d\u00eda una de las escritoras m\u00e1s populares del mundo. Public\u00f3 su primer poemario en 2014, Otras maneras de usar la boca, cuyos derechos de traducci\u00f3n han sido vendidos a treinta y cinco idiomas, adem\u00e1s de aparecer en la lista de m\u00e1s vendidos de The New York Times durante dos a\u00f1os ininterrumpidos. El sol y sus flores es su segundo gran poemario. El \u00e9xito de ambos, con m\u00e1s de cuatro millones y medio de ejemplares vendidos, la convierte en la voz de una generaci\u00f3n y en un referente por su perfil feminista y de gran conciencia social.<\/p>\n<p>Seix Barral publica El sol y sus flores y recupera Otras maneras de usar la boca, ambos con traducci\u00f3n de la joven poeta Elvira Sastre. Rupi Kaur se estableci\u00f3\u0301 en Ontario con sus padres desde su Punyab natal cuando contaba tres a\u00f1os y medio. Ha declarado que su vocaci\u00f3n art\u00edstica naci\u00f3\u0301 dos a\u00f1os m\u00e1s tarde, en el momento en que su madre le entreg\u00f3 unos pinceles al grito de \u00abdibuja lo que guardas en el coraz\u00f3n\u00bb. Su familia no dispon\u00eda de medios para viajar o comprarlelos juguetes que ten\u00edan otros ni\u00f1os, as\u00ed que dibujar y visitar<br \/>\nla biblioteca se convirtieron en sus pasatiempos preferidos.<br \/>\nEn 2014, tras licenciarse en Ret\u00f3rica, autoedit\u00f3 conveintid\u00f3s a\u00f1os el poemario otras maneras de usar la boca \u2014publicado un a\u00f1o despu\u00e9s por el sello Andrews McMeel Publishing y que Seix Barral recupera ahora.<br \/>\nLa obra alcanz\u00f3 un gran \u00e9xito de ventas despu\u00e9s de que su autora se convirtiera en un fen\u00f3meno en las redes sociales<br \/>\ny la situ\u00f3\u0301 como una voz po\u00e9tica de enorme relevancia enel \u00e1mbito feminista.<br \/>\nSu segundo libro, El sol y sus flores, apareci\u00f3\u0301 en el mercado anglosaj\u00f3n a finales del 2017, coron\u00f3 la lista de libros m\u00e1s vendidos de The New York Times y se aup\u00f3\u0301 a la lista de best sellers de Amazon la misma semana de su lanzamiento, conectando de nuevo con una comunidad enorme de lectores gracias al hecho de abordar con franqueza y valent\u00eda temas \u00edntimos y tambi\u00e9n por la denuncia de graves injusticias sociales.<\/p>\n<p>No os perd\u00e1is estos dos v\u00eddeos en los que escuchar\u00e9is la lectura de algunos poemas de El sol y sus flores por M\u00f3nica Carrillo, Leticia Dolera, Vanesa Mart\u00edn, Gemma Nierga, Elvira Sastre ( traductora de sus poemas al espa\u00f1ol) Ingrid Rubio, Mar\u00eda Due\u00f1as y Luna Miguel.<\/p>\n<p><a href=\"https:\/\/youtu.be\/cdtHe4C9CBw\" rel=\"external nofollow\">https:\/\/youtu.be\/cdtHe4C9CBw<\/a><\/p>\n<p><a href=\"https:\/\/youtu.be\/13FcFkSr-yY\" rel=\"external nofollow\">https:\/\/youtu.be\/13FcFkSr-yY<\/a><\/p>\n<p>Y si todav\u00eda os qued\u00e1is con m\u00e1s ganas y quer\u00e9is escucharla a ella , id a la Ted Talk I\u2019m taking my body back.<\/p>\n<p>\u00a1Feliz semana a todos!<img loading=\"lazy\" class=\"alignleft size-full wp-image-862\" src=\"https:\/\/static-blogs.diariovasco.com\/wp-content\/uploads\/sites\/23\/2018\/09\/IMG_6729.jpg\" alt=\"img_6729\" width=\"1000\" height=\"1556\" srcset=\"https:\/\/static-blogs.diariovasco.com\/wp-content\/uploads\/sites\/23\/2018\/09\/IMG_6729.jpg 1000w, https:\/\/static-blogs.diariovasco.com\/wp-content\/uploads\/sites\/23\/2018\/09\/IMG_6729-193x300.jpg 193w, https:\/\/static-blogs.diariovasco.com\/wp-content\/uploads\/sites\/23\/2018\/09\/IMG_6729-768x1195.jpg 768w, https:\/\/static-blogs.diariovasco.com\/wp-content\/uploads\/sites\/23\/2018\/09\/IMG_6729-404x628.jpg 404w\" sizes=\"(max-width: 1000px) 100vw, 1000px\" \/><\/p>\n<!-- AddThis Advanced Settings generic via filter on the_content --><!-- AddThis Share Buttons generic via filter on the_content -->","protected":false},"excerpt":{"rendered":"<p>La poeta e ilustradora Rupi Kaur y de origen punyab\u00ed-canadiense, es hoy en d\u00eda una de las escritoras m\u00e1s populares del mundo. Public\u00f3 su primer poemario en 2014, Otras maneras de usar la boca, cuyos derechos de traducci\u00f3n han sido vendidos a treinta y cinco idiomas, adem\u00e1s de aparecer en la lista de m\u00e1s vendidos [&hellip;]<!-- AddThis Advanced Settings generic via filter on get_the_excerpt --><!-- AddThis Share Buttons generic via filter on get_the_excerpt --><\/p>\n","protected":false},"author":40,"featured_media":0,"comment_status":"open","ping_status":"closed","sticky":false,"template":"","format":"standard","meta":[],"categories":[1],"tags":[],"_links":{"self":[{"href":"https:\/\/blogs.diariovasco.com\/mirandoalabahia\/wp-json\/wp\/v2\/posts\/859"}],"collection":[{"href":"https:\/\/blogs.diariovasco.com\/mirandoalabahia\/wp-json\/wp\/v2\/posts"}],"about":[{"href":"https:\/\/blogs.diariovasco.com\/mirandoalabahia\/wp-json\/wp\/v2\/types\/post"}],"author":[{"embeddable":true,"href":"https:\/\/blogs.diariovasco.com\/mirandoalabahia\/wp-json\/wp\/v2\/users\/40"}],"replies":[{"embeddable":true,"href":"https:\/\/blogs.diariovasco.com\/mirandoalabahia\/wp-json\/wp\/v2\/comments?post=859"}],"version-history":[{"count":4,"href":"https:\/\/blogs.diariovasco.com\/mirandoalabahia\/wp-json\/wp\/v2\/posts\/859\/revisions"}],"predecessor-version":[{"id":865,"href":"https:\/\/blogs.diariovasco.com\/mirandoalabahia\/wp-json\/wp\/v2\/posts\/859\/revisions\/865"}],"wp:attachment":[{"href":"https:\/\/blogs.diariovasco.com\/mirandoalabahia\/wp-json\/wp\/v2\/media?parent=859"}],"wp:term":[{"taxonomy":"category","embeddable":true,"href":"https:\/\/blogs.diariovasco.com\/mirandoalabahia\/wp-json\/wp\/v2\/categories?post=859"},{"taxonomy":"post_tag","embeddable":true,"href":"https:\/\/blogs.diariovasco.com\/mirandoalabahia\/wp-json\/wp\/v2\/tags?post=859"}],"curies":[{"name":"wp","href":"https:\/\/api.w.org\/{rel}","templated":true}]}}