{"id":871,"date":"2018-12-10T14:06:14","date_gmt":"2018-12-10T13:06:14","guid":{"rendered":"https:\/\/blogs.diariovasco.com\/mirandoalabahia\/?p=871"},"modified":"2018-12-10T16:29:14","modified_gmt":"2018-12-10T15:29:14","slug":"por-amor-al-arte-2","status":"publish","type":"post","link":"https:\/\/blogs.diariovasco.com\/mirandoalabahia\/2018\/12\/10\/por-amor-al-arte-2\/","title":{"rendered":"POR AMOR AL ARTE"},"content":{"rendered":"<p><strong>\u201cUna vez que el arte te engancha, ya no te abandona\u201d<\/strong><\/p>\n<p>&nbsp;<\/p>\n<div id=\"attachment_882\" style=\"width: 364px\" class=\"wp-caption alignleft\"><img aria-describedby=\"caption-attachment-882\" loading=\"lazy\" class=\"size-large wp-image-882\" src=\"https:\/\/static-blogs.diariovasco.com\/wp-content\/uploads\/sites\/23\/2018\/12\/4E15922B-F721-4ACF-A829-CD91FC841B4E-354x628.jpeg\" alt=\"El arquitecto eibarres con un cuadro de su exposici\u00f3n.\" width=\"354\" height=\"628\" srcset=\"https:\/\/static-blogs.diariovasco.com\/wp-content\/uploads\/sites\/23\/2018\/12\/4E15922B-F721-4ACF-A829-CD91FC841B4E-354x628.jpeg 354w, https:\/\/static-blogs.diariovasco.com\/wp-content\/uploads\/sites\/23\/2018\/12\/4E15922B-F721-4ACF-A829-CD91FC841B4E-169x300.jpeg 169w, https:\/\/static-blogs.diariovasco.com\/wp-content\/uploads\/sites\/23\/2018\/12\/4E15922B-F721-4ACF-A829-CD91FC841B4E.jpeg 577w\" sizes=\"(max-width: 354px) 100vw, 354px\" \/><p id=\"caption-attachment-882\" class=\"wp-caption-text\">El arquitecto eibarr\u00e9s Fernando G\u00e1rate con un cuadro de su exposici\u00f3n.<\/p><\/div>\n<div id=\"attachment_876\" style=\"width: 235px\" class=\"wp-caption alignleft\"><img aria-describedby=\"caption-attachment-876\" loading=\"lazy\" class=\"wp-image-876 size-medium\" src=\"https:\/\/static-blogs.diariovasco.com\/wp-content\/uploads\/sites\/23\/2018\/11\/0-1-225x300.jpeg\" alt=\"Libro gu\u00eda de la exposici\u00f3n.\" width=\"225\" height=\"300\" srcset=\"https:\/\/static-blogs.diariovasco.com\/wp-content\/uploads\/sites\/23\/2018\/11\/0-1-225x300.jpeg 225w, https:\/\/static-blogs.diariovasco.com\/wp-content\/uploads\/sites\/23\/2018\/11\/0-1-471x628.jpeg 471w, https:\/\/static-blogs.diariovasco.com\/wp-content\/uploads\/sites\/23\/2018\/11\/0-1.jpeg 675w\" sizes=\"(max-width: 225px) 100vw, 225px\" \/><p id=\"caption-attachment-876\" class=\"wp-caption-text\">Libro gu\u00eda de la exposici\u00f3n.<\/p><\/div>\n<p>&nbsp;<\/p>\n<p>&nbsp;<\/p>\n<p>&nbsp;<\/p>\n<p>&nbsp;<\/p>\n<p>&nbsp;<\/p>\n<p>&nbsp;<\/p>\n<p>&nbsp;<\/p>\n<p>&nbsp;<\/p>\n<p><span style=\"font-weight: 400;\">Aparentemente, el arquitecto eibarr\u00e9s Fernando G\u00e1rate es un hombre t\u00edmido, poco dado a alardear de \u00a0todo lo que sabe y un disfrut\u00f3n de la vida. De las dos \u00faltimas cosas, estoy segura, de su timidez, no tanto. Hace tiempo que quiero hablar de \u00e9l en este blog y fue cuando recib\u00ed de regalo su libro Bizi Moduz, \u00a0con una dedicatoria muy cari\u00f1osa, cuando vi claro que aunque tal vez me fuera a poner alguna pega por ser un hombre discreto, iba a contar aqu\u00ed su amor por el arte. <\/span><\/p>\n<p><span style=\"font-weight: 400;\"> Como ocurre muchas veces, me puse la venda antes de la herida porque enseguida acept\u00f3 y me contest\u00f3 \u00a0a unas cuantas preguntas que ten\u00eda ganas de formul\u00e1rselas desde hac\u00eda tiempo. S\u00e9 que respondi\u00f3 pacientemente por el cari\u00f1o que nos tenemos y tambi\u00e9n s\u00e9 que os interesar\u00e1 su historia.<\/span><\/p>\n<p><span style=\"font-weight: 400;\"> \u00a0Como peque\u00f1a an\u00e9cdota quer\u00eda contaros antes que cuando me cambi\u00e9 de casa, compr\u00e9 un cuadro que preside mi dormitorio, es un ojo de buey que me remite al mar y fue Fernando quien me aconsej\u00f3 esa compra. Me encanta el cuadro. Te tiene que gustar mucho un cuadro para acostarte y levantarte todas las ma\u00f1anas vi\u00e9ndolo. Es como el amor, tiene que ser muy verdadero para levantarte y acostarte todas las noches con la misma persona y mirarla con la misma pasi\u00f3n. Con este cuadro, me pasa. <\/span><\/p>\n<p><span style=\"font-weight: 400;\">\u00a0Me gustar\u00eda que \u00a0con esta entrevista vierais \u00a0c\u00f3mo un amante del arte se puede convertir en un gran coleccionista y c\u00f3mo el arte nos alegra la vida. Ya lo dijo Nietzsche, <\/span><i>\u201csin arte, la vida ser\u00eda<\/i> <i>un error.\u201d<\/i><span style=\"font-weight: 400;\"> \u00a0Seguro que Fernando G\u00e1rate \u00a0opina lo mismo. La vida sin arte, no ser\u00eda vida.<\/span><\/p>\n<p>&nbsp;<\/p>\n<p><b>P: \u00bfQu\u00e9 recuerdos tienes de tu primera obra comprada? \u00bfFue <\/b><b><i>Mayo<\/i><\/b> <b><i>en el barrio de Santa Cruz<\/i><\/b><b> o recuerdas alguna menos importante que comprases sin pensar en nada m\u00e1s que en la emoci\u00f3n que te proporcionaba?<\/b><\/p>\n<p><span style=\"font-weight: 400;\">\u00a0<\/span><span style=\"font-weight: 400;\">R: Cada compra es \u00fanica,\u00a0 cada cual tiene sus matices, sensaciones, del lugar, del momento de tu vida en que se produce, y cuando la observas, vuelves a descubrir en ella aquello que te atrajo, aquello que te incit\u00f3 a querer tenerla para siempre, pero tambi\u00e9n recuerdas el <\/span><span style=\"font-weight: 400;\">momento en que la adquiriste, qu\u00e9 sent\u00edas entonces&#8230; un batiburrillo de sensaciones muy placenteras o, seg\u00fan el momento, no tanto.<\/span><\/p>\n<p><span style=\"font-weight: 400;\">Cierto es que la primera adquisici\u00f3n fue importante, porque marc\u00f3 el inicio de una afici\u00f3n, o mejor dicho, de una adicci\u00f3n, porque una vez que te engancha el arte, no puedes dejarlo ya nunca&#8230; <\/span><\/p>\n<p>&nbsp;<\/p>\n<p><b>P: En uno de los pr\u00f3logos del libro sobre la exposici\u00f3n, advierten que no te consideras coleccionista? \u00bfPor qu\u00e9 no?<\/b><\/p>\n<p><span style=\"font-weight: 400;\">R: Siempre he comprado por el placer que me produc\u00eda cada obra que ve\u00eda, cada artista que me transmit\u00eda algo&#8230; al final me convert\u00ed en coleccionista sin quererlo.<\/span><\/p>\n<p><span style=\"font-weight: 400;\">\u00a0<\/span><\/p>\n<p><b>P: Me hago la misma pregunta que Alberto de Juan \u00bfCu\u00e1ndo se pasa de comprar obras de arte a ser coleccionista?<\/b><\/p>\n<p><span style=\"font-weight: 400;\">\u00a0<\/span><span style=\"font-weight: 400;\">&#8220;Cuando te das cuenta de que\u00a0 ya no tienes ni espacio para disfrutarlas en el d\u00eda a d\u00eda. Cuando dedicas parte de tu tiempo a investigar, a buscar nuevos artistas, cuando parte de tu vida y de tus medios se dedican al arte&#8230;, \u00a1cuando te ri\u00f1en por comprar tanto&#8230;!<\/span><\/p>\n<p>&nbsp;<\/p>\n<p><b>P: \u00bfC\u00f3mo las reubicas cuando entran nuevos cuadros?<\/b><\/p>\n<p><span style=\"font-weight: 400;\">R: Buff\u2026 \u00a0buena pregunta\u2026 \u00a0casi se la paso a mi mujer\u2026 \u00a0la verdad es que algunas obras las tengo cedidas a hoteles, a empresas, o descansan en mi Txoko particular. <\/span><\/p>\n<p><span style=\"font-weight: 400;\">\u00a0<\/span><\/p>\n<p><b>P: \u00bfTienes una obra favorita? \u00bfAlg\u00fan recuerdo de alguna compra que te costase, que \u00a0tuvieras que negociar, perseguir o buscar ?<\/b><\/p>\n<p><span style=\"font-weight: 400;\">R: Quiz\u00e1s la pieza de Heimo Zoberning. Este artista siempre me ha interesado pero me parec\u00eda muy dif\u00edcil acceder por su \u00a0precio. Consegu\u00ed llegar a un acuerdo a tres bandas con otro coleccionista y \u00a0la galer\u00eda de Juana de Aizpuru para que, previo acuerdo y arreglo econ\u00f3mico nos qued\u00e1ramos satisfechas las tres bandas.<\/span><\/p>\n<p>&nbsp;<\/p>\n<p><b>P: \u00bfQu\u00e9 te impulsa a comprar una obra?<\/b><span style=\"font-weight: 400;\">\u00a0<\/span><\/p>\n<p><span style=\"font-weight: 400;\">R: Nunca mejor dicho, cada\u00a0 compra obedece a\u00a0 un impulso. Leo, veo, observo, y en ese proceso surgen impulsos de querer hacerme con una obra concreta que me cautiva y de\u00a0 tenerla para siempre; otra cosa es que luego pueda acceder a ello o no&#8230;\u201d<\/span><\/p>\n<p>&nbsp;<\/p>\n<p><b>P : \u00bfC\u00f3mo surgi\u00f3 el t\u00edtulo de la colecci\u00f3n?<\/b><\/p>\n<p><span style=\"font-weight: 400;\">R: Como todo lo bueno, alrededor de una buena comida y unos buenos amigos. Entre ellos mi amigo y artista Amondarain comisario de la exposici\u00f3n, a quien le agradezco much\u00edsimo haberme animado a dar el paso.<\/span><\/p>\n<p><span style=\"font-weight: 400;\">\u00a0<\/span><\/p>\n<p><b>P: Parece que te gustan los colores vivos y las l\u00edneas rectas geom\u00e9tricas&#8230;. \u00bfMe equivoco? \u00bfEsa es tu parte de arquitecto?<\/b><span style=\"font-weight: 400;\">\u00a0<\/span><\/p>\n<p><span style=\"font-weight: 400;\">R: Buena reflexi\u00f3n, pudiera ser \u00a1aunque hasta ahora no lo hab\u00eda pensado!<\/span><br \/>\n<b>P: \u00a0\u00bfQu\u00e9 reto tienes ahora? <\/b><span style=\"font-weight: 400;\">\u00a0<\/span><\/p>\n<p><span style=\"font-weight: 400;\">R: Nunca pens\u00e9 en exponer; de hecho, pocos sab\u00edan de la existencia de mi colecci\u00f3n pero estaba en un momento\u00a0 en que s\u00ed sent\u00eda la necesidad de ordenar, organizar y poner en valor aquello a lo que he dedicado gran parte de mi vida y, desde esa \u00f3ptica, la exposici\u00f3n me ha ayudado a conseguirlo. Ahora bien,\u00a0 si se\u00a0 trata de imaginar\u00a0 y de so\u00f1ar \u00a0\u00a1me encantar\u00eda poder tener un Picasso!<\/span><\/p>\n<p><span style=\"font-weight: 400;\">\u00a0<\/span><\/p>\n<p><b>P: \u00bfHasta cu\u00e1ndo estar\u00e1 expuesta tu obra? \u00bfPodremos verla en m\u00e1s sitios?\u00a0 \u00a0\u00a0\u00a0\u00a0\u00a0<\/b><\/p>\n<p><span style=\"font-weight: 400;\">R: La exposici\u00f3n de Bilbao ya ha terminado;\u00a0\u00a0 tengo que decir me han sorprendido en positivo las cr\u00edticas y las visitas recibidas, as\u00ed que no me Importar\u00eda repetirla en otro espacio.<\/span><\/p>\n<p><span style=\"font-weight: 400;\">\u00a0<\/span><\/p>\n<p><span style=\"font-weight: 400;\">\u00a1Me encanta que la gente disfrute del arte! As\u00ed \u00a0de claro concluye Fernando, porque como dijo Chagall, <\/span><i><span style=\"font-weight: 400;\">el arte es sobre todo un estado del alma.<\/span><\/i><\/p>\n<p>&nbsp;<\/p>\n<!-- AddThis Advanced Settings generic via filter on the_content --><!-- AddThis Share Buttons generic via filter on the_content -->","protected":false},"excerpt":{"rendered":"<p>\u201cUna vez que el arte te engancha, ya no te abandona\u201d &nbsp; &nbsp; &nbsp; &nbsp; &nbsp; &nbsp; &nbsp; &nbsp; &nbsp; Aparentemente, el arquitecto eibarr\u00e9s Fernando G\u00e1rate es un hombre t\u00edmido, poco dado a alardear de \u00a0todo lo que sabe y un disfrut\u00f3n de la vida. De las dos \u00faltimas cosas, estoy segura, de su timidez, [&hellip;]<!-- AddThis Advanced Settings generic via filter on get_the_excerpt --><!-- AddThis Share Buttons generic via filter on get_the_excerpt --><\/p>\n","protected":false},"author":40,"featured_media":0,"comment_status":"open","ping_status":"closed","sticky":false,"template":"","format":"standard","meta":[],"categories":[94,91,1],"tags":[],"_links":{"self":[{"href":"https:\/\/blogs.diariovasco.com\/mirandoalabahia\/wp-json\/wp\/v2\/posts\/871"}],"collection":[{"href":"https:\/\/blogs.diariovasco.com\/mirandoalabahia\/wp-json\/wp\/v2\/posts"}],"about":[{"href":"https:\/\/blogs.diariovasco.com\/mirandoalabahia\/wp-json\/wp\/v2\/types\/post"}],"author":[{"embeddable":true,"href":"https:\/\/blogs.diariovasco.com\/mirandoalabahia\/wp-json\/wp\/v2\/users\/40"}],"replies":[{"embeddable":true,"href":"https:\/\/blogs.diariovasco.com\/mirandoalabahia\/wp-json\/wp\/v2\/comments?post=871"}],"version-history":[{"count":4,"href":"https:\/\/blogs.diariovasco.com\/mirandoalabahia\/wp-json\/wp\/v2\/posts\/871\/revisions"}],"predecessor-version":[{"id":897,"href":"https:\/\/blogs.diariovasco.com\/mirandoalabahia\/wp-json\/wp\/v2\/posts\/871\/revisions\/897"}],"wp:attachment":[{"href":"https:\/\/blogs.diariovasco.com\/mirandoalabahia\/wp-json\/wp\/v2\/media?parent=871"}],"wp:term":[{"taxonomy":"category","embeddable":true,"href":"https:\/\/blogs.diariovasco.com\/mirandoalabahia\/wp-json\/wp\/v2\/categories?post=871"},{"taxonomy":"post_tag","embeddable":true,"href":"https:\/\/blogs.diariovasco.com\/mirandoalabahia\/wp-json\/wp\/v2\/tags?post=871"}],"curies":[{"name":"wp","href":"https:\/\/api.w.org\/{rel}","templated":true}]}}