{"id":974,"date":"2019-01-23T22:16:58","date_gmt":"2019-01-23T21:16:58","guid":{"rendered":"https:\/\/blogs.diariovasco.com\/mirandoalabahia\/?p=974"},"modified":"2019-01-23T22:16:58","modified_gmt":"2019-01-23T21:16:58","slug":"manana-tendremos-otros-nombres","status":"publish","type":"post","link":"https:\/\/blogs.diariovasco.com\/mirandoalabahia\/2019\/01\/23\/manana-tendremos-otros-nombres\/","title":{"rendered":"MA\u00d1ANA TENDREMOS OTROS NOMBRES"},"content":{"rendered":"<div><\/div>\n<div><img loading=\"lazy\" class=\"alignleft size-medium wp-image-975\" src=\"https:\/\/static-blogs.diariovasco.com\/wp-content\/uploads\/sites\/23\/2019\/01\/0-1-3-240x300.jpeg\" alt=\"0-1\" width=\"240\" height=\"300\" srcset=\"https:\/\/static-blogs.diariovasco.com\/wp-content\/uploads\/sites\/23\/2019\/01\/0-1-3-240x300.jpeg 240w, https:\/\/static-blogs.diariovasco.com\/wp-content\/uploads\/sites\/23\/2019\/01\/0-1-3-502x628.jpeg 502w, https:\/\/static-blogs.diariovasco.com\/wp-content\/uploads\/sites\/23\/2019\/01\/0-1-3.jpeg 589w\" sizes=\"(max-width: 240px) 100vw, 240px\" \/>D\u00eda gris, huelga de taxis, se circula algo mejor por Madrid pero el conflicto taxis- vtc no tiene pinta de arreglarse a corto plazo. Todos tienen motivos para sus reivindicaciones, lo malo es cuando estas van acompa\u00f1adas de actos violentos. Ah\u00ed no existe excusa alguna.<\/div>\n<div>Me encamino hacia el grandioso hotel Palace de Madrid. Me asomo al sal\u00f3n principal con su espectacular c\u00fapula y me impresiona como siempre. Hoy se falla la vig\u00e9simo segunda edici\u00f3n del prestigioso Premio Alfaguara 2019. Me encuentro con queridos amigos periodistas y escritores: Juan Jos\u00e9 Mill\u00e1s ( Presidente del jurado) con el humor que le caracteriza. Recomiendo todos sus libros. Estaban tambi\u00e9n, Manuel Vilas ( jurado del premio) cuyo \u00faltimo libro <i>Ordesa<\/i> ( Alfaguara) disfrut\u00e9 y sufr\u00ed enormemente , la escritora Aroa Moreno , la tambi\u00e9n escritora Lara Moreno ( ambas con dos novelas muy recomendables de las que ya he hablado pero volver\u00e9 a recordarlas) Edurne Portela que tiene nuevo libro para Marzo, la periodista venezolana y compa\u00f1era de aventuras que en breve publicar\u00e1 su primera novela La hija del capit\u00e1n ( Lumen) Clara S\u00e1nchez y muchos m\u00e1s&#8230;<\/div>\n<div>Gana el premio el escritor argentino afincado en Espa\u00f1a Patricio Pron con <i>Ma\u00f1ana tendremos otros nombres<\/i>, una novela se sumerge en las formas del amor contempor\u00e1neo, en tiempos de aplicaciones e inestabilidad.<\/div>\n<div>Al final del discurso, Pron, quiso agradecer el premio a su esposa, a tres mujeres de las que ha dicho Pron que ha aprendido mucho y las tres mejores profesionales con las que ha trabajado: Mar\u00eda Carmona, Florencia Ure y Mar\u00eda Casas y a los periodistas que en el \u00faltimo a\u00f1o han perdido su trabajo \u201cporque sin buen periodismo, las instituciones democr\u00e1ticas se deterioran \u201c Pron no ha olvidado a los once periodistas asesinados en M\u00e9xico en el \u00faltimo a\u00f1o y el \u00faltimo agradecimiento y tal vez el m\u00e1s emotivo ha sido para el editor Claudio L\u00f3pez Lamadrid fallecido repentinamente hace unos d\u00edas <i>\u201c por ser el principal valedor de mi trabajo en Espa\u00f1a. Este premio es de Claudio y<\/i> para Claudio.\u201d<\/div>\n<div>Un premio, el Alfaguara, con gran calidad y siempre un homenaje a los libros. Que nunca falten.<\/div>\n<!-- AddThis Advanced Settings generic via filter on the_content --><!-- AddThis Share Buttons generic via filter on the_content -->","protected":false},"excerpt":{"rendered":"<p>D\u00eda gris, huelga de taxis, se circula algo mejor por Madrid pero el conflicto taxis- vtc no tiene pinta de arreglarse a corto plazo. Todos tienen motivos para sus reivindicaciones, lo malo es cuando estas van acompa\u00f1adas de actos violentos. Ah\u00ed no existe excusa alguna. Me encamino hacia el grandioso hotel Palace de Madrid. Me [&hellip;]<!-- AddThis Advanced Settings generic via filter on get_the_excerpt --><!-- AddThis Share Buttons generic via filter on get_the_excerpt --><\/p>\n","protected":false},"author":40,"featured_media":0,"comment_status":"open","ping_status":"closed","sticky":false,"template":"","format":"standard","meta":[],"categories":[1],"tags":[],"_links":{"self":[{"href":"https:\/\/blogs.diariovasco.com\/mirandoalabahia\/wp-json\/wp\/v2\/posts\/974"}],"collection":[{"href":"https:\/\/blogs.diariovasco.com\/mirandoalabahia\/wp-json\/wp\/v2\/posts"}],"about":[{"href":"https:\/\/blogs.diariovasco.com\/mirandoalabahia\/wp-json\/wp\/v2\/types\/post"}],"author":[{"embeddable":true,"href":"https:\/\/blogs.diariovasco.com\/mirandoalabahia\/wp-json\/wp\/v2\/users\/40"}],"replies":[{"embeddable":true,"href":"https:\/\/blogs.diariovasco.com\/mirandoalabahia\/wp-json\/wp\/v2\/comments?post=974"}],"version-history":[{"count":1,"href":"https:\/\/blogs.diariovasco.com\/mirandoalabahia\/wp-json\/wp\/v2\/posts\/974\/revisions"}],"predecessor-version":[{"id":976,"href":"https:\/\/blogs.diariovasco.com\/mirandoalabahia\/wp-json\/wp\/v2\/posts\/974\/revisions\/976"}],"wp:attachment":[{"href":"https:\/\/blogs.diariovasco.com\/mirandoalabahia\/wp-json\/wp\/v2\/media?parent=974"}],"wp:term":[{"taxonomy":"category","embeddable":true,"href":"https:\/\/blogs.diariovasco.com\/mirandoalabahia\/wp-json\/wp\/v2\/categories?post=974"},{"taxonomy":"post_tag","embeddable":true,"href":"https:\/\/blogs.diariovasco.com\/mirandoalabahia\/wp-json\/wp\/v2\/tags?post=974"}],"curies":[{"name":"wp","href":"https:\/\/api.w.org\/{rel}","templated":true}]}}