{"id":1110,"date":"2013-10-24T14:29:44","date_gmt":"2013-10-24T13:29:44","guid":{"rendered":"http:\/\/blogs.diariovasco.com\/mononcle\/?p=1110"},"modified":"2013-10-24T14:29:44","modified_gmt":"2013-10-24T13:29:44","slug":"you-and-me-la-pelicula-ignorada-de-fritz-lang","status":"publish","type":"post","link":"https:\/\/blogs.diariovasco.com\/mononcle\/2013\/10\/24\/you-and-me-la-pelicula-ignorada-de-fritz-lang\/","title":{"rendered":"&#039;You and Me&#039;, la pel\u00edcula ignorada de Fritz Lang"},"content":{"rendered":"<p>Algunas de sus pel\u00edculas mudas hab\u00edan quedado semi perdidas y se han recuperado en los \u00faltimos a\u00f1os, caso de las mudas <strong><em>Harakiri<\/em><\/strong> (1919) y <strong><em>Corazones en lucha<\/em><\/strong> (<em>Vier um die Frau<\/em>,\u00a01921), aparte de las versiones con im\u00e1genes in\u00e9ditas de <em><strong>Metr\u00f3polis<\/strong><\/em> (1927). Pero para los que siempre quisimos completar la filmograf\u00eda de <strong>Fritz Lang<\/strong>, ha sido durante d\u00e9cadas <strong><em>You and Me<\/em><\/strong> (1938) la perseguida y nunca encontrada. Ya pas\u00f3 con <strong><em>House By the River<\/em><\/strong> (1950), tradicionalmente esquiva para el p\u00fablico espa\u00f1ol, pero que los que hemos podido ver siempre la televisi\u00f3n francesa pudimos descubrir hace m\u00e1s de 20 a\u00f1os en el nunca suficientemente ponderado Cin\u00e9ma de Minuit de France 3 (alg\u00fan d\u00eda tenemos que hablar de este programa aqu\u00ed).<\/p>\n<p><a href=\"\/mononcle\/wp-content\/uploads\/sites\/16\/2013\/10\/You-and-Me.jpg\"><img loading=\"lazy\" class=\"alignleft size-medium wp-image-1130\" title=\"You and Me\" src=\"\/mononcle\/wp-content\/uploads\/sites\/16\/2013\/10\/You-and-Me.jpg\" alt=\"\" width=\"300\" height=\"300\" srcset=\"https:\/\/static-blogs.diariovasco.com\/wp-content\/uploads\/sites\/16\/2013\/10\/You-and-Me.jpg 600w, https:\/\/static-blogs.diariovasco.com\/wp-content\/uploads\/sites\/16\/2013\/10\/You-and-Me-150x150.jpg 150w, https:\/\/static-blogs.diariovasco.com\/wp-content\/uploads\/sites\/16\/2013\/10\/You-and-Me-300x300.jpg 300w\" sizes=\"(max-width: 300px) 100vw, 300px\" \/><\/a>Y en Cin\u00e9ma de Minuit pudimos ver tambi\u00e9n hace un par de a\u00f1os (\u00bfo algo m\u00e1s?) <strong><em>You and Me<\/em><\/strong>, que en los \u00faltimos meses ya circula con normalidad en una edici\u00f3n en DVD de Los Imprescindibles de El Corte Ingl\u00e9s, bien editada, y con su libreto escrito por Ram\u00f3n Alfonso. Lo curioso es que <strong><em>You and Me<\/em><\/strong> es una de las pel\u00edculas realizadas en Estados Unidos por <strong>Fritz Lang<\/strong> para un gran estudio, Paramount Pictures y est\u00e1 situada cronol\u00f3gicamente entre alguns de sus mejores y m\u00e1s emblem\u00e1ticas pel\u00edculas americanas, <strong><em>Furia<\/em><\/strong> (1936), <strong><em>S\u00f3lo se vive una vez<\/em><\/strong> (1937), <strong><em>La venganza de Frank James<\/em><\/strong> (1940) y <strong><em>El hombre atrapado<\/em><\/strong> (1941). Pero algunas circunstancias hicieron que ni el propio Fritz Lang tuviera <strong>You and Me<\/strong> en buen concepto, craso error: era un encargo en principio previsto para otro director mucho m\u00e1s convencional, <strong>Richard Wallace,\u00a0<\/strong>aunque tiene pel\u00edculas muy estimables, como <em><strong>Perseguido<\/strong><\/em> (<em>The Fallen Sparrow<\/em>, 1943) y <strong><em>Bombadero<\/em><\/strong> (<em>Bombardier<\/em>, 1943).<\/p>\n<p>Sea como fuere, y aunque la personalidad de Fritz Lang no est\u00e9 en primer plano como en las otras pel\u00edculas, <em><strong>You and Me<\/strong><\/em> no solo no desentona en esa \u00e9poca de su filmograf\u00eda, sino que re\u00fane una serie de puntos afines y divergentes m\u00e1s que singulares. Para empezar, el argumento, situado en unos lujosos grandes almacenes, en los que parte de los empleados son expresidiarios en r\u00e9gimen de reinserci\u00f3n, gracias a la buena voluntad del due\u00f1o de la empresa. As\u00ed, <em><strong>You and Me<\/strong><\/em> se conforma como una extra\u00f1a pero bien conjugada mezcla de cine negro, drama social, melodrama y un cierto <em>look<\/em> por momentos de comedia <em>luxury<\/em> propia de Paramount. Y a\u00fan m\u00e1s: la m\u00fasica es nada menos que de <strong>Kurt Weill<\/strong>, lo que da una conexi\u00f3n al filme con los hallazgos y atrevimientos musicales de <em>La opera de tres peniques<\/em> y su adaptaci\u00f3n al cine por <strong>G. W. Pabst<\/strong>. La mayor aportaci\u00f3n de Weill es una canci\u00f3n que da sustento a la llamativa secuencia inicial, porque luego abandon\u00f3 el proyecto y la m\u00fasica incidental pas\u00f3 a otras manos. Una secuencia ins\u00f3lita para lo que viene despu\u00e9s, o quiz\u00e1s no tanto.<\/p>\n<p><iframe loading=\"lazy\" src=\"\/\/www.youtube.com\/embed\/l7nBGrTqr48\" frameborder=\"0\" width=\"420\" height=\"315\"><\/iframe><\/p>\n<p>Con <strong>George Raft<\/strong> como conexi\u00f3n ic\u00f3nica con los puntos de noir cinema que tiene el filme (un plan para robar en los almacenes desde dentro est\u00e1 en el centro del <em>plot<\/em>), y la dulce <strong>Sylvia Sidney<\/strong> que tanto dio en esos a\u00f1os a <strong>Fritz Lang<\/strong>, conformando un personaje con interesantes dobleces y dilemas morales, <em><strong>You and Me<\/strong><\/em> es una pel\u00edcula m\u00e1s que disfrutable, con rasgos visuales muy <em>noir<\/em> en las composiciones de luces y sombras y en las tipolog\u00edas de los personajes, y algunas de las preocupaciones de Lang en torno al destino y la fatalidad, y la pareja al borde de la ley, diseminadas por la historia. Y, desde luego, no prescindible en la filmograf\u00eda del cineasta vien\u00e9s.<\/p>\n<p><iframe loading=\"lazy\" src=\"\/\/www.youtube.com\/embed\/7kEtIwfJVog\" frameborder=\"0\" width=\"420\" height=\"315\"><\/iframe><\/p>\n<!-- AddThis Advanced Settings generic via filter on the_content --><!-- AddThis Share Buttons generic via filter on the_content -->","protected":false},"excerpt":{"rendered":"<p>Algunas de sus pel\u00edculas mudas hab\u00edan quedado semi perdidas y se han recuperado en los \u00faltimos a\u00f1os, caso de las mudas Harakiri (1919) y Corazones en lucha (Vier um die Frau,\u00a01921), aparte de las versiones con im\u00e1genes in\u00e9ditas de Metr\u00f3polis (1927). Pero para los que siempre quisimos completar la filmograf\u00eda de Fritz Lang, ha sido [&hellip;]<!-- AddThis Advanced Settings generic via filter on get_the_excerpt --><!-- AddThis Share Buttons generic via filter on get_the_excerpt --><\/p>\n","protected":false},"author":30,"featured_media":0,"comment_status":"open","ping_status":"closed","sticky":false,"template":"","format":"standard","meta":[],"categories":[2],"tags":[74,114,145,234],"_links":{"self":[{"href":"https:\/\/blogs.diariovasco.com\/mononcle\/wp-json\/wp\/v2\/posts\/1110"}],"collection":[{"href":"https:\/\/blogs.diariovasco.com\/mononcle\/wp-json\/wp\/v2\/posts"}],"about":[{"href":"https:\/\/blogs.diariovasco.com\/mononcle\/wp-json\/wp\/v2\/types\/post"}],"author":[{"embeddable":true,"href":"https:\/\/blogs.diariovasco.com\/mononcle\/wp-json\/wp\/v2\/users\/30"}],"replies":[{"embeddable":true,"href":"https:\/\/blogs.diariovasco.com\/mononcle\/wp-json\/wp\/v2\/comments?post=1110"}],"version-history":[{"count":0,"href":"https:\/\/blogs.diariovasco.com\/mononcle\/wp-json\/wp\/v2\/posts\/1110\/revisions"}],"wp:attachment":[{"href":"https:\/\/blogs.diariovasco.com\/mononcle\/wp-json\/wp\/v2\/media?parent=1110"}],"wp:term":[{"taxonomy":"category","embeddable":true,"href":"https:\/\/blogs.diariovasco.com\/mononcle\/wp-json\/wp\/v2\/categories?post=1110"},{"taxonomy":"post_tag","embeddable":true,"href":"https:\/\/blogs.diariovasco.com\/mononcle\/wp-json\/wp\/v2\/tags?post=1110"}],"curies":[{"name":"wp","href":"https:\/\/api.w.org\/{rel}","templated":true}]}}