{"id":16,"date":"2010-05-19T02:25:16","date_gmt":"2010-05-19T02:25:16","guid":{"rendered":"http:\/\/blogs.diariovasco.com\/mononcle\/?p=16"},"modified":"2010-05-19T02:25:16","modified_gmt":"2010-05-19T02:25:16","slug":"desde_cannes_con_amour_6_dark_side_of_gl","status":"publish","type":"post","link":"https:\/\/blogs.diariovasco.com\/mononcle\/2010\/05\/19\/desde_cannes_con_amour_6_dark_side_of_gl\/","title":{"rendered":"Desde Cannes con amour (6): Dark Side of glamour"},"content":{"rendered":"<p>Una japonesa que, cinco minutos despu\u00e9s de haber comenzado la proyecci\u00f3n y haber ingerido un bocadillo, suelta un eructo que se escucha en toda la sala. Un hombre cuya halitosis obliga a cambiar de butaca a todo el que cae a su lado. Una se\u00f1ora francesa que cada dos por tres se da la vuelta para hablar con su amiga, situada en la fila de atr\u00e1s. Un chico de aspecto anglosaj\u00f3n que, tras haberse despojado del zapato, acaricia y masajea con toda su mano el calcet\u00edn, con el pie dentro. Una se\u00f1ora de nacionalidad indeterminada que le grita a otra \u201cfuck, fuck\u201d porque le ha quitado la butaca que ella quer\u00eda. Otra se\u00f1ora francesa que suelta un grito en la oscuridad (\u00a1Me ha hecho da\u00f1o!) al ser atropellada por un hombre que hu\u00eda de la pel\u00edcula de Godard. Son algunas de las experiencias vividas estos d\u00edas en las diversas salas de proyecci\u00f3n. El glamour est\u00e1, definitivamente, en otra zona. (En este microrrelato verit\u00e9 no se han contabilizado los efectos arom\u00e1ticos del calor en las axilas o&nbsp; los empujones y pisotones en las colas, por ser incontables).<\/p>\n<!-- AddThis Advanced Settings generic via filter on the_content --><!-- AddThis Share Buttons generic via filter on the_content -->","protected":false},"excerpt":{"rendered":"<p>Una japonesa que, cinco minutos despu\u00e9s de haber comenzado la proyecci\u00f3n y haber ingerido un bocadillo, suelta un eructo que se escucha en toda la sala. Un hombre cuya halitosis obliga a cambiar de butaca a todo el que cae a su lado. Una se\u00f1ora francesa que cada dos por tres se da la vuelta [&hellip;]<!-- AddThis Advanced Settings generic via filter on get_the_excerpt --><!-- AddThis Share Buttons generic via filter on get_the_excerpt --><\/p>\n","protected":false},"author":30,"featured_media":0,"comment_status":"open","ping_status":"closed","sticky":false,"template":"","format":"standard","meta":[],"categories":[2],"tags":[74],"_links":{"self":[{"href":"https:\/\/blogs.diariovasco.com\/mononcle\/wp-json\/wp\/v2\/posts\/16"}],"collection":[{"href":"https:\/\/blogs.diariovasco.com\/mononcle\/wp-json\/wp\/v2\/posts"}],"about":[{"href":"https:\/\/blogs.diariovasco.com\/mononcle\/wp-json\/wp\/v2\/types\/post"}],"author":[{"embeddable":true,"href":"https:\/\/blogs.diariovasco.com\/mononcle\/wp-json\/wp\/v2\/users\/30"}],"replies":[{"embeddable":true,"href":"https:\/\/blogs.diariovasco.com\/mononcle\/wp-json\/wp\/v2\/comments?post=16"}],"version-history":[{"count":0,"href":"https:\/\/blogs.diariovasco.com\/mononcle\/wp-json\/wp\/v2\/posts\/16\/revisions"}],"wp:attachment":[{"href":"https:\/\/blogs.diariovasco.com\/mononcle\/wp-json\/wp\/v2\/media?parent=16"}],"wp:term":[{"taxonomy":"category","embeddable":true,"href":"https:\/\/blogs.diariovasco.com\/mononcle\/wp-json\/wp\/v2\/categories?post=16"},{"taxonomy":"post_tag","embeddable":true,"href":"https:\/\/blogs.diariovasco.com\/mononcle\/wp-json\/wp\/v2\/tags?post=16"}],"curies":[{"name":"wp","href":"https:\/\/api.w.org\/{rel}","templated":true}]}}