{"id":18,"date":"2010-05-19T18:53:35","date_gmt":"2010-05-19T18:53:35","guid":{"rendered":"http:\/\/blogs.diariovasco.com\/mononcle\/?p=18"},"modified":"2010-05-19T18:53:35","modified_gmt":"2010-05-19T18:53:35","slug":"desde_cannes_con_amour_8_cinco_horas_con","status":"publish","type":"post","link":"https:\/\/blogs.diariovasco.com\/mononcle\/2010\/05\/19\/desde_cannes_con_amour_8_cinco_horas_con\/","title":{"rendered":"Desde Cannes con amour (8): Cinco horas con Carlos"},"content":{"rendered":"<p>Cinco horas y 33 minutos. Con un peque\u00f1o intermedio cumplidas las tres horas. Eso es lo que hemos estado con el \u201cCarlos\u201d de Olivier Assayas en el Gran Theatre Lumi\u00e8re. Algunos han desertado a la mitad, pero muchos cientos de personas hemos visto de tir\u00f3n la versi\u00f3n larga (habr\u00e1 otra de dos horas y media) de \u201cCarlos\u201d, incluido el equipo de la pel\u00edcula, a no ser que se hayan ido aprovechando la oscuridad y hayan regresado para escuchar la larga ovaci\u00f3n que se les ha dispensado. Se trata de un pormenorizado seguimiento a las andanzas de Carlos Ram\u00edrez, el esquivo terrorista de origen venezolano que se describe a s\u00ed mismo como \u201cun soldado de nuestra causa\u201d y que durante los a\u00f1os 70 y 80 trabaj\u00f3 primero para el Frente Popular para la Liberaci\u00f3n de Palestina, despu\u00e9s para los sovi\u00e9ticos, y siempre para s\u00ed mismo, a su aire, siguiendo su propia disciplina y salt\u00e1ndose la de aquellos a quienes supuestamente serv\u00eda. Ahora cumple condena por el \u00fanico delito por el que se le ha juzgado de momento, de entre las much\u00edsimas acciones, atentados, secuestros y asesinatos a sangre fr\u00eda en los que particip\u00f3, seg\u00fan va explicando el filme. <\/p>\n<p>Assayas, con producci\u00f3n de Canal+ pero con estilo absolutamente cinematogr\u00e1fico, hace una reconstrucci\u00f3n minuciosa, con una asombrosa producci\u00f3n para reproducir todos los detalles de la \u00e9poca, en mil escenarios internacionales y consiguiendo que no sea excesivo el l\u00edo de personajes, planificaciones, traiciones, peligros, persecuciones, espionajes, exilios y acogidas de un hombre sin patria, sin casa, pero capaz de encontrar una mujer tras otra que est\u00e9 a su lado y alimente su lado gigol\u00f3, incluso paternal. Un hombre pagado de s\u00ed mismo, pero que se cree entregado a los desfavorecidos. El trabajo de Edgar Ram\u00edrez es admirable, apabullante, incluso engordando considerablemente para la \u00faltima parte del filme, cual Robert de Niro. <\/p>\n<p>En sus primeros tiempos anticapitalistas y supuestamente revolucionarios, Carlos parece mirarse en el Che, otro personaje que nos dio hace un par de a\u00f1os una sesi\u00f3n de cuatro horas y media aqu\u00ed en Cannes. Pero \u201cCarlos\u201d es m\u00e1s redonda que la biograf\u00eda sui generis elaborada por Steven Soderbergh. Y Assayas no se corta con su bien conocida afici\u00f3n a la m\u00fasica indie de los 80: suenan Feelies y New Order entre otros\u2026aunque la acci\u00f3n est\u00e9 en los 70.<\/p>\n<!-- AddThis Advanced Settings generic via filter on the_content --><!-- AddThis Share Buttons generic via filter on the_content -->","protected":false},"excerpt":{"rendered":"<p>Cinco horas y 33 minutos. Con un peque\u00f1o intermedio cumplidas las tres horas. Eso es lo que hemos estado con el \u201cCarlos\u201d de Olivier Assayas en el Gran Theatre Lumi\u00e8re. Algunos han desertado a la mitad, pero muchos cientos de personas hemos visto de tir\u00f3n la versi\u00f3n larga (habr\u00e1 otra de dos horas y media) [&hellip;]<!-- AddThis Advanced Settings generic via filter on get_the_excerpt --><!-- AddThis Share Buttons generic via filter on get_the_excerpt --><\/p>\n","protected":false},"author":30,"featured_media":0,"comment_status":"open","ping_status":"closed","sticky":false,"template":"","format":"standard","meta":[],"categories":[2],"tags":[74],"_links":{"self":[{"href":"https:\/\/blogs.diariovasco.com\/mononcle\/wp-json\/wp\/v2\/posts\/18"}],"collection":[{"href":"https:\/\/blogs.diariovasco.com\/mononcle\/wp-json\/wp\/v2\/posts"}],"about":[{"href":"https:\/\/blogs.diariovasco.com\/mononcle\/wp-json\/wp\/v2\/types\/post"}],"author":[{"embeddable":true,"href":"https:\/\/blogs.diariovasco.com\/mononcle\/wp-json\/wp\/v2\/users\/30"}],"replies":[{"embeddable":true,"href":"https:\/\/blogs.diariovasco.com\/mononcle\/wp-json\/wp\/v2\/comments?post=18"}],"version-history":[{"count":0,"href":"https:\/\/blogs.diariovasco.com\/mononcle\/wp-json\/wp\/v2\/posts\/18\/revisions"}],"wp:attachment":[{"href":"https:\/\/blogs.diariovasco.com\/mononcle\/wp-json\/wp\/v2\/media?parent=18"}],"wp:term":[{"taxonomy":"category","embeddable":true,"href":"https:\/\/blogs.diariovasco.com\/mononcle\/wp-json\/wp\/v2\/categories?post=18"},{"taxonomy":"post_tag","embeddable":true,"href":"https:\/\/blogs.diariovasco.com\/mononcle\/wp-json\/wp\/v2\/tags?post=18"}],"curies":[{"name":"wp","href":"https:\/\/api.w.org\/{rel}","templated":true}]}}