{"id":258,"date":"2012-01-09T19:06:24","date_gmt":"2012-01-09T18:06:24","guid":{"rendered":"http:\/\/blogs.diariovasco.com\/mononcle\/?p=258"},"modified":"2012-01-09T19:06:24","modified_gmt":"2012-01-09T18:06:24","slug":"capitan-america-superheroe-del-ano","status":"publish","type":"post","link":"https:\/\/blogs.diariovasco.com\/mononcle\/2012\/01\/09\/capitan-america-superheroe-del-ano\/","title":{"rendered":"Capit\u00e1n Am\u00e9rica, superh\u00e9roe del a\u00f1o"},"content":{"rendered":"<p>Por alguna ineludible circunstancia no llegu\u00e9 a ver en su momento (y eso que ten\u00eda muchas ganas) la pel\u00edcula que ahora, gracias a que tengo cerca reyes sabios y atentos, adem\u00e1s de m\u00e1gicos, he disfrutado un mont\u00f3n. \u2018Capit\u00e1n Am\u00e9rica\u2019 es la pel\u00edcula, que tampoco aparece en las listas de lo mejor del a\u00f1o. Vale, habr\u00e1 otros titulos m\u00e1s propios para pasar a la historia de la producci\u00f3n de 2011, pero si focalizamos en las pel\u00edculas de superh\u00e9roes, \u2018Capit\u00e1n Am\u00e9rica\u2019 es seguramente la mejor de un a\u00f1o plagado de ellos, en competencia solo con \u2018X Men: Primera generaci\u00f3n\u2019.<\/p>\n<p><a href=\"\/mononcle\/wp-content\/uploads\/sites\/16\/2012\/01\/Capitan-america-1.jpg\"><img loading=\"lazy\" class=\"alignleft size-medium wp-image-259\" title=\"Capitan america 1\" src=\"\/mononcle\/wp-content\/uploads\/sites\/16\/2012\/01\/Capitan-america-1.jpg\" alt=\"\" width=\"300\" height=\"221\" srcset=\"https:\/\/static-blogs.diariovasco.com\/wp-content\/uploads\/sites\/16\/2012\/01\/Capitan-america-1.jpg 1844w, https:\/\/static-blogs.diariovasco.com\/wp-content\/uploads\/sites\/16\/2012\/01\/Capitan-america-1-300x221.jpg 300w, https:\/\/static-blogs.diariovasco.com\/wp-content\/uploads\/sites\/16\/2012\/01\/Capitan-america-1-768x566.jpg 768w, https:\/\/static-blogs.diariovasco.com\/wp-content\/uploads\/sites\/16\/2012\/01\/Capitan-america-1-1024x755.jpg 1024w\" sizes=\"(max-width: 300px) 100vw, 300px\" \/><\/a><\/p>\n<p>Tiene esta versi\u00f3n una mezcla perfecta entre el respeto b\u00e1sico al legendario personaje de Marvel (no lo convierte en una parodia), el encanto de las referencias al pasado, y la modernidad de una est\u00e9tica en la que los efectos especiales est\u00e1n al servicio de la historia, y no al rev\u00e9s. Me vinieron enseguida a la mente dos pel\u00edculas de Joe Johnston, \u2018Rocketeer\u2019 y \u2018Cielo de octubre\u2019, que tambi\u00e9n hacen muy buen uso de una cierta est\u00e9tica \u2018vintage\u2019, pero no trascendieron, como no lo ha hecho \u2018Capit\u00e1n Am\u00e9rica\u2019, lamentablemente.<\/p>\n<p><a href=\"\/mononcle\/wp-content\/uploads\/sites\/16\/2012\/01\/Capitan-america-creciendo.jpg\"><img loading=\"lazy\" class=\"alignright size-medium wp-image-260\" title=\"Capitan america creciendo\" src=\"\/mononcle\/wp-content\/uploads\/sites\/16\/2012\/01\/Capitan-america-creciendo.jpg\" alt=\"\" width=\"199\" height=\"300\" srcset=\"https:\/\/static-blogs.diariovasco.com\/wp-content\/uploads\/sites\/16\/2012\/01\/Capitan-america-creciendo.jpg 1363w, https:\/\/static-blogs.diariovasco.com\/wp-content\/uploads\/sites\/16\/2012\/01\/Capitan-america-creciendo-200x300.jpg 200w, https:\/\/static-blogs.diariovasco.com\/wp-content\/uploads\/sites\/16\/2012\/01\/Capitan-america-creciendo-768x1154.jpg 768w, https:\/\/static-blogs.diariovasco.com\/wp-content\/uploads\/sites\/16\/2012\/01\/Capitan-america-creciendo-682x1024.jpg 682w\" sizes=\"(max-width: 199px) 100vw, 199px\" \/><\/a><a href=\"..\/files\/2012\/01\/Capitan-america-creciendo.jpg\"><br \/>\n<\/a><\/p>\n<p>\u2018Capit\u00e1n Am\u00e9rica\u2019 se toma su tiempo l\u00f3gico para crear al superh\u00e9roe, con la gracia de que el mismo actor que dar\u00e1 vida al fornido y musculoso capit\u00e1n, es al principio un flacucho y bajito aspirante a soldado al que rechazan por enclenque. Efectos especiales al servicio de la historia, dec\u00edamos. Luego la pel\u00edcula, que mantiene continuamente una est\u00e9tica alucinante, retrofuturista, en los escenarios, aviones y decorados en general, pasa con toda naturalidad de un g\u00e9nero a otro en lo que se convierte en un homenaje, m\u00e1s discreto y menos ampuloso que el de \u2018The Artist\u2019, a los g\u00e9neros populares de los a\u00f1os 40 y 50: el cine b\u00e9lico, el musical, la aventura y la ciencia-ficci\u00f3n, m\u00e1s los refinados detalles de humor y suspense, que se entrelazan con la naturaleza propia de las historias de superh\u00e9roes. Y adem\u00e1s hay nazis, \u2018mad doctors\u2019 y enmascarados. Y persecuciones trepidantes.<a href=\"\/mononcle\/wp-content\/uploads\/sites\/16\/2012\/01\/Capitan-america-escena.jpg\"><img loading=\"lazy\" class=\"alignleft size-medium wp-image-261\" title=\"Escena de la pel\u00edcula\n\"Capit\u00e1n Am\u00e9rica\"\" src=\"\/mononcle\/wp-content\/uploads\/sites\/16\/2012\/01\/Capitan-america-escena.jpg\" alt=\"\" width=\"300\" height=\"199\" srcset=\"https:\/\/static-blogs.diariovasco.com\/wp-content\/uploads\/sites\/16\/2012\/01\/Capitan-america-escena.jpg 1703w, https:\/\/static-blogs.diariovasco.com\/wp-content\/uploads\/sites\/16\/2012\/01\/Capitan-america-escena-300x200.jpg 300w, https:\/\/static-blogs.diariovasco.com\/wp-content\/uploads\/sites\/16\/2012\/01\/Capitan-america-escena-768x511.jpg 768w, https:\/\/static-blogs.diariovasco.com\/wp-content\/uploads\/sites\/16\/2012\/01\/Capitan-america-escena-1024x681.jpg 1024w\" sizes=\"(max-width: 300px) 100vw, 300px\" \/><\/a><\/p>\n<p>Trufado de apariciones muy notables de actores con carisma, como Stanley Tucci, Toby Jones, Hugo Weaving o Tommy Lee Jones, este \u2018Capit\u00e1n Am\u00e9rica\u2019 merec\u00eda mucho m\u00e1s altos vuelos. Ahora que se ha editado en DVD y Blu-Ray, con limitados extras, es buena excusa para recuperla, y colocarla entre los mayores disfrutes aventureros del 2011.<\/p>\n<p>Y al final, despu\u00e9s de los largu\u00edsimos t\u00edtuos de cr\u00e9dito, una escena oculta nos invita a la siguiente fase: la reuni\u00f3n del Capit\u00e1n Am\u00e9rica con Los Vengadores, prevista para mayo de 2012.<\/p>\n<!-- AddThis Advanced Settings generic via filter on the_content --><!-- AddThis Share Buttons generic via filter on the_content -->","protected":false},"excerpt":{"rendered":"<p>Por alguna ineludible circunstancia no llegu\u00e9 a ver en su momento (y eso que ten\u00eda muchas ganas) la pel\u00edcula que ahora, gracias a que tengo cerca reyes sabios y atentos, adem\u00e1s de m\u00e1gicos, he disfrutado un mont\u00f3n. \u2018Capit\u00e1n Am\u00e9rica\u2019 es la pel\u00edcula, que tampoco aparece en las listas de lo mejor del a\u00f1o. Vale, habr\u00e1 [&hellip;]<!-- AddThis Advanced Settings generic via filter on get_the_excerpt --><!-- AddThis Share Buttons generic via filter on get_the_excerpt --><\/p>\n","protected":false},"author":30,"featured_media":0,"comment_status":"open","ping_status":"closed","sticky":false,"template":"","format":"standard","meta":[],"categories":[2],"tags":[74,114],"_links":{"self":[{"href":"https:\/\/blogs.diariovasco.com\/mononcle\/wp-json\/wp\/v2\/posts\/258"}],"collection":[{"href":"https:\/\/blogs.diariovasco.com\/mononcle\/wp-json\/wp\/v2\/posts"}],"about":[{"href":"https:\/\/blogs.diariovasco.com\/mononcle\/wp-json\/wp\/v2\/types\/post"}],"author":[{"embeddable":true,"href":"https:\/\/blogs.diariovasco.com\/mononcle\/wp-json\/wp\/v2\/users\/30"}],"replies":[{"embeddable":true,"href":"https:\/\/blogs.diariovasco.com\/mononcle\/wp-json\/wp\/v2\/comments?post=258"}],"version-history":[{"count":0,"href":"https:\/\/blogs.diariovasco.com\/mononcle\/wp-json\/wp\/v2\/posts\/258\/revisions"}],"wp:attachment":[{"href":"https:\/\/blogs.diariovasco.com\/mononcle\/wp-json\/wp\/v2\/media?parent=258"}],"wp:term":[{"taxonomy":"category","embeddable":true,"href":"https:\/\/blogs.diariovasco.com\/mononcle\/wp-json\/wp\/v2\/categories?post=258"},{"taxonomy":"post_tag","embeddable":true,"href":"https:\/\/blogs.diariovasco.com\/mononcle\/wp-json\/wp\/v2\/tags?post=258"}],"curies":[{"name":"wp","href":"https:\/\/api.w.org\/{rel}","templated":true}]}}