{"id":293,"date":"2012-02-03T02:44:50","date_gmt":"2012-02-03T01:44:50","guid":{"rendered":"http:\/\/blogs.diariovasco.com\/mononcle\/?p=293"},"modified":"2012-02-03T02:44:50","modified_gmt":"2012-02-03T01:44:50","slug":"el-videoclub-como-novedad","status":"publish","type":"post","link":"https:\/\/blogs.diariovasco.com\/mononcle\/2012\/02\/03\/el-videoclub-como-novedad\/","title":{"rendered":"El videoclub como novedad"},"content":{"rendered":"<p>Han abierto un videoclub en el barrio. Repito: han ABIERTO un videoclub. Bueno, en realidad lo abrieron hace ya un a\u00f1o, y antes hab\u00edan cerrado otro much\u00edsimo m\u00e1s grande, el m\u00edtico Calder\u00f3n. Aun as\u00ed, es noticia a contracorriente. Ah\u00ed est\u00e1, cual flor en el desierto. En lugar estrat\u00e9gico, entre el kiosco, la carnicer\u00eda y la fruter\u00eda. Perfecto. No es muy grande, pero el Videoclub Amara ofrece cine de todo tipo. Palomitero y de qualit\u00e9. Tambi\u00e9n tienen chucher\u00edas, as\u00ed que te puedes ir con los Risketos en una mano y la peli en la otra.<\/p>\n<p><a href=\"\/mononcle\/wp-content\/uploads\/sites\/16\/2012\/02\/IMG_1264.jpg\"><img loading=\"lazy\" class=\"alignleft size-medium wp-image-294\" title=\"IMG_1264\" src=\"\/mononcle\/wp-content\/uploads\/sites\/16\/2012\/02\/IMG_1264.jpg\" alt=\"\" width=\"351\" height=\"286\" srcset=\"https:\/\/static-blogs.diariovasco.com\/wp-content\/uploads\/sites\/16\/2012\/02\/IMG_1264.jpg 1138w, https:\/\/static-blogs.diariovasco.com\/wp-content\/uploads\/sites\/16\/2012\/02\/IMG_1264-300x245.jpg 300w, https:\/\/static-blogs.diariovasco.com\/wp-content\/uploads\/sites\/16\/2012\/02\/IMG_1264-768x628.jpg 768w, https:\/\/static-blogs.diariovasco.com\/wp-content\/uploads\/sites\/16\/2012\/02\/IMG_1264-1024x837.jpg 1024w\" sizes=\"(max-width: 351px) 100vw, 351px\" \/><\/a>As\u00ed que me he hecho socio. A 2,95 las novedades y 1,95 el fondo de cat\u00e1logo, pero te puede salir m\u00e1s barato el alquiler cuantas menos horas tengas en tu poder la pel\u00edcula: por si fuera poco el ampl\u00edsimo horario de apertura (de lunes a domingo, desde la ma\u00f1ana a la noche), puedes usar la tarjeta especial en el expendedor autom\u00e1tico y, de paso que sacas al perro o bajas la basura a la noche, seleccionas tu filme o devuelves el ya visionado.<\/p>\n<p>Regreso al videoclub por pura pr\u00e1ctica. Nada que ver con cierres intern\u00e1uticos ni leyes inminentes, auque supongo que los videoclubs que han sobrevivido tendr\u00e1n la esperanza de que un d\u00eda se les restaure algo de todo lo que la descarga a lo loco les birl\u00f3.<\/p>\n<p>Buscaba \u2018No tengas miedo\u2019. Mir\u00e9 en Filmin pero no estaba. Como apunta Ram\u00f3n Colom en su art\u00edculo en el Fotogramas de marzo, ni las webs de cine en streaming de pago, ni las plataformas digitales de TV, son la panacea: accesos complicados, cat\u00e1logos restringidos, necesidad de tener la conexi\u00f3n de internet junto a la tele (si uno no est\u00e1 dispuesto a ver las pel\u00edculas en el ordenador), versi\u00f3n original no siempre disponible\u2026 siempre se encuentra uno alguna dificultad.<\/p>\n<p>Pero en el videoclub Amara s\u00ed estaba \u2018No tengas miedo\u2019, con su inmaculada calidad visual, y hasta sus extras. Sin la necesidad de estar descargando ni clasificando nada. Con la posibilidad de comentar luego en el videoclub qu\u00e9 te ha parecido y tal. Mirando de reojo al resto de car\u00e1tulas y haciendo planes para pr\u00f3ximas jornadas.<\/p>\n<p><a href=\"\/mononcle\/wp-content\/uploads\/sites\/16\/2012\/02\/IMG_1263.jpg\"><img loading=\"lazy\" class=\"alignleft size-medium wp-image-296\" title=\"IMG_1263\" src=\"\/mononcle\/wp-content\/uploads\/sites\/16\/2012\/02\/IMG_1263.jpg\" alt=\"\" width=\"295\" height=\"435\" srcset=\"https:\/\/static-blogs.diariovasco.com\/wp-content\/uploads\/sites\/16\/2012\/02\/IMG_1263.jpg 769w, https:\/\/static-blogs.diariovasco.com\/wp-content\/uploads\/sites\/16\/2012\/02\/IMG_1263-203x300.jpg 203w, https:\/\/static-blogs.diariovasco.com\/wp-content\/uploads\/sites\/16\/2012\/02\/IMG_1263-768x1133.jpg 768w, https:\/\/static-blogs.diariovasco.com\/wp-content\/uploads\/sites\/16\/2012\/02\/IMG_1263-694x1024.jpg 694w\" sizes=\"(max-width: 295px) 100vw, 295px\" \/><\/a><\/p>\n<p>Sigue habiendo gente que prefiere ir al videoclub. No se ver\u00e1n chavales eligiendo pel\u00edcula para el finde (bueno s\u00ed, alguno que va mirando car\u00e1tulas y apuntando t\u00edtulos, probablemente para descarg\u00e1rselos luego, qu\u00e9 descaro), pero s\u00ed un p\u00fablico variopinto. Y ah\u00ed sigue adelante ese\u00a0 peque\u00f1o videoclub, porque a sus j\u00f3venes due\u00f1os les gusta la f\u00f3rmula y quieren seguir defendi\u00e9ndola cual capitanes en mares procelosos. Ah\u00ed est\u00e1, en el barrio, entre las tiendas de alimentos de primera necesidad. En la puerta anuncian los estrenos para febrero: \u2018El chico de la bicicleta\u2019, \u2018Contagion\u2019, \u2018Crazy Stupid Love\u2019, \u2018One Day\u2019, &#8216;Criadas y se\u00f1oras&#8217;\u2026 Iremos a recuperar algunos t\u00edtulos que no pudimos ver en el cine. Como antes.<\/p>\n<p>Ahora est\u00e1n haciendo un sorteo de un reproductor de Blu-ray entre los que acierten la pel\u00edcula ganadora del Oscar. He votado por \u2018Los descendientes\u2019, por supuesto. Y planean alguna decoraci\u00f3n especial en la fachada, de cara al pr\u00f3ximo carnaval. Este videoclub deber\u00eda ser ahora mismo la envidia de todos los barrios\u2026<\/p>\n<!-- AddThis Advanced Settings generic via filter on the_content --><!-- AddThis Share Buttons generic via filter on the_content -->","protected":false},"excerpt":{"rendered":"<p>Han abierto un videoclub en el barrio. Repito: han ABIERTO un videoclub. Bueno, en realidad lo abrieron hace ya un a\u00f1o, y antes hab\u00edan cerrado otro much\u00edsimo m\u00e1s grande, el m\u00edtico Calder\u00f3n. Aun as\u00ed, es noticia a contracorriente. Ah\u00ed est\u00e1, cual flor en el desierto. En lugar estrat\u00e9gico, entre el kiosco, la carnicer\u00eda y la [&hellip;]<!-- AddThis Advanced Settings generic via filter on get_the_excerpt --><!-- AddThis Share Buttons generic via filter on get_the_excerpt --><\/p>\n","protected":false},"author":30,"featured_media":0,"comment_status":"open","ping_status":"closed","sticky":false,"template":"","format":"standard","meta":[],"categories":[2],"tags":[74,114],"_links":{"self":[{"href":"https:\/\/blogs.diariovasco.com\/mononcle\/wp-json\/wp\/v2\/posts\/293"}],"collection":[{"href":"https:\/\/blogs.diariovasco.com\/mononcle\/wp-json\/wp\/v2\/posts"}],"about":[{"href":"https:\/\/blogs.diariovasco.com\/mononcle\/wp-json\/wp\/v2\/types\/post"}],"author":[{"embeddable":true,"href":"https:\/\/blogs.diariovasco.com\/mononcle\/wp-json\/wp\/v2\/users\/30"}],"replies":[{"embeddable":true,"href":"https:\/\/blogs.diariovasco.com\/mononcle\/wp-json\/wp\/v2\/comments?post=293"}],"version-history":[{"count":0,"href":"https:\/\/blogs.diariovasco.com\/mononcle\/wp-json\/wp\/v2\/posts\/293\/revisions"}],"wp:attachment":[{"href":"https:\/\/blogs.diariovasco.com\/mononcle\/wp-json\/wp\/v2\/media?parent=293"}],"wp:term":[{"taxonomy":"category","embeddable":true,"href":"https:\/\/blogs.diariovasco.com\/mononcle\/wp-json\/wp\/v2\/categories?post=293"},{"taxonomy":"post_tag","embeddable":true,"href":"https:\/\/blogs.diariovasco.com\/mononcle\/wp-json\/wp\/v2\/tags?post=293"}],"curies":[{"name":"wp","href":"https:\/\/api.w.org\/{rel}","templated":true}]}}