{"id":48,"date":"2010-07-28T17:09:52","date_gmt":"2010-07-28T17:09:52","guid":{"rendered":"http:\/\/blogs.diariovasco.com\/mononcle\/?p=48"},"modified":"2010-07-28T17:09:52","modified_gmt":"2010-07-28T17:09:52","slug":"elvis_costello_san_sebastian_1991","status":"publish","type":"post","link":"https:\/\/blogs.diariovasco.com\/mononcle\/2010\/07\/28\/elvis_costello_san_sebastian_1991\/","title":{"rendered":"Elvis Costello, San Sebasti\u00e1n, 1991"},"content":{"rendered":"<p><IMG src=\"\/mononcle\/wp-content\/uploads\/sites\/16\/CostelloenMadriden1991.JPG\" width=\"156\" height=\"221\"><IMG src=\"\/mononcle\/wp-content\/uploads\/sites\/16\" width=\"341\" height=\"154\"><\/p>\n<p>Elvis Costello ya est\u00e1 en los anales (con perd\u00f3n) de la m\u00fasica en San Sebasti\u00e1n, con sus dos gloriosas actuaciones en el Jazzaldia. Pero habr\u00eda que recordar tambi\u00e9n la primera de sus tres visitas, cuando en 1991 actu\u00f3 en el Polideportivo da Anoeta. Fue concretamente el 27 de julio de 1991 (qu\u00e9 casualidad las tres actuaciones han sido en la \u00faltima semana de julio).<\/p>\n<p>Para los que hab\u00edamos seguido a Costello desde sus comienzos, m\u00e1s o menos, poder verlo en directo era un sue\u00f1o aplazado durante demasiado tiempo. Uno de esos <i>dreamers <\/i>era I\u00f1igo Argomaniz que, ya como promotor de conciertos, se dio el lujo de traerlo al Polideportivo de Anoeta, para disfrutarlo como un fan. Aunque tambi\u00e9n con desaz\u00f3n: apenas consigui\u00f3 vender mil entradas, y perdi\u00f3 dinero. <\/p>\n<p>Costello acababa de publicar uno de sus mejores discos (casi todos lo son, en realidad), \u2018Mighty Like A Rose\u2019. Y vino con la banda que lo grab\u00f3, los Rude 5, y que s\u00f3lo dur\u00f3 esa gira. En ella estaba el enorme guitarrista Marc Ribot, responsable en parte del sonido de los mejores discos de Tom Waits (\u2018Rain Dogs\u2019) y que luego tambi\u00e9n ha visitado varias veces bajo su propio nombre el Jazzaldia.<\/p>\n<p>Costello ven\u00eda con un cambio de look que nos dej\u00f3 asombrados: repentinamente gordo, melenudo y barbudo, en la l\u00ednea <i>clochard<\/i> del Joaquin Phoenix del a\u00f1o pasado. A pesar de que el Polideportivo se ve\u00eda algo desangelado con un tercio de entrada, y de que Costello no estaba en una \u00e9poca tan dicharachera y feliz como la actual, fue un concierto espl\u00e9ndido, que comenz\u00f3 con la tormentosa \u2018Tokyo Storm Warning\u2019 y a todo gas desde el minuto uno, como siempre.<\/p>\n<p>Recuerdo un estremecedor \u2018I Want You\u2019 de cortar la respiraci\u00f3n, una deliciosa \u2018Veronica\u2019, un \u2018Red Shoes\u2019 muy distinto al que hizo hace unos d\u00edas en la Trini, una mezcla de \u2018Let Him Dangle\u2019 con \u2018Watching the Detectives\u2019 y una versi\u00f3n del \u2018Don\u2019t Let Me Be Misunderstood\u2019 popularizado por Eric Burdon, que Costello ya hab\u00eda grabado un tiempo antes. En medio, Marc Ribot con sus punteos dislocados y apasionantes. Y un final apote\u00f3sico, con cuatro bises, cuatro, y una traca final que incluy\u00f3 \u2018Oliver\u2019s Army\u2019, \u2018Peace and Love and Understanding\u2019, \u2018Alison\u2019 y \u2018Pump It Up\u2019. Costello, siempre grande.<\/p>\n<p>La foto, de Bernardo Corral, es del concierto de Madrid en la misma gira.<\/p>\n<!-- AddThis Advanced Settings generic via filter on the_content --><!-- AddThis Share Buttons generic via filter on the_content -->","protected":false},"excerpt":{"rendered":"<p>Elvis Costello ya est\u00e1 en los anales (con perd\u00f3n) de la m\u00fasica en San Sebasti\u00e1n, con sus dos gloriosas actuaciones en el Jazzaldia. Pero habr\u00eda que recordar tambi\u00e9n la primera de sus tres visitas, cuando en 1991 actu\u00f3 en el Polideportivo da Anoeta. Fue concretamente el 27 de julio de 1991 (qu\u00e9 casualidad las tres [&hellip;]<!-- AddThis Advanced Settings generic via filter on get_the_excerpt --><!-- AddThis Share Buttons generic via filter on get_the_excerpt --><\/p>\n","protected":false},"author":30,"featured_media":0,"comment_status":"open","ping_status":"closed","sticky":false,"template":"","format":"standard","meta":[],"categories":[2],"tags":[74],"_links":{"self":[{"href":"https:\/\/blogs.diariovasco.com\/mononcle\/wp-json\/wp\/v2\/posts\/48"}],"collection":[{"href":"https:\/\/blogs.diariovasco.com\/mononcle\/wp-json\/wp\/v2\/posts"}],"about":[{"href":"https:\/\/blogs.diariovasco.com\/mononcle\/wp-json\/wp\/v2\/types\/post"}],"author":[{"embeddable":true,"href":"https:\/\/blogs.diariovasco.com\/mononcle\/wp-json\/wp\/v2\/users\/30"}],"replies":[{"embeddable":true,"href":"https:\/\/blogs.diariovasco.com\/mononcle\/wp-json\/wp\/v2\/comments?post=48"}],"version-history":[{"count":0,"href":"https:\/\/blogs.diariovasco.com\/mononcle\/wp-json\/wp\/v2\/posts\/48\/revisions"}],"wp:attachment":[{"href":"https:\/\/blogs.diariovasco.com\/mononcle\/wp-json\/wp\/v2\/media?parent=48"}],"wp:term":[{"taxonomy":"category","embeddable":true,"href":"https:\/\/blogs.diariovasco.com\/mononcle\/wp-json\/wp\/v2\/categories?post=48"},{"taxonomy":"post_tag","embeddable":true,"href":"https:\/\/blogs.diariovasco.com\/mononcle\/wp-json\/wp\/v2\/tags?post=48"}],"curies":[{"name":"wp","href":"https:\/\/api.w.org\/{rel}","templated":true}]}}