{"id":559,"date":"2012-07-09T01:26:25","date_gmt":"2012-07-09T00:26:25","guid":{"rendered":"http:\/\/blogs.diariovasco.com\/mononcle\/?p=559"},"modified":"2012-07-09T01:26:25","modified_gmt":"2012-07-09T00:26:25","slug":"el-imprescindible-regreso-de-cristina-lliso","status":"publish","type":"post","link":"https:\/\/blogs.diariovasco.com\/mononcle\/2012\/07\/09\/el-imprescindible-regreso-de-cristina-lliso\/","title":{"rendered":"El imprescindible regreso de Cristina Lliso"},"content":{"rendered":"<p>Dudo que se grabe en lo que resta de a\u00f1o, en la m\u00fasica espa\u00f1ola, una canci\u00f3n m\u00e1s bonita que <em>En otro mundo<\/em>. Una canci\u00f3n que huele a cl\u00e1sico imperecedero, que tiene tanto de tradici\u00f3n de la gran canci\u00f3n sudamericana de hondura dram\u00e1tica, como de aliento c\u00e1lido de ahora mismo. Resulta tremendamente emocionante ese consejo, ese arrope que <strong>Cristina Lliso<\/strong> ofrece a alg\u00fan alma perdida, a cualquiera que quiera escucharle, a tantos que lo necesitar\u00e1n. Deber\u00eda Cristina Lliso sonar por doquier, podr\u00eda gustar a muchas almas m\u00ednimamente sensibles que hay por ah\u00ed, con su discreci\u00f3n, con su mesura, con su elegancia, pero&#8230; Si fuera gala toda Francia estar\u00edan celebrando que acaba de publicar un nuevo disco, y que es espl\u00e9ndido, y saldr\u00eda en la TF1 o en la 3, porque all\u00ed cuida a sus cantantes de siempre, a las imprescindibles, y las veneran como merecen.<\/p>\n<p>La mujer que con <strong>Esclarecidos<\/strong> estableci\u00f3 una forma absolutamente personal y diferente de cantar y poetizar, haciendo de lo cotidiano extraordinario, y viceversa, la misma que pudo hacer canciones emocionantes entonando conceptos tan inusuales <a href=\"\/mononcle\/wp-content\/uploads\/sites\/16\/2012\/07\/Cristina-Lliso.jpg\"><img loading=\"lazy\" class=\"alignleft size-medium wp-image-560\" title=\"Cristina Lliso\" src=\"\/mononcle\/wp-content\/uploads\/sites\/16\/2012\/07\/Cristina-Lliso.jpg\" alt=\"\" width=\"300\" height=\"268\" srcset=\"https:\/\/static-blogs.diariovasco.com\/wp-content\/uploads\/sites\/16\/2012\/07\/Cristina-Lliso.jpg 600w, https:\/\/static-blogs.diariovasco.com\/wp-content\/uploads\/sites\/16\/2012\/07\/Cristina-Lliso-300x268.jpg 300w\" sizes=\"(max-width: 300px) 100vw, 300px\" \/><\/a>como <em>Arponera<\/em>, <em>Por amor al comercio<\/em> o <em>Miles, Miles, Miles<\/em> (en referencia a Miles Davis), llevaba 14 a\u00f1os sin grabar un disco. Prefiri\u00f3 dedicarse a sus hijos, supongo que el mundo de la m\u00fasica no ofrec\u00eda ya muchos alicientes. Pero ahora que ha publicado <em><strong>Si alguna vez<\/strong><\/em> da rabia ese silencio: cu\u00e1ntas canciones extraordinarias podr\u00eda haber grabado en ese tiempo. Es igual, la existencia de <em><strong>Si alguna vez<\/strong><\/em> lo justifica todo y solo cabe disfrutar del que muy bien pueda ser el disco del a\u00f1o en la m\u00fasica espa\u00f1ola.<\/p>\n<p><strong>Cristina Lliso<\/strong> canta con la misma claridad que siempre, pero a\u00fan con mayor sencillez, con una pureza que debe haberle otorgado la edad. A diferencia de su anterior y ef\u00edmero proyecto <strong>Lliso<\/strong>, ambicioso y engolado coqueteando con la electr\u00f3nica y la vanguardia, <strong>Si alguna vez<\/strong> es pura naturalidad y cercan\u00eda. Con su nombre y apellido, tal cual. Con un acompa\u00f1amiento tan sencillo como preciso, en el que su fiel escudero musical Suso Saiz se ha dejado de rebuscamientos y le ha procurado unos arreglos perfectos en su discreci\u00f3n, especialmente brillantes en los coros y en esas guitarras cristalinas.<\/p>\n<p><strong>Rock De Lux<\/strong> estren\u00f3 el disco en su web y ah\u00ed se puede escuchar entero, aunque creo que <strong>Si alguna vez<\/strong> es uno de esos discos que conviene tener cerca, f\u00edsicamente a mano. La canci\u00f3n <em>Mira la luna<\/em> se ha escogido para el videoclip, es para m\u00ed de las tres mejores del disco, aunque superadas por la sublime <em>En otro mundo<\/em> y <em>Hola, amor<\/em>, con letra de <strong>Alfonso P\u00e9rez<\/strong>, marido de Cristina, bater\u00eda en <strong>Esclarecidos<\/strong>, y alma mater de GASA, el legendario sello madrile\u00f1o desde el inicio de la Movida, que es el que publica el disco.<\/p>\n<p><a href=\"  http:\/\/www.rockdelux.com\/audio-video\/p\/cristina-lliso-si-alguna-vez.html\">Escuchar aqu\u00ed el disco entero<\/a><\/p>\n<p><iframe loading=\"lazy\" src=\"\/\/www.youtube.com\/embed\/N0YAwJqvftc\" frameborder=\"0\" width=\"560\" height=\"315\"><\/iframe><\/p>\n<!-- AddThis Advanced Settings generic via filter on the_content --><!-- AddThis Share Buttons generic via filter on the_content -->","protected":false},"excerpt":{"rendered":"<p>Dudo que se grabe en lo que resta de a\u00f1o, en la m\u00fasica espa\u00f1ola, una canci\u00f3n m\u00e1s bonita que En otro mundo. Una canci\u00f3n que huele a cl\u00e1sico imperecedero, que tiene tanto de tradici\u00f3n de la gran canci\u00f3n sudamericana de hondura dram\u00e1tica, como de aliento c\u00e1lido de ahora mismo. Resulta tremendamente emocionante ese consejo, ese [&hellip;]<!-- AddThis Advanced Settings generic via filter on get_the_excerpt --><!-- AddThis Share Buttons generic via filter on get_the_excerpt --><\/p>\n","protected":false},"author":30,"featured_media":0,"comment_status":"open","ping_status":"closed","sticky":false,"template":"","format":"standard","meta":[],"categories":[5],"tags":[],"_links":{"self":[{"href":"https:\/\/blogs.diariovasco.com\/mononcle\/wp-json\/wp\/v2\/posts\/559"}],"collection":[{"href":"https:\/\/blogs.diariovasco.com\/mononcle\/wp-json\/wp\/v2\/posts"}],"about":[{"href":"https:\/\/blogs.diariovasco.com\/mononcle\/wp-json\/wp\/v2\/types\/post"}],"author":[{"embeddable":true,"href":"https:\/\/blogs.diariovasco.com\/mononcle\/wp-json\/wp\/v2\/users\/30"}],"replies":[{"embeddable":true,"href":"https:\/\/blogs.diariovasco.com\/mononcle\/wp-json\/wp\/v2\/comments?post=559"}],"version-history":[{"count":0,"href":"https:\/\/blogs.diariovasco.com\/mononcle\/wp-json\/wp\/v2\/posts\/559\/revisions"}],"wp:attachment":[{"href":"https:\/\/blogs.diariovasco.com\/mononcle\/wp-json\/wp\/v2\/media?parent=559"}],"wp:term":[{"taxonomy":"category","embeddable":true,"href":"https:\/\/blogs.diariovasco.com\/mononcle\/wp-json\/wp\/v2\/categories?post=559"},{"taxonomy":"post_tag","embeddable":true,"href":"https:\/\/blogs.diariovasco.com\/mononcle\/wp-json\/wp\/v2\/tags?post=559"}],"curies":[{"name":"wp","href":"https:\/\/api.w.org\/{rel}","templated":true}]}}