{"id":949,"date":"2013-04-30T01:10:19","date_gmt":"2013-04-30T00:10:19","guid":{"rendered":"http:\/\/blogs.diariovasco.com\/mononcle\/?p=949"},"modified":"2013-04-30T01:10:19","modified_gmt":"2013-04-30T00:10:19","slug":"atlantida-film-festival-3-la-juventud-de-los-ilusos-tambien-existe","status":"publish","type":"post","link":"https:\/\/blogs.diariovasco.com\/mononcle\/2013\/04\/30\/atlantida-film-festival-3-la-juventud-de-los-ilusos-tambien-existe\/","title":{"rendered":"La juventud de &#039;Los ilusos&#039; tambi\u00e9n existe \/\/ Atl\u00e1ntida Film Festival (3)"},"content":{"rendered":"<p>Fue la clausura del ya clausurado Atl\u00e1ntida Film Festival y aunque a\u00fan tenemos que hablar aqu\u00ed de otras pel\u00edculas que hemos visto en ese certamen virtual pero muy real y oportuno, vamos con <strong><em>Los ilusos<\/em><\/strong> de <strong>Jon\u00e1s Trueba<\/strong>, entre otras cosas porque el director estar\u00e1 en persona, y literalmente traer\u00e1 su pel\u00edcula bajo el brazo, en los cines Trueba de San Sebasti\u00e1n el pr\u00f3ximo 9 de mayo, dentro de las muy enriquecedoras y cin\u00e9filas sesiones de Los Jueves del Trueba.<\/p>\n<p>Dice <strong>Jon\u00e1s Trueba<\/strong> que s\u00f3lo ha hecho una copia de <strong><em>Los ilusos<\/em><\/strong>, porque la va a ir presentando en persona por las ciudades, mim\u00e1ndola, explicando sus porqu\u00e9s. Ya hizo algo as\u00ed <strong>Leon Siminiani<\/strong> con <strong><em>Mapa<\/em><\/strong>, <a href=\"\/mononcle\/wp-content\/uploads\/sites\/16\/2013\/04\/Los_ilusos.jpg\"><img loading=\"lazy\" class=\"alignleft  wp-image-950\" title=\"Los_ilusos\" src=\"\/mononcle\/wp-content\/uploads\/sites\/16\/2013\/04\/Los_ilusos.jpg\" alt=\"\" width=\"329\" height=\"463\" \/><\/a>que tambi\u00e9n estuvo en el Trueba, aunque esta se iba quedando all\u00e1 donde se presentaba, al menos durante una semana. <strong><em>Los ilusos<\/em><\/strong> no es que sea m\u00e1s fr\u00e1gil o minoritaria, pero s\u00ed m\u00e1s cin\u00e9fila, a\u00fan. O sea, cin\u00e9fila por todas sus referencias, pero no s\u00f3lo para cin\u00e9filos de oraci\u00f3n y misa: al fin y al cabo habla del amor, de la juventud, de la ilusi\u00f3n por hacer cosas, de lo tonto e importante que puede ser un momento de charla con un amigo en un bar, del azar y la extra\u00f1eza de la vida misma, de un libro&#8230; O sea, cosa muy normales para cualquiera.<\/p>\n<p>Ya estaba en <strong><em>Todas las canciones hablan de m\u00ed<\/em><\/strong>, el anterior largometraje de <strong>Jon\u00e1s Trueba<\/strong>, esa pasi\u00f3n por el cine con una actitud especial, directamente heredada no solo de la Nouvelle Vague, sino de la forma en que vivi\u00f3 y hered\u00f3 la Nouvelle Vague la generaci\u00f3n de su padre y posteriores hasta llegar a la propia. Como en <strong><em>Todas las canciones hablan de m\u00ed<\/em><\/strong>, si no fuera por los m\u00f3viles y alg\u00fan otro detalle rabiosamente contempor\u00e1neo, <strong><em>Los ilusos<\/em><\/strong> podr\u00edan pertenecer a los a\u00f1os 60 o al menos busca una est\u00e9tica c\u00f3mplice con esa \u00e9poca y ese esp\u00edritu. Pero al mismo tiempo, <em><strong>Los ilusos<\/strong><\/em> habla de una juventud perfectamente actual, que existe, aunque no sea la juventud ni las actitudes que se ponen como ejemplo o estandarte en los foros y las est\u00e9ticas que pretenden venderse como rabiosamente modernos.<\/p>\n<p>Pero, s\u00ed, <strong><em>Los ilusos<\/em><\/strong> es cine de guerrilla de ayer y de hoy, en cuanto a coger una c\u00e1mara y ponerse a rodar, una pel\u00edcula imperfecta y deslavazada porque lo es su propia naturaleza, pero cargada de viveza, melancol\u00eda, curiosidad, humor y un atractivo punto de pedanter\u00eda, a veces autoir\u00f3nica. Una pel\u00edcula hecha por el placer de filmar, pero no hecha al tun t\u00fan, con un protagonista, <strong>Francesco Carril<\/strong>, que parece dar continuidad generacional a la cadena iniciada por <strong>Jean <\/strong><a href=\"\/mononcle\/wp-content\/uploads\/sites\/16\/2013\/04\/losilusos90_bn.jpg\"><img loading=\"lazy\" class=\"alignleft  wp-image-951\" title=\"losilusos90_bn\" src=\"\/mononcle\/wp-content\/uploads\/sites\/16\/2013\/04\/losilusos90_bn.jpg\" alt=\"\" width=\"365\" height=\"242\" \/><\/a><strong>Pierre Leaud<\/strong> con <strong>Fran\u00e7ois Truffaut<\/strong> y ampliada por <strong>Oscar Ladoire<\/strong> y <strong>Fernando Trueba<\/strong>: no es casualidad que una de las \u00faltimas escenas tenga lugar en una boca de metro, aunque no la misma en la que se iniciaba <strong><em>Opera Prima<\/em><\/strong>, y que <strong><em>Los ilusos<\/em><\/strong> est\u00e9 dedicada a su director: el esp\u00edritu de esos amigos, <strong>Fernando Trueba, Antonio Resines, Fernando Colomo, Ladoire<\/strong>, que dieron frescura y modernidad al cine de la Transici\u00f3n, reaparece, de otra manera y acorde a la realidad de hoy, y adem\u00e1s con arreglo a unos presupuestos est\u00e9ticos, y hasta morales, que entroncan con un cine espa\u00f1ol que est\u00e1 creciendo en los m\u00e1rgenes en los \u00faltimos a\u00f1os, y que hace cine desde dentro del cine para hablar de cuestiones m\u00e1s o menos universales: el amor, la b\u00fasqueda de uno mismo, la amistad, el desconcierto, la ilusi\u00f3n y la desilusi\u00f3n&#8230;<\/p>\n<p>Hay un momento en <em><strong>Los ilusos<\/strong><\/em> en que se suceden fachadas de cines de Madrid. Desde que se rod\u00f3 la pel\u00edcula, hace unos meses, supongo, esas im\u00e1genes han adquirido a\u00fan m\u00e1s significado, por la debacle que parece cernirse sobre ellos. Entre la melancol\u00eda y un <em>no nos mover\u00e1n<\/em> subliminal, expresado <a href=\"\/mononcle\/wp-content\/uploads\/sites\/16\/2013\/04\/Los-ilusos-tienda-videos.jpg\"><img loading=\"lazy\" class=\"alignleft  wp-image-953\" title=\"Exif_JPEG_PICTURE\" src=\"\/mononcle\/wp-content\/uploads\/sites\/16\/2013\/04\/Los-ilusos-tienda-videos.jpg\" alt=\"\" width=\"365\" height=\"273\" srcset=\"https:\/\/static-blogs.diariovasco.com\/wp-content\/uploads\/sites\/16\/2013\/04\/Los-ilusos-tienda-videos.jpg 1000w, https:\/\/static-blogs.diariovasco.com\/wp-content\/uploads\/sites\/16\/2013\/04\/Los-ilusos-tienda-videos-300x225.jpg 300w, https:\/\/static-blogs.diariovasco.com\/wp-content\/uploads\/sites\/16\/2013\/04\/Los-ilusos-tienda-videos-768x576.jpg 768w\" sizes=\"(max-width: 365px) 100vw, 365px\" \/><\/a>de manera el\u00edptica pero rotunda, la pel\u00edcula simplemente se apodera de un tiempo y un lugar sin guion previo, con la improvisaci\u00f3n y el devenir de la vida por montera, pero encontrando una congruencia en la calidez narrativa y la iron\u00eda, con momentos tan regocijantes como el de la tienda de v\u00eddeos y la colecci\u00f3n de VHS con pel\u00edculas inecontrables; im\u00e1genes tan inexplicablemente poderosas como la de los tres j\u00f3venes atravesando la plaza Mayor vac\u00eda al amanecer (y que, no s\u00e9 muy bien por qu\u00e9, veo como una r\u00e9plica <em>de baj\u00f3n<\/em> a la de los protagonistas de <em><strong>Bande \u00e1 part<\/strong><\/em> corriendo por el interior del Louvre); el plano de la chica cuando aparece el r\u00f3tulo de &#8220;La fugitiva&#8221; (uno de los cap\u00edtulos en que est\u00e1 dividida la pel\u00edcula); el uso de la banda sonora de <em>La gran ilusi\u00f3n<\/em> en ese otro plano del camarero saliendo del bar, mientras el protagonista lee el libro sobre el suicidio que buscaba; o, finalmente, ese inesperado y subyugante intermedio con <strong>El Hijo<\/strong> interpretando entera la larga y hermosa <strong><em>Cabalgar<\/em><\/strong> que, si no sonara inevitablemente cursi, dir\u00edamos que es un momento m\u00e1gico dentro de la pel\u00edcula. Menci\u00f3n aparte para las siempre desconcertantes y regocijantes apariciones de <strong>Javier Rebollo<\/strong>. Desperdigadas o no, hay muchas cosas atractivas dentro de Los ilusos. Tanto como para que apetezca verla de nuevo, o por vez primera, el jueves 9 en el Trueba.<\/p>\n<p><iframe loading=\"lazy\" src=\"\/\/player.vimeo.com\/video\/61965040\" frameborder=\"0\" width=\"500\" height=\"281\"><\/iframe><\/p>\n<p>&nbsp;<\/p>\n<!-- AddThis Advanced Settings generic via filter on the_content --><!-- AddThis Share Buttons generic via filter on the_content -->","protected":false},"excerpt":{"rendered":"<p>Fue la clausura del ya clausurado Atl\u00e1ntida Film Festival y aunque a\u00fan tenemos que hablar aqu\u00ed de otras pel\u00edculas que hemos visto en ese certamen virtual pero muy real y oportuno, vamos con Los ilusos de Jon\u00e1s Trueba, entre otras cosas porque el director estar\u00e1 en persona, y literalmente traer\u00e1 su pel\u00edcula bajo el brazo, [&hellip;]<!-- AddThis Advanced Settings generic via filter on get_the_excerpt --><!-- AddThis Share Buttons generic via filter on get_the_excerpt --><\/p>\n","protected":false},"author":30,"featured_media":0,"comment_status":"open","ping_status":"closed","sticky":false,"template":"","format":"standard","meta":[],"categories":[2],"tags":[20,74,117,132,134,186,233,261,409],"_links":{"self":[{"href":"https:\/\/blogs.diariovasco.com\/mononcle\/wp-json\/wp\/v2\/posts\/949"}],"collection":[{"href":"https:\/\/blogs.diariovasco.com\/mononcle\/wp-json\/wp\/v2\/posts"}],"about":[{"href":"https:\/\/blogs.diariovasco.com\/mononcle\/wp-json\/wp\/v2\/types\/post"}],"author":[{"embeddable":true,"href":"https:\/\/blogs.diariovasco.com\/mononcle\/wp-json\/wp\/v2\/users\/30"}],"replies":[{"embeddable":true,"href":"https:\/\/blogs.diariovasco.com\/mononcle\/wp-json\/wp\/v2\/comments?post=949"}],"version-history":[{"count":0,"href":"https:\/\/blogs.diariovasco.com\/mononcle\/wp-json\/wp\/v2\/posts\/949\/revisions"}],"wp:attachment":[{"href":"https:\/\/blogs.diariovasco.com\/mononcle\/wp-json\/wp\/v2\/media?parent=949"}],"wp:term":[{"taxonomy":"category","embeddable":true,"href":"https:\/\/blogs.diariovasco.com\/mononcle\/wp-json\/wp\/v2\/categories?post=949"},{"taxonomy":"post_tag","embeddable":true,"href":"https:\/\/blogs.diariovasco.com\/mononcle\/wp-json\/wp\/v2\/tags?post=949"}],"curies":[{"name":"wp","href":"https:\/\/api.w.org\/{rel}","templated":true}]}}