{"id":108,"date":"2017-03-08T10:30:56","date_gmt":"2017-03-08T09:30:56","guid":{"rendered":"http:\/\/blogs.diariovasco.com\/motor\/?p=108"},"modified":"2017-03-08T10:30:56","modified_gmt":"2017-03-08T09:30:56","slug":"peugeot-3008-coche-del-ano-en-europa","status":"publish","type":"post","link":"https:\/\/blogs.diariovasco.com\/motor\/2017\/03\/08\/peugeot-3008-coche-del-ano-en-europa\/","title":{"rendered":"Peugeot 3008, \u2018Coche del a\u00f1o en Europa\u2019"},"content":{"rendered":"<p><a href=\"\/motor\/wp-content\/uploads\/sites\/9\/2017\/02\/peugeot_3008_jpg.jpg\"><img loading=\"lazy\" class=\"aligncenter size-medium wp-image-118\" title=\"peugeot_3008_jpg\" src=\"\/motor\/wp-content\/uploads\/sites\/9\/2017\/02\/peugeot_3008_jpg.jpg\" alt=\"\" width=\"300\" height=\"225\" srcset=\"https:\/\/static-blogs.diariovasco.com\/wp-content\/uploads\/sites\/9\/2017\/02\/peugeot_3008_jpg.jpg 640w, https:\/\/static-blogs.diariovasco.com\/wp-content\/uploads\/sites\/9\/2017\/02\/peugeot_3008_jpg-300x225.jpg 300w\" sizes=\"(max-width: 300px) 100vw, 300px\" \/><\/a><a href=\"\/motor\/wp-content\/uploads\/sites\/9\/2017\/02\/peugeot_3008gtline_layout7-1.23068.6.jpg\"><img loading=\"lazy\" class=\"aligncenter size-full wp-image-116\" title=\"peugeot_3008gtline_layout7-1.23068.6\" src=\"\/motor\/wp-content\/uploads\/sites\/9\/2017\/02\/peugeot_3008gtline_layout7-1.23068.6.jpg\" alt=\"\" width=\"293\" height=\"200\" \/><\/a><a href=\"\/motor\/wp-content\/uploads\/sites\/9\/2017\/02\/peugeot-3008.jpg\"><img loading=\"lazy\" class=\"alignleft size-medium wp-image-115\" title=\"peugeot-3008\" src=\"\/motor\/wp-content\/uploads\/sites\/9\/2017\/02\/peugeot-3008.jpg\" alt=\"\" width=\"300\" height=\"168\" srcset=\"https:\/\/static-blogs.diariovasco.com\/wp-content\/uploads\/sites\/9\/2017\/02\/peugeot-3008.jpg 315w, https:\/\/static-blogs.diariovasco.com\/wp-content\/uploads\/sites\/9\/2017\/02\/peugeot-3008-300x169.jpg 300w\" sizes=\"(max-width: 300px) 100vw, 300px\" \/><\/a><\/p>\n<p>&nbsp;<\/p>\n<p>&nbsp;<\/p>\n<p>&nbsp;<\/p>\n<p>&nbsp;<\/p>\n<p>&nbsp;<\/p>\n<p>Finalmente, y despu\u00e9s de la selecci\u00f3n llevada a cabo a finales del mes de noviembre y de la que quedaron siete finalistas, el Peugeot 3008 se ha hecho con este prestigioso galard\u00f3n que se entreg\u00f3 recientemente en Ginebra. El \u2018Coche del A\u00f1os en Europa\u2019 comenz\u00f3 su trayectoria all\u00e1 por el a\u00f1o 1964.<br \/>\nEl todocamino franc\u00e9s cosech\u00f3 un total de 319 puntos y le acompa\u00f1aron en el podio las berlinas Alfa Romeo Giulia (296 puntos) y el Mercedes-Benz Clase E (197 puntos). Para los seis jurados espa\u00f1oles, el todocamino franc\u00e9s tambi\u00e9n fue el m\u00e1s votado, con 50 puntos, si bien su segunda elecci\u00f3n fue para el Citro\u00ebn C3, con 26 apoyos y la tercera para el Nissan Micra con 22.<br \/>\nEs la quinta vez que la marca del Grupo PSA logra este reconocimiento. Antes, lo hab\u00eda hecho con el 504 (en 1969); el 405 (a\u00f1o 1988); el 307 (en 2002) y hace tres a\u00f1os, con el 308 cuya plataforma modular EMP2 es tambi\u00e9n la base del 3008.<br \/>\nEn total, 58 periodistas especializados, seis de ellos espa\u00f1oles, fueron los que votaron.<br \/>\nEn cuanto al coche ganador, los miembros del jurado valoraron aspectos como su dise\u00f1o singular y el revolucionario puesto de conducci\u00f3n i-cockpit de segunda generaci\u00f3n. Tambi\u00e9n la notoria carga tecnol\u00f3gica que aporta, tanto en el apartado del confort como de la seguridad. O su buena relaci\u00f3n entre precio y valor. Por \u00faltimo, no hay que olvidar que pertenece al tipo de coche -los todocaminos medianos- cuya demanda es m\u00e1s pujante en Europa y en el mundo.<\/p>\n<!-- AddThis Advanced Settings generic via filter on the_content --><!-- AddThis Share Buttons generic via filter on the_content -->","protected":false},"excerpt":{"rendered":"<p>&nbsp; &nbsp; &nbsp; &nbsp; &nbsp; Finalmente, y despu\u00e9s de la selecci\u00f3n llevada a cabo a finales del mes de noviembre y de la que quedaron siete finalistas, el Peugeot 3008 se ha hecho con este prestigioso galard\u00f3n que se entreg\u00f3 recientemente en Ginebra. El \u2018Coche del A\u00f1os en Europa\u2019 comenz\u00f3 su trayectoria all\u00e1 por el [&hellip;]<!-- AddThis Advanced Settings generic via filter on get_the_excerpt --><!-- AddThis Share Buttons generic via filter on get_the_excerpt --><\/p>\n","protected":false},"author":20,"featured_media":116,"comment_status":"open","ping_status":"closed","sticky":false,"template":"","format":"standard","meta":[],"categories":[3],"tags":[],"_links":{"self":[{"href":"https:\/\/blogs.diariovasco.com\/motor\/wp-json\/wp\/v2\/posts\/108"}],"collection":[{"href":"https:\/\/blogs.diariovasco.com\/motor\/wp-json\/wp\/v2\/posts"}],"about":[{"href":"https:\/\/blogs.diariovasco.com\/motor\/wp-json\/wp\/v2\/types\/post"}],"author":[{"embeddable":true,"href":"https:\/\/blogs.diariovasco.com\/motor\/wp-json\/wp\/v2\/users\/20"}],"replies":[{"embeddable":true,"href":"https:\/\/blogs.diariovasco.com\/motor\/wp-json\/wp\/v2\/comments?post=108"}],"version-history":[{"count":0,"href":"https:\/\/blogs.diariovasco.com\/motor\/wp-json\/wp\/v2\/posts\/108\/revisions"}],"wp:featuredmedia":[{"embeddable":true,"href":"https:\/\/blogs.diariovasco.com\/motor\/wp-json\/wp\/v2\/media\/116"}],"wp:attachment":[{"href":"https:\/\/blogs.diariovasco.com\/motor\/wp-json\/wp\/v2\/media?parent=108"}],"wp:term":[{"taxonomy":"category","embeddable":true,"href":"https:\/\/blogs.diariovasco.com\/motor\/wp-json\/wp\/v2\/categories?post=108"},{"taxonomy":"post_tag","embeddable":true,"href":"https:\/\/blogs.diariovasco.com\/motor\/wp-json\/wp\/v2\/tags?post=108"}],"curies":[{"name":"wp","href":"https:\/\/api.w.org\/{rel}","templated":true}]}}